{"id":119665,"date":"2020-11-07T07:07:53","date_gmt":"2020-11-07T10:07:53","guid":{"rendered":"http:\/\/www.hoymercedes.com.ar\/principal\/?p=119665"},"modified":"2020-11-07T19:00:48","modified_gmt":"2020-11-07T22:00:48","slug":"fortalecen-proyectos-de-desarrollo-social","status":"publish","type":"post","link":"https:\/\/www.hoymercedes.com.ar\/principal\/2020\/11\/07\/fortalecen-proyectos-de-desarrollo-social\/","title":{"rendered":"Fortalecen  proyectos de desarrollo social"},"content":{"rendered":"\n<p>El Jefe Comunal Juan Ignacio Usatarroz y los funcionarios del \u00e1rea de Desarrollo Social recibieron al Subsecretario de Derechos para la Ni\u00f1ez, Adolescencia y Familia del Ministerio de Desarrollo Social de la Naci\u00f3n, Mariano Luongo, y su equipo, con quienes se vienen llevando adelante pol\u00edticas de ni\u00f1ez en la ciudad. \u00a0<\/p>\n\n\n\n<div class=\"wp-block-image\"><figure class=\"aligncenter size-large\"><img loading=\"lazy\" decoding=\"async\" width=\"800\" height=\"450\" data-attachment-id=\"119667\" data-permalink=\"https:\/\/www.hoymercedes.com.ar\/principal\/2020\/11\/07\/fortalecen-proyectos-de-desarrollo-social\/07-muni-social\/#main\" data-orig-file=\"https:\/\/www.hoymercedes.com.ar\/principal\/wp-content\/uploads\/2020\/11\/07-muni-social.jpg\" data-orig-size=\"800,450\" data-comments-opened=\"0\" data-image-meta=\"{&quot;aperture&quot;:&quot;0&quot;,&quot;credit&quot;:&quot;&quot;,&quot;camera&quot;:&quot;&quot;,&quot;caption&quot;:&quot;&quot;,&quot;created_timestamp&quot;:&quot;0&quot;,&quot;copyright&quot;:&quot;&quot;,&quot;focal_length&quot;:&quot;0&quot;,&quot;iso&quot;:&quot;0&quot;,&quot;shutter_speed&quot;:&quot;0&quot;,&quot;title&quot;:&quot;&quot;,&quot;orientation&quot;:&quot;0&quot;}\" data-image-title=\"07 muni social\" data-image-description=\"\" data-image-caption=\"\" data-large-file=\"https:\/\/www.hoymercedes.com.ar\/principal\/wp-content\/uploads\/2020\/11\/07-muni-social.jpg\" src=\"https:\/\/www.hoymercedes.com.ar\/principal\/wp-content\/uploads\/2020\/11\/07-muni-social.jpg\" alt=\"\" class=\"wp-image-119667\" srcset=\"https:\/\/www.hoymercedes.com.ar\/principal\/wp-content\/uploads\/2020\/11\/07-muni-social.jpg 800w, https:\/\/www.hoymercedes.com.ar\/principal\/wp-content\/uploads\/2020\/11\/07-muni-social-630x354.jpg 630w, https:\/\/www.hoymercedes.com.ar\/principal\/wp-content\/uploads\/2020\/11\/07-muni-social-150x84.jpg 150w\" sizes=\"auto, (max-width: 800px) 100vw, 800px\" \/><\/figure><\/div>\n\n\n\n<p>Jorgelina Silva, secretaria de desarrollo social municipal, cont\u00f3 que la visita del funcionario nacional permitir\u00e1 \u00abfortalecer\u00bb los proyectos en los que se vienen trabajando desde el \u00e1rea. Por su parte, Luongo destac\u00f3 la pol\u00edtica local para embarazadas y beb\u00e9s reci\u00e9n nacidos y adelant\u00f3 que la visita le permitir\u00e1 planificar las acci\u00f3n para el 2021. <\/p>\n\n\n\n<p>Estuvieron tambi\u00e9n presentes la Directora de Ni\u00f1ez y Adolescencia, Lic. Gabriela Olivella y el responsable del CDR local, Nicol\u00e1s Zeballos por parte del equipo comunal y Alejandra Shanahan , Directora Nacional de promoci\u00f3n y protecci\u00f3n integral, Marcelo Gonz\u00e1lez, Coordinador de los espacios Colonia y Adriana Morbelli, Coordinadora general de espacios de promoci\u00f3n de derechos. \u00a0<\/p>\n","protected":false},"excerpt":{"rendered":"<p>El Jefe Comunal Juan Ignacio Usatarroz y los funcionarios del \u00e1rea de Desarrollo Social recibieron al Subsecretario de Derechos para &#8230; <a title=\"Fortalecen  proyectos de desarrollo social\" class=\"read-more\" href=\"https:\/\/www.hoymercedes.com.ar\/principal\/2020\/11\/07\/fortalecen-proyectos-de-desarrollo-social\/\" aria-label=\"Leer m\u00e1s sobre Fortalecen  proyectos de desarrollo social\">Leer m\u00e1s<\/a><\/p>\n","protected":false},"author":1,"featured_media":119667,"comment_status":"closed","ping_status":"open","sticky":false,"template":"","format":"standard","meta":{"_monsterinsights_skip_tracking":false,"_monsterinsights_sitenote_active":false,"_monsterinsights_sitenote_note":"","_monsterinsights_sitenote_category":0,"jetpack_post_was_ever_published":false,"_jetpack_newsletter_access":"","_jetpack_dont_email_post_to_subs":false,"_jetpack_newsletter_tier_id":0,"_jetpack_memberships_contains_paywalled_content":false,"_jetpack_memberships_contains_paid_content":false,"footnotes":"","jetpack_publicize_message":"","jetpack_publicize_feature_enabled":true,"jetpack_social_post_already_shared":true,"jetpack_social_options":{"image_generator_settings":{"template":"highway","default_image_id":0,"font":"","enabled":false},"version":2},"_wpas_customize_per_network":false},"categories":[30],"tags":[870,244],"class_list":["post-119665","post","type-post","status-publish","format-standard","has-post-thumbnail","hentry","category-municipio","tag-desarrollo-social","tag-municipio-2","generate-columns","tablet-grid-50","mobile-grid-100","grid-parent","grid-50"],"jetpack_publicize_connections":[],"jetpack_featured_media_url":"https:\/\/www.hoymercedes.com.ar\/principal\/wp-content\/uploads\/2020\/11\/07-muni-social.jpg","wps_subtitle":"Reuni\u00f3n Municipio y Naci\u00f3n","jetpack_sharing_enabled":true,"_links":{"self":[{"href":"https:\/\/www.hoymercedes.com.ar\/principal\/wp-json\/wp\/v2\/posts\/119665","targetHints":{"allow":["GET"]}}],"collection":[{"href":"https:\/\/www.hoymercedes.com.ar\/principal\/wp-json\/wp\/v2\/posts"}],"about":[{"href":"https:\/\/www.hoymercedes.com.ar\/principal\/wp-json\/wp\/v2\/types\/post"}],"author":[{"embeddable":true,"href":"https:\/\/www.hoymercedes.com.ar\/principal\/wp-json\/wp\/v2\/users\/1"}],"replies":[{"embeddable":true,"href":"https:\/\/www.hoymercedes.com.ar\/principal\/wp-json\/wp\/v2\/comments?post=119665"}],"version-history":[{"count":0,"href":"https:\/\/www.hoymercedes.com.ar\/principal\/wp-json\/wp\/v2\/posts\/119665\/revisions"}],"wp:featuredmedia":[{"embeddable":true,"href":"https:\/\/www.hoymercedes.com.ar\/principal\/wp-json\/wp\/v2\/media\/119667"}],"wp:attachment":[{"href":"https:\/\/www.hoymercedes.com.ar\/principal\/wp-json\/wp\/v2\/media?parent=119665"}],"wp:term":[{"taxonomy":"category","embeddable":true,"href":"https:\/\/www.hoymercedes.com.ar\/principal\/wp-json\/wp\/v2\/categories?post=119665"},{"taxonomy":"post_tag","embeddable":true,"href":"https:\/\/www.hoymercedes.com.ar\/principal\/wp-json\/wp\/v2\/tags?post=119665"}],"curies":[{"name":"wp","href":"https:\/\/api.w.org\/{rel}","templated":true}]}}