{"id":119668,"date":"2020-11-06T19:34:25","date_gmt":"2020-11-06T22:34:25","guid":{"rendered":"http:\/\/www.hoymercedes.com.ar\/principal\/?p=119668"},"modified":"2020-11-07T12:39:12","modified_gmt":"2020-11-07T15:39:12","slug":"acto-por-los-200-anos-del-primer-izamiento-de-la-bandera-en-malvinas","status":"publish","type":"post","link":"https:\/\/www.hoymercedes.com.ar\/principal\/2020\/11\/06\/acto-por-los-200-anos-del-primer-izamiento-de-la-bandera-en-malvinas\/","title":{"rendered":"Acto por los 200 a\u00f1os del primer izamiento de la bandera en Malvinas"},"content":{"rendered":"\n<p>El ministro del Interior, Wado de Pedro, particip\u00f3 hoy de los actos por el Bicentenario del primer izamiento de la bandera argentina en las Islas Malvinas, que fueron encabezados por el presidente Alberto Fern\u00e1ndez, y remarc\u00f3 que el Gobierno seguir\u00e1 \u201cpeleando orgulloso y firme hasta que se haga justicia y se termine la ocupaci\u00f3n de las Malvinas\u201d.<\/p>\n\n\n\n<div class=\"wp-block-image\"><figure class=\"aligncenter size-large\"><img loading=\"lazy\" decoding=\"async\" width=\"800\" height=\"533\" data-attachment-id=\"119671\" data-permalink=\"https:\/\/www.hoymercedes.com.ar\/principal\/2020\/11\/06\/acto-por-los-200-anos-del-primer-izamiento-de-la-bandera-en-malvinas\/06-wado2\/#main\" data-orig-file=\"https:\/\/www.hoymercedes.com.ar\/principal\/wp-content\/uploads\/2020\/11\/06-wado2.jpeg\" data-orig-size=\"800,533\" data-comments-opened=\"0\" data-image-meta=\"{&quot;aperture&quot;:&quot;0&quot;,&quot;credit&quot;:&quot;&quot;,&quot;camera&quot;:&quot;&quot;,&quot;caption&quot;:&quot;&quot;,&quot;created_timestamp&quot;:&quot;0&quot;,&quot;copyright&quot;:&quot;&quot;,&quot;focal_length&quot;:&quot;0&quot;,&quot;iso&quot;:&quot;0&quot;,&quot;shutter_speed&quot;:&quot;0&quot;,&quot;title&quot;:&quot;&quot;,&quot;orientation&quot;:&quot;0&quot;}\" data-image-title=\"06 wado2\" data-image-description=\"\" data-image-caption=\"\" data-large-file=\"https:\/\/www.hoymercedes.com.ar\/principal\/wp-content\/uploads\/2020\/11\/06-wado2.jpeg\" src=\"https:\/\/www.hoymercedes.com.ar\/principal\/wp-content\/uploads\/2020\/11\/06-wado2.jpeg\" alt=\"\" class=\"wp-image-119671\" srcset=\"https:\/\/www.hoymercedes.com.ar\/principal\/wp-content\/uploads\/2020\/11\/06-wado2.jpeg 800w, https:\/\/www.hoymercedes.com.ar\/principal\/wp-content\/uploads\/2020\/11\/06-wado2-630x420.jpeg 630w, https:\/\/www.hoymercedes.com.ar\/principal\/wp-content\/uploads\/2020\/11\/06-wado2-150x100.jpeg 150w, https:\/\/www.hoymercedes.com.ar\/principal\/wp-content\/uploads\/2020\/11\/06-wado2-700x465.jpeg 700w\" sizes=\"auto, (max-width: 800px) 100vw, 800px\" \/><\/figure><\/div>\n\n\n\n<p>El ministro de Pedro comparti\u00f3 junto con el intendente del municipio de Malvinas Argentinas, Leonardo Nardini, el izamiento de la bandera nacional que se realiz\u00f3 en el Museo de Ex Combatientes de Malvinas de ese distrito bonaerense y desde all\u00ed siguieron el acto central que el Presidente encabez\u00f3 en la Quinta de Olivos.<\/p>\n\n\n\n<p>\u201cTodav\u00eda la sociedad argentina no les realiz\u00f3 a los Veteranos de Malvinas y a sus familias el reconocimiento que deber\u00edan haber tenido. Sigo trabajando para que alguna vez Argentina les haga un recibimiento hist\u00f3rico a ellos, como se merecen. As\u00ed que en este bicentenario podemos comenzar a trabajar para, como hicieron N\u00e9stor y Cristina y tambi\u00e9n como piensa el Presidente, terminar de reparar aquellas cuentas pendientes que hay en nuestra historia\u201d, resalt\u00f3 de Pedro luego de pedir \u201cun minuto de aplausos\u201d para los veteranos y ca\u00eddos en Malvinas.<\/p>\n\n\n\n<p>En ese marco, el ministro particip\u00f3 tambi\u00e9n del descubrimiento de una placa en la entrada del edificio municipal en homenaje a los Veteranos de guerra y destac\u00f3 el discurso del Presidente en la \u00faltima Asamblea General de la Organizaci\u00f3n de las Naciones Unidas (ONU).<\/p>\n\n\n\n<p>\u201cDebemos aplicar de una vez por todas la resoluci\u00f3n 2.065 de la ONU en donde queda claro que la posici\u00f3n de Gran Breta\u00f1a en las Islas Malvinas tiene que ver con una posici\u00f3n colonial\u201d, recalc\u00f3.<\/p>\n\n\n\n<p>Por su parte, Nardini pidi\u00f3 \u201cseguir sembrando conciencia colectiva para que las generaciones que vienen no se olviden de los que han dejado la vida en las islas para defender el territorio nacional\u201d y abog\u00f3 por \u201ctransmitir desde la paz y desde la diplomacia el reclamo genuino que tenemos sobre nuestras queridas islas\u201d.<\/p>\n\n\n\n<p>Tambi\u00e9n participaron del acto el secretario de Municipios del Ministerio del Interior, Avelino Zurro; el secretario de Asuntos Internacionales para la Defensa del Ministerio de Defensa, Francisco Cafiero; la ministra de Gobierno de la provincia de Buenos Aires, Teresa Garc\u00eda; el subsecretario de Asuntos Municipales bonaerense, Santiago R\u00e9vora; y el senador provincial Luis Vivona.<\/p>\n\n\n\n<p>Fuente: Prensa Municipio de Mercedes<\/p>\n\n\n\n<div class=\"wp-block-image\"><figure class=\"aligncenter size-large\"><img loading=\"lazy\" decoding=\"async\" width=\"800\" height=\"533\" data-attachment-id=\"119670\" data-permalink=\"https:\/\/www.hoymercedes.com.ar\/principal\/2020\/11\/06\/acto-por-los-200-anos-del-primer-izamiento-de-la-bandera-en-malvinas\/06-wado\/#main\" data-orig-file=\"https:\/\/www.hoymercedes.com.ar\/principal\/wp-content\/uploads\/2020\/11\/06-wado.jpeg\" data-orig-size=\"800,533\" data-comments-opened=\"0\" data-image-meta=\"{&quot;aperture&quot;:&quot;0&quot;,&quot;credit&quot;:&quot;&quot;,&quot;camera&quot;:&quot;&quot;,&quot;caption&quot;:&quot;&quot;,&quot;created_timestamp&quot;:&quot;0&quot;,&quot;copyright&quot;:&quot;&quot;,&quot;focal_length&quot;:&quot;0&quot;,&quot;iso&quot;:&quot;0&quot;,&quot;shutter_speed&quot;:&quot;0&quot;,&quot;title&quot;:&quot;&quot;,&quot;orientation&quot;:&quot;0&quot;}\" data-image-title=\"06 wado\" data-image-description=\"\" data-image-caption=\"\" data-large-file=\"https:\/\/www.hoymercedes.com.ar\/principal\/wp-content\/uploads\/2020\/11\/06-wado.jpeg\" src=\"https:\/\/www.hoymercedes.com.ar\/principal\/wp-content\/uploads\/2020\/11\/06-wado.jpeg\" alt=\"\" class=\"wp-image-119670\" srcset=\"https:\/\/www.hoymercedes.com.ar\/principal\/wp-content\/uploads\/2020\/11\/06-wado.jpeg 800w, https:\/\/www.hoymercedes.com.ar\/principal\/wp-content\/uploads\/2020\/11\/06-wado-630x420.jpeg 630w, https:\/\/www.hoymercedes.com.ar\/principal\/wp-content\/uploads\/2020\/11\/06-wado-150x100.jpeg 150w, https:\/\/www.hoymercedes.com.ar\/principal\/wp-content\/uploads\/2020\/11\/06-wado-700x465.jpeg 700w\" sizes=\"auto, (max-width: 800px) 100vw, 800px\" \/><\/figure><\/div>\n","protected":false},"excerpt":{"rendered":"<p>El ministro del Interior, Wado de Pedro, particip\u00f3 hoy de los actos por el Bicentenario del primer izamiento de la &#8230; <a title=\"Acto por los 200 a\u00f1os del primer izamiento de la bandera en Malvinas\" class=\"read-more\" href=\"https:\/\/www.hoymercedes.com.ar\/principal\/2020\/11\/06\/acto-por-los-200-anos-del-primer-izamiento-de-la-bandera-en-malvinas\/\" aria-label=\"Leer m\u00e1s sobre Acto por los 200 a\u00f1os del primer izamiento de la bandera en Malvinas\">Leer m\u00e1s<\/a><\/p>\n","protected":false},"author":1,"featured_media":119670,"comment_status":"closed","ping_status":"open","sticky":false,"template":"","format":"standard","meta":{"_monsterinsights_skip_tracking":false,"_monsterinsights_sitenote_active":false,"_monsterinsights_sitenote_note":"","_monsterinsights_sitenote_category":0,"jetpack_post_was_ever_published":false,"_jetpack_newsletter_access":"","_jetpack_dont_email_post_to_subs":false,"_jetpack_newsletter_tier_id":0,"_jetpack_memberships_contains_paywalled_content":false,"_jetpack_memberships_contains_paid_content":false,"footnotes":"","jetpack_publicize_message":"","jetpack_publicize_feature_enabled":true,"jetpack_social_post_already_shared":true,"jetpack_social_options":{"image_generator_settings":{"template":"highway","default_image_id":0,"font":"","enabled":false},"version":2},"_wpas_customize_per_network":false},"categories":[17182],"tags":[8829,17258,185],"class_list":["post-119668","post","type-post","status-publish","format-standard","has-post-thumbnail","hentry","category-nacion","tag-aniversario","tag-izamiento-de-bandera","tag-nacion","generate-columns","tablet-grid-50","mobile-grid-100","grid-parent","grid-50"],"jetpack_publicize_connections":[],"jetpack_featured_media_url":"https:\/\/www.hoymercedes.com.ar\/principal\/wp-content\/uploads\/2020\/11\/06-wado.jpeg","wps_subtitle":"Encabezado por el Ministro De Pedro","jetpack_sharing_enabled":true,"_links":{"self":[{"href":"https:\/\/www.hoymercedes.com.ar\/principal\/wp-json\/wp\/v2\/posts\/119668","targetHints":{"allow":["GET"]}}],"collection":[{"href":"https:\/\/www.hoymercedes.com.ar\/principal\/wp-json\/wp\/v2\/posts"}],"about":[{"href":"https:\/\/www.hoymercedes.com.ar\/principal\/wp-json\/wp\/v2\/types\/post"}],"author":[{"embeddable":true,"href":"https:\/\/www.hoymercedes.com.ar\/principal\/wp-json\/wp\/v2\/users\/1"}],"replies":[{"embeddable":true,"href":"https:\/\/www.hoymercedes.com.ar\/principal\/wp-json\/wp\/v2\/comments?post=119668"}],"version-history":[{"count":0,"href":"https:\/\/www.hoymercedes.com.ar\/principal\/wp-json\/wp\/v2\/posts\/119668\/revisions"}],"wp:featuredmedia":[{"embeddable":true,"href":"https:\/\/www.hoymercedes.com.ar\/principal\/wp-json\/wp\/v2\/media\/119670"}],"wp:attachment":[{"href":"https:\/\/www.hoymercedes.com.ar\/principal\/wp-json\/wp\/v2\/media?parent=119668"}],"wp:term":[{"taxonomy":"category","embeddable":true,"href":"https:\/\/www.hoymercedes.com.ar\/principal\/wp-json\/wp\/v2\/categories?post=119668"},{"taxonomy":"post_tag","embeddable":true,"href":"https:\/\/www.hoymercedes.com.ar\/principal\/wp-json\/wp\/v2\/tags?post=119668"}],"curies":[{"name":"wp","href":"https:\/\/api.w.org\/{rel}","templated":true}]}}