{"id":119669,"date":"2020-11-06T22:23:21","date_gmt":"2020-11-07T01:23:21","guid":{"rendered":"http:\/\/www.hoymercedes.com.ar\/principal\/?p=119669"},"modified":"2020-11-07T13:27:28","modified_gmt":"2020-11-07T16:27:28","slug":"pandemia-amba-del-aspo-al-dispo","status":"publish","type":"post","link":"https:\/\/www.hoymercedes.com.ar\/principal\/2020\/11\/06\/pandemia-amba-del-aspo-al-dispo\/","title":{"rendered":"Pandemia: AMBA del ASPO al DISPO"},"content":{"rendered":"\n<p>A trav\u00e9s de una exposici\u00f3n medi\u00e1tica, el presidente  Alberto Fern\u00e1ndez hizo el anuncio acompa\u00f1ado por Gin\u00e9s Garc\u00eda Gonz\u00e1lez y Carla Vizzotti. Resalt\u00f3 el descenso de los casos positivos de covid-19 en la regi\u00f3n metropolitana. Las medidas anunciadas regir\u00e1n hasta el 29 de noviembre. <\/p>\n\n\n\n<div class=\"wp-block-image\"><figure class=\"aligncenter size-large\"><img loading=\"lazy\" decoding=\"async\" width=\"800\" height=\"450\" data-attachment-id=\"119689\" data-permalink=\"https:\/\/www.hoymercedes.com.ar\/principal\/2020\/11\/06\/pandemia-amba-del-aspo-al-dispo\/06-nacion-dispo\/#main\" data-orig-file=\"https:\/\/www.hoymercedes.com.ar\/principal\/wp-content\/uploads\/2020\/11\/06-nacion-dispo.jpg\" data-orig-size=\"800,450\" data-comments-opened=\"0\" data-image-meta=\"{&quot;aperture&quot;:&quot;0&quot;,&quot;credit&quot;:&quot;&quot;,&quot;camera&quot;:&quot;&quot;,&quot;caption&quot;:&quot;&quot;,&quot;created_timestamp&quot;:&quot;0&quot;,&quot;copyright&quot;:&quot;&quot;,&quot;focal_length&quot;:&quot;0&quot;,&quot;iso&quot;:&quot;0&quot;,&quot;shutter_speed&quot;:&quot;0&quot;,&quot;title&quot;:&quot;&quot;,&quot;orientation&quot;:&quot;0&quot;}\" data-image-title=\"06 nacion dispo\" data-image-description=\"\" data-image-caption=\"\" data-large-file=\"https:\/\/www.hoymercedes.com.ar\/principal\/wp-content\/uploads\/2020\/11\/06-nacion-dispo.jpg\" src=\"https:\/\/www.hoymercedes.com.ar\/principal\/wp-content\/uploads\/2020\/11\/06-nacion-dispo.jpg\" alt=\"\" class=\"wp-image-119689\" srcset=\"https:\/\/www.hoymercedes.com.ar\/principal\/wp-content\/uploads\/2020\/11\/06-nacion-dispo.jpg 800w, https:\/\/www.hoymercedes.com.ar\/principal\/wp-content\/uploads\/2020\/11\/06-nacion-dispo-630x354.jpg 630w, https:\/\/www.hoymercedes.com.ar\/principal\/wp-content\/uploads\/2020\/11\/06-nacion-dispo-150x84.jpg 150w\" sizes=\"auto, (max-width: 800px) 100vw, 800px\" \/><\/figure><\/div>\n\n\n\n<p>\u00abEmpezamos a amesetar la curva de contagios y que empiece a ceder en muchos lugares. Eso nos da relativa tranquilidad. Cumplir las pautas sanitarias seguramente pueda ayudarnos a conseguir los objetivos. Esto que pas\u00f3 en gran parte del interior es algo que viene sucediendo en el \u00e1rea metropolitana de buenos aires hace ocho semanas. Hoy la cantidad de casos en menos de la mitad de lo que era hace ocho semanas. Las medidas que anunciamos van a regir hasta el 29 de noviembre\u00bb, resumi\u00f3 el Presidente. <\/p>\n\n\n\n<p>Luego detallaron la decisi\u00f3n gubernamental sobre la pandemia de SARS-cov2  para el pa\u00eds:<\/p>\n\n\n\n<p><span style=\"text-decoration: underline;\">ASPO en diez provincias<\/span>: \u00abEn aquellas provincias donde los contagios siguieron estables o aumentando seguimos manteniendo las condiciones que hemos impuesto. Y buscamos restringir la circulaci\u00f3n. En departamentos de diez provincias contin\u00faa el ASPO. Vamos redoblar los esfuerzos tratando de detectar los focos de contagios, los contactos estrechos, para tratar de evitar que el virus siga adelante. En Europa hay una segunda ola, la mutaci\u00f3n permite al virus contagiar con m\u00e1s velocidad\u00bb.<\/p>\n\n\n\n<p><span style=\"text-decoration: underline;\">DISPO en AMBA<\/span>: \u00abNosotros fuimos generando aperturas, la vida fue avanzando en materia de circulaci\u00f3n. Llevamos ocho semanas seguidas de baja de contagios. Hemos decidido que el AMBA, la \u00fanica zona que se ha mantenido en ASPO, pase a Distanciamiento Social Preventivo y Obligatorio. Eso no quiere decir que el problema se ha solucionado. Pasar a distanciamiento no dista mucho de lo que es hoy: fuimos abriendo actividades, eso gener\u00f3 un contacto mayor. Lo que autoriza es que se pueda circular sin autorizaci\u00f3n que hoy se requiere. El transporte de pasajeros seguir\u00e1 al servicio de los que realizan actividades esenciales. En los servicios de transporte es donde m\u00e1s f\u00e1cilmente se generan situaciones de contagio\u00bb.<\/p>\n\n\n\n<p><span style=\"text-decoration: underline;\">Actividades restringidas y cuidados en AMBA<\/span>: \u00abToda actividad que suponga aglomeraci\u00f3n de gente en lugares cerrados va a seguir prohibida. Los lugares de esparcimiento como bares y restaurantes solo podr\u00e1n funcionar en la modalidad que la autoridad local disponga. Hoy a la ma\u00f1ana tuvimos una larga charla los tres, nos sentimos satisfechos sobre el trabajo realizado. Hemos logrado que ning\u00fan porte\u00f1o, ning\u00fan bonaerense del Gran Buenos Aires se haya visto obligado a carecer de atenci\u00f3n m\u00e9dica por insuficiencia del sistema. Para nosotros es una tranquilidad. El problema a\u00fan contin\u00faa y debemos mantener los cuidados: guardar la distancia, usar el barbijo, lavar nuestras manos\u00bb.<\/p>\n\n\n\n<p><span style=\"text-decoration: underline;\">Pautas de cuidado, adultos mayores:<\/span> \u00abEste mejor tiempo lamentablemente no alcanza a todo el pa\u00eds. Hay diez provincias que tienen regiones que siguen exigiendo ese aislamiento sanitario. Hasta ahora no se conoce otra salida que el aislamiento para prevenir el contagio. Les pido a todos el cuidado particular y no olvidar que el problema sigue en pie. Los adultos mayores son los que m\u00e1s riesgo corren. En la ciudad de Buenos Aires m\u00e1s de un tercio de la poblaci\u00f3n son adultos mayores. El promedio de los decesos ocurridos ronda en la edad de 74 a\u00f1os, m\u00e1s del 82% da este resultado. A ellos les pido que dupliquen los cuidados\u00bb<\/p>\n\n\n\n<p><span style=\"text-decoration: underline;\">Vacuna, comunicaci\u00f3n con el Presidente de Rusia<\/span>: \u00abNecesitamos empezar a prepararnos para la vacuna. Esta ma\u00f1ana tuve una charla telef\u00f3nica extensa con el presidente de la Federaci\u00f3n Rusa, Vladimir Putin. Hablamos de todo, le dedicamos un rato muy largo a hablar sobre la vacuna Sputnik V. Estamos trabajando con el fondo soberano de Rusia, para llegar a un acuerdo de Estado a Estado para la provisi\u00f3n de vacunas. Estamos trabajando online, con los estudios de la Fase 3 que se est\u00e1 haciendo en Rusia, para que el ANMAT cuente r\u00e1pidamente con la informaci\u00f3n necesaria. Hemos contado con la posibilidad de contar con 10 millones de vacunas, 20 millones de dosis. Podr\u00edamos cubrir a 10 millones de personas a partir de finales de diciembre. Esto nos exige un enorme esfuerzo, organizar una log\u00edstica que nos permita llegar a cada rinc\u00f3n de Argentina\u00bb<\/p>\n\n\n\n<p><span style=\"text-decoration: underline;\">Otras vacunas<\/span>: \u00abPodr\u00edamos llegar a contar con la posibilidad de vacunar a 750 mil personas con la vacuna de Pfizer que en diciembre podr\u00eda llegar a estar en Argentina; podr\u00edamos en marzo contar con la vacuna de AstraZeneca y Oxford ; y hemos hecho un acuerdo para contar con una de las vacunas chinas. Lo que queremos es que los argentinos puedan contar con la vacuna que nos permita terminar con este tiempo de pandemia.\u00bb<\/p>\n\n\n\n<p><span style=\"text-decoration: underline;\">Proceso de vacunaci\u00f3n:<\/span> \u00abEl objetivo que tenemos es dedicarnos a preparar el proceso de vacunaci\u00f3n de los argentinos. Vamos a armar un gran comando, del que me voy a poner al frente, va a estar el ministerio de Salud, de Defensa, del Interior, y nos vamos a poner en contacto con las 24 provincias. No es una tarea simple. En algunos casos la vacuna requiere de un proceso de enfriamiento importante. Necesitamos saber con cuantos vacunadores contamos para llevar adelante la epopeya de terminar con la pandemia. El acuerdo con Rusia nos da una gran tranquilidad porque nos permite pensar que podemos contar con la vacuna prontamente. A la concreci\u00f3n de ese logro estamos dedicados. Lo que necesitamos es la vacuna para los argentinos y argentinas. Las vacunas tienen un grado una calidad t\u00e9cnica en todos los casos. Para nosotros es muy importante lograr esos acuerdos y empezar a vacunar a los argentinos y argentinas<br>Trabajo en unidad frente a la pandemia: Espero que el 29 de noviembre podamos estar todos en una fase de distanciamiento, que los contagios y los decesos sigan cediendo. Mi abrazo y mi solidaridad con quienes han perdido seres queridos. Espero que el 29 podamos hablar sobre c\u00f3mo vamos a encarar el proceso de vacunaci\u00f3n. La experiencia nos ha demostrado que cuando nos unimos para trabajar juntos fue m\u00e1s f\u00e1cil sobrellevar el tormento de una pandemia. Con Axel Kicillof y Horacio Rodr\u00edguez Larreta coincidimos que trabajar como trabajamos hizo mucho m\u00e1s f\u00e1cil lo que parec\u00eda un problema m\u00e1s dif\u00edcil de resolver. Ahora a unir esfuerzos para vacunar a los argentinos\u00bb.<\/p>\n","protected":false},"excerpt":{"rendered":"<p>A trav\u00e9s de una exposici\u00f3n medi\u00e1tica, el presidente Alberto Fern\u00e1ndez hizo el anuncio acompa\u00f1ado por Gin\u00e9s Garc\u00eda Gonz\u00e1lez y Carla &#8230; <a title=\"Pandemia: AMBA del ASPO al DISPO\" class=\"read-more\" href=\"https:\/\/www.hoymercedes.com.ar\/principal\/2020\/11\/06\/pandemia-amba-del-aspo-al-dispo\/\" aria-label=\"Leer m\u00e1s sobre Pandemia: AMBA del ASPO al DISPO\">Leer m\u00e1s<\/a><\/p>\n","protected":false},"author":1,"featured_media":119689,"comment_status":"closed","ping_status":"open","sticky":false,"template":"","format":"standard","meta":{"_monsterinsights_skip_tracking":false,"_monsterinsights_sitenote_active":false,"_monsterinsights_sitenote_note":"","_monsterinsights_sitenote_category":0,"jetpack_post_was_ever_published":false,"_jetpack_newsletter_access":"","_jetpack_dont_email_post_to_subs":false,"_jetpack_newsletter_tier_id":0,"_jetpack_memberships_contains_paywalled_content":false,"_jetpack_memberships_contains_paid_content":false,"footnotes":"","jetpack_publicize_message":"","jetpack_publicize_feature_enabled":true,"jetpack_social_post_already_shared":true,"jetpack_social_options":{"image_generator_settings":{"template":"highway","default_image_id":0,"font":"","enabled":false},"version":2},"_wpas_customize_per_network":false},"categories":[17182],"tags":[16785,16558,17255,185],"class_list":["post-119669","post","type-post","status-publish","format-standard","has-post-thumbnail","hentry","category-nacion","tag-amba","tag-aspo","tag-dispo","tag-nacion","generate-columns","tablet-grid-50","mobile-grid-100","grid-parent","grid-50"],"jetpack_publicize_connections":[],"jetpack_featured_media_url":"https:\/\/www.hoymercedes.com.ar\/principal\/wp-content\/uploads\/2020\/11\/06-nacion-dispo.jpg","wps_subtitle":"Anuncio presidencial","jetpack_sharing_enabled":true,"_links":{"self":[{"href":"https:\/\/www.hoymercedes.com.ar\/principal\/wp-json\/wp\/v2\/posts\/119669","targetHints":{"allow":["GET"]}}],"collection":[{"href":"https:\/\/www.hoymercedes.com.ar\/principal\/wp-json\/wp\/v2\/posts"}],"about":[{"href":"https:\/\/www.hoymercedes.com.ar\/principal\/wp-json\/wp\/v2\/types\/post"}],"author":[{"embeddable":true,"href":"https:\/\/www.hoymercedes.com.ar\/principal\/wp-json\/wp\/v2\/users\/1"}],"replies":[{"embeddable":true,"href":"https:\/\/www.hoymercedes.com.ar\/principal\/wp-json\/wp\/v2\/comments?post=119669"}],"version-history":[{"count":0,"href":"https:\/\/www.hoymercedes.com.ar\/principal\/wp-json\/wp\/v2\/posts\/119669\/revisions"}],"wp:featuredmedia":[{"embeddable":true,"href":"https:\/\/www.hoymercedes.com.ar\/principal\/wp-json\/wp\/v2\/media\/119689"}],"wp:attachment":[{"href":"https:\/\/www.hoymercedes.com.ar\/principal\/wp-json\/wp\/v2\/media?parent=119669"}],"wp:term":[{"taxonomy":"category","embeddable":true,"href":"https:\/\/www.hoymercedes.com.ar\/principal\/wp-json\/wp\/v2\/categories?post=119669"},{"taxonomy":"post_tag","embeddable":true,"href":"https:\/\/www.hoymercedes.com.ar\/principal\/wp-json\/wp\/v2\/tags?post=119669"}],"curies":[{"name":"wp","href":"https:\/\/api.w.org\/{rel}","templated":true}]}}