{"id":119688,"date":"2020-11-07T10:06:23","date_gmt":"2020-11-07T13:06:23","guid":{"rendered":"http:\/\/www.hoymercedes.com.ar\/principal\/?p=119688"},"modified":"2020-11-07T18:59:45","modified_gmt":"2020-11-07T21:59:45","slug":"realizan-mesa-de-trabajo-con-equipos-del-municipio-y-ministerio-de-justicia-bonaerense","status":"publish","type":"post","link":"https:\/\/www.hoymercedes.com.ar\/principal\/2020\/11\/07\/realizan-mesa-de-trabajo-con-equipos-del-municipio-y-ministerio-de-justicia-bonaerense\/","title":{"rendered":"Realizan mesa de trabajo con equipos del Municipio y Ministerio de Justicia bonaerense"},"content":{"rendered":"\n<p>D\u00edas atr\u00e1s, se concret\u00f3 un encuentro de trabajo y gesti\u00f3n entre entre equipos de gesti\u00f3n y t\u00e9cnicos de varias \u00e1reas comunales y la Subsecretar\u00eda de Pol\u00edtica Criminal del Ministerio de Justicia de la Provincia de Buenos Aires. <\/p>\n\n\n\n<p>La reuni\u00f3n permiti\u00f3 \u201cavanzar en acciones concretar y dispositivos de intervenci\u00f3n\u00bb. Participaron equipos locales de Seguridad, Genero, Responsabilidad Penal Juvenil, Mediaci\u00f3n Comunitaria y Observatorio de Seguridad.<\/p>\n\n\n\n<p>\u201cIniciamos mesas de trabajo y de articulaci\u00f3n, para mejorar herramientas de gesti\u00f3n local en pol\u00edticas de seguridad ciudadana, desarrollar estrategias de prevenci\u00f3n y evaluaci\u00f3n de dispositivos\u201d la Secretaria de gobierno del Municipio de Mercedes Clara Zunino. <\/p>\n\n\n\n<div class=\"wp-block-image\"><figure class=\"aligncenter size-large\"><img loading=\"lazy\" decoding=\"async\" width=\"800\" height=\"533\" data-attachment-id=\"119666\" data-permalink=\"https:\/\/www.hoymercedes.com.ar\/principal\/2020\/11\/07\/fortalecen-proyectos-de-desarrollo-social\/07-muni-justicia\/#main\" data-orig-file=\"https:\/\/www.hoymercedes.com.ar\/principal\/wp-content\/uploads\/2020\/11\/07-muni-justicia.jpg\" data-orig-size=\"800,533\" data-comments-opened=\"0\" data-image-meta=\"{&quot;aperture&quot;:&quot;0&quot;,&quot;credit&quot;:&quot;&quot;,&quot;camera&quot;:&quot;&quot;,&quot;caption&quot;:&quot;&quot;,&quot;created_timestamp&quot;:&quot;0&quot;,&quot;copyright&quot;:&quot;&quot;,&quot;focal_length&quot;:&quot;0&quot;,&quot;iso&quot;:&quot;0&quot;,&quot;shutter_speed&quot;:&quot;0&quot;,&quot;title&quot;:&quot;&quot;,&quot;orientation&quot;:&quot;0&quot;}\" data-image-title=\"07 muni justicia\" data-image-description=\"\" data-image-caption=\"\" data-large-file=\"https:\/\/www.hoymercedes.com.ar\/principal\/wp-content\/uploads\/2020\/11\/07-muni-justicia.jpg\" src=\"https:\/\/www.hoymercedes.com.ar\/principal\/wp-content\/uploads\/2020\/11\/07-muni-justicia.jpg\" alt=\"\" class=\"wp-image-119666\" srcset=\"https:\/\/www.hoymercedes.com.ar\/principal\/wp-content\/uploads\/2020\/11\/07-muni-justicia.jpg 800w, https:\/\/www.hoymercedes.com.ar\/principal\/wp-content\/uploads\/2020\/11\/07-muni-justicia-630x420.jpg 630w, https:\/\/www.hoymercedes.com.ar\/principal\/wp-content\/uploads\/2020\/11\/07-muni-justicia-150x100.jpg 150w, https:\/\/www.hoymercedes.com.ar\/principal\/wp-content\/uploads\/2020\/11\/07-muni-justicia-700x465.jpg 700w\" sizes=\"auto, (max-width: 800px) 100vw, 800px\" \/><\/figure><\/div>\n","protected":false},"excerpt":{"rendered":"<p>D\u00edas atr\u00e1s, se concret\u00f3 un encuentro de trabajo y gesti\u00f3n entre entre equipos de gesti\u00f3n y t\u00e9cnicos de varias \u00e1reas &#8230; <a title=\"Realizan mesa de trabajo con equipos del Municipio y Ministerio de Justicia bonaerense\" class=\"read-more\" href=\"https:\/\/www.hoymercedes.com.ar\/principal\/2020\/11\/07\/realizan-mesa-de-trabajo-con-equipos-del-municipio-y-ministerio-de-justicia-bonaerense\/\" aria-label=\"Leer m\u00e1s sobre Realizan mesa de trabajo con equipos del Municipio y Ministerio de Justicia bonaerense\">Leer m\u00e1s<\/a><\/p>\n","protected":false},"author":1,"featured_media":119666,"comment_status":"closed","ping_status":"open","sticky":false,"template":"","format":"standard","meta":{"_monsterinsights_skip_tracking":false,"_monsterinsights_sitenote_active":false,"_monsterinsights_sitenote_note":"","_monsterinsights_sitenote_category":0,"jetpack_post_was_ever_published":false,"_jetpack_newsletter_access":"","_jetpack_dont_email_post_to_subs":false,"_jetpack_newsletter_tier_id":0,"_jetpack_memberships_contains_paywalled_content":false,"_jetpack_memberships_contains_paid_content":false,"footnotes":"","jetpack_publicize_message":"","jetpack_publicize_feature_enabled":true,"jetpack_social_post_already_shared":true,"jetpack_social_options":{"image_generator_settings":{"template":"highway","default_image_id":0,"font":"","enabled":false},"version":2},"_wpas_customize_per_network":false},"categories":[30],"tags":[325,244],"class_list":["post-119688","post","type-post","status-publish","format-standard","has-post-thumbnail","hentry","category-municipio","tag-justicia","tag-municipio-2","generate-columns","tablet-grid-50","mobile-grid-100","grid-parent","grid-50"],"jetpack_publicize_connections":[],"jetpack_featured_media_url":"https:\/\/www.hoymercedes.com.ar\/principal\/wp-content\/uploads\/2020\/11\/07-muni-justicia.jpg","wps_subtitle":"Encuentro en el MAMM","jetpack_sharing_enabled":true,"_links":{"self":[{"href":"https:\/\/www.hoymercedes.com.ar\/principal\/wp-json\/wp\/v2\/posts\/119688","targetHints":{"allow":["GET"]}}],"collection":[{"href":"https:\/\/www.hoymercedes.com.ar\/principal\/wp-json\/wp\/v2\/posts"}],"about":[{"href":"https:\/\/www.hoymercedes.com.ar\/principal\/wp-json\/wp\/v2\/types\/post"}],"author":[{"embeddable":true,"href":"https:\/\/www.hoymercedes.com.ar\/principal\/wp-json\/wp\/v2\/users\/1"}],"replies":[{"embeddable":true,"href":"https:\/\/www.hoymercedes.com.ar\/principal\/wp-json\/wp\/v2\/comments?post=119688"}],"version-history":[{"count":0,"href":"https:\/\/www.hoymercedes.com.ar\/principal\/wp-json\/wp\/v2\/posts\/119688\/revisions"}],"wp:featuredmedia":[{"embeddable":true,"href":"https:\/\/www.hoymercedes.com.ar\/principal\/wp-json\/wp\/v2\/media\/119666"}],"wp:attachment":[{"href":"https:\/\/www.hoymercedes.com.ar\/principal\/wp-json\/wp\/v2\/media?parent=119688"}],"wp:term":[{"taxonomy":"category","embeddable":true,"href":"https:\/\/www.hoymercedes.com.ar\/principal\/wp-json\/wp\/v2\/categories?post=119688"},{"taxonomy":"post_tag","embeddable":true,"href":"https:\/\/www.hoymercedes.com.ar\/principal\/wp-json\/wp\/v2\/tags?post=119688"}],"curies":[{"name":"wp","href":"https:\/\/api.w.org\/{rel}","templated":true}]}}