{"id":119722,"date":"2020-11-08T13:42:16","date_gmt":"2020-11-08T16:42:16","guid":{"rendered":"http:\/\/www.hoymercedes.com.ar\/principal\/?p=119722"},"modified":"2020-11-09T07:48:10","modified_gmt":"2020-11-09T10:48:10","slug":"municipio-renueva-farolas-e-iluminacion-en-basilica-catedral","status":"publish","type":"post","link":"https:\/\/www.hoymercedes.com.ar\/principal\/2020\/11\/08\/municipio-renueva-farolas-e-iluminacion-en-basilica-catedral\/","title":{"rendered":"Municipio renueva farolas e iluminaci\u00f3n en Bas\u00edlica Catedral"},"content":{"rendered":"\n<p>Tras realizar mejoras en la parquizaci\u00f3n del lugar el \u00e1rea de Servicios P\u00fablicos de la Municipalidad concret\u00f3 la renovaci\u00f3n de las farolas y luminarias en los jardines y veredas de Bas\u00edlica Catedral. De esta manera combinan con los ya colocados en Plaza San Mart\u00edn. Se trata de un embellecimiento y una mejora sustancial. \u00a0<\/p>\n\n\n\n<p>La colocaci\u00f3n de faroles es una acci\u00f3n que se viene desplegando planificadamente desde hace un tiempo. Se pueden ver en avenida 29, avenida 17, avenida 16 y otros puntos de la ciudad. &nbsp;<\/p>\n\n\n\n<p>El \u00e1rea de servicios p\u00fablicos a trav\u00e9s de la Direcci\u00f3n de Espacios Verdes hab\u00eda ya renovado los canteros y embellecido la zona ubicada en el coraz\u00f3n del radio c\u00e9ntrico de la ciudad con plantas y flores provenientes del vivero biotecnol\u00f3gico municipal. Ahora fue el turno de servicios el\u00e9ctrico de cambiar las farolas y las luces. &nbsp;<\/p>\n","protected":false},"excerpt":{"rendered":"<p>Tras realizar mejoras en la parquizaci\u00f3n del lugar el \u00e1rea de Servicios P\u00fablicos de la Municipalidad concret\u00f3 la renovaci\u00f3n de &#8230; <a title=\"Municipio renueva farolas e iluminaci\u00f3n en Bas\u00edlica Catedral\" class=\"read-more\" href=\"https:\/\/www.hoymercedes.com.ar\/principal\/2020\/11\/08\/municipio-renueva-farolas-e-iluminacion-en-basilica-catedral\/\" aria-label=\"Leer m\u00e1s sobre Municipio renueva farolas e iluminaci\u00f3n en Bas\u00edlica Catedral\">Leer m\u00e1s<\/a><\/p>\n","protected":false},"author":5,"featured_media":119723,"comment_status":"closed","ping_status":"open","sticky":false,"template":"","format":"standard","meta":{"_monsterinsights_skip_tracking":false,"_monsterinsights_sitenote_active":false,"_monsterinsights_sitenote_note":"","_monsterinsights_sitenote_category":0,"jetpack_post_was_ever_published":false,"_jetpack_newsletter_access":"","_jetpack_dont_email_post_to_subs":false,"_jetpack_newsletter_tier_id":0,"_jetpack_memberships_contains_paywalled_content":false,"_jetpack_memberships_contains_paid_content":false,"footnotes":"","jetpack_publicize_message":"","jetpack_publicize_feature_enabled":true,"jetpack_social_post_already_shared":true,"jetpack_social_options":{"image_generator_settings":{"template":"highway","default_image_id":0,"font":"","enabled":false},"version":2},"_wpas_customize_per_network":false},"categories":[30],"tags":[],"class_list":["post-119722","post","type-post","status-publish","format-standard","has-post-thumbnail","hentry","category-municipio","generate-columns","tablet-grid-50","mobile-grid-100","grid-parent","grid-50"],"jetpack_publicize_connections":[],"jetpack_featured_media_url":"https:\/\/www.hoymercedes.com.ar\/principal\/wp-content\/uploads\/2020\/11\/EmKJsT0XYAIHi39.jpg","wps_subtitle":"En los jardines externos","jetpack_sharing_enabled":true,"_links":{"self":[{"href":"https:\/\/www.hoymercedes.com.ar\/principal\/wp-json\/wp\/v2\/posts\/119722","targetHints":{"allow":["GET"]}}],"collection":[{"href":"https:\/\/www.hoymercedes.com.ar\/principal\/wp-json\/wp\/v2\/posts"}],"about":[{"href":"https:\/\/www.hoymercedes.com.ar\/principal\/wp-json\/wp\/v2\/types\/post"}],"author":[{"embeddable":true,"href":"https:\/\/www.hoymercedes.com.ar\/principal\/wp-json\/wp\/v2\/users\/5"}],"replies":[{"embeddable":true,"href":"https:\/\/www.hoymercedes.com.ar\/principal\/wp-json\/wp\/v2\/comments?post=119722"}],"version-history":[{"count":0,"href":"https:\/\/www.hoymercedes.com.ar\/principal\/wp-json\/wp\/v2\/posts\/119722\/revisions"}],"wp:featuredmedia":[{"embeddable":true,"href":"https:\/\/www.hoymercedes.com.ar\/principal\/wp-json\/wp\/v2\/media\/119723"}],"wp:attachment":[{"href":"https:\/\/www.hoymercedes.com.ar\/principal\/wp-json\/wp\/v2\/media?parent=119722"}],"wp:term":[{"taxonomy":"category","embeddable":true,"href":"https:\/\/www.hoymercedes.com.ar\/principal\/wp-json\/wp\/v2\/categories?post=119722"},{"taxonomy":"post_tag","embeddable":true,"href":"https:\/\/www.hoymercedes.com.ar\/principal\/wp-json\/wp\/v2\/tags?post=119722"}],"curies":[{"name":"wp","href":"https:\/\/api.w.org\/{rel}","templated":true}]}}