{"id":119726,"date":"2020-11-08T19:48:35","date_gmt":"2020-11-08T22:48:35","guid":{"rendered":"http:\/\/www.hoymercedes.com.ar\/principal\/?p=119726"},"modified":"2020-11-09T07:56:58","modified_gmt":"2020-11-09T10:56:58","slug":"realizan-tareas-de-bacheo-y-se-solicita-transitar-con-precaucion","status":"publish","type":"post","link":"https:\/\/www.hoymercedes.com.ar\/principal\/2020\/11\/08\/realizan-tareas-de-bacheo-y-se-solicita-transitar-con-precaucion\/","title":{"rendered":"Realizan tareas de bacheo y se solicita transitar con precauci\u00f3n"},"content":{"rendered":"\n<p>En distintos puntos de la ciudad la Municipalidad de Mercedes se encuentra realizando tareas de mejora en la calzada. La actividad se realiza a instancias de las cuadrillas comunales. Se solicita circular con precauci\u00f3n y no traspasar los lugares con hormig\u00f3n fresco. \u00a0<\/p>\n\n\n\n<p>Desde el \u00e1rea de Servicios P\u00fablicos contin\u00faan trabajando en torno a la mejora de las calles. No s\u00f3lo en la zona rural sino tambi\u00e9n urbana, donde los baches son una necesaria atenci\u00f3n. &nbsp;<\/p>\n\n\n\n<p>En los \u00faltimos d\u00edas se increment\u00f3 el trabajo en la calle 11, muy transitada y, ante ello, se reiter\u00f3 el pedido de transitar con precauci\u00f3n y cuidado atentos a sostener las medidas de seguridad vial. &nbsp;<\/p>\n\n\n\n<p>Tambi\u00e9n se efectuaron roturas y re hormigonado en avenida 40 de 29 a 33. \u00a0<\/p>\n\n\n\n<p>Fuente: Prensa Municipal<\/p>\n","protected":false},"excerpt":{"rendered":"<p>En distintos puntos de la ciudad la Municipalidad de Mercedes se encuentra realizando tareas de mejora en la calzada. La &#8230; <a title=\"Realizan tareas de bacheo y se solicita transitar con precauci\u00f3n\" class=\"read-more\" href=\"https:\/\/www.hoymercedes.com.ar\/principal\/2020\/11\/08\/realizan-tareas-de-bacheo-y-se-solicita-transitar-con-precaucion\/\" aria-label=\"Leer m\u00e1s sobre Realizan tareas de bacheo y se solicita transitar con precauci\u00f3n\">Leer m\u00e1s<\/a><\/p>\n","protected":false},"author":5,"featured_media":119727,"comment_status":"closed","ping_status":"open","sticky":false,"template":"","format":"standard","meta":{"_monsterinsights_skip_tracking":false,"_monsterinsights_sitenote_active":false,"_monsterinsights_sitenote_note":"","_monsterinsights_sitenote_category":0,"jetpack_post_was_ever_published":false,"_jetpack_newsletter_access":"","_jetpack_dont_email_post_to_subs":false,"_jetpack_newsletter_tier_id":0,"_jetpack_memberships_contains_paywalled_content":false,"_jetpack_memberships_contains_paid_content":false,"footnotes":"","jetpack_publicize_message":"","jetpack_publicize_feature_enabled":true,"jetpack_social_post_already_shared":true,"jetpack_social_options":{"image_generator_settings":{"template":"highway","default_image_id":0,"font":"","enabled":false},"version":2},"_wpas_customize_per_network":false},"categories":[30],"tags":[],"class_list":["post-119726","post","type-post","status-publish","format-standard","has-post-thumbnail","hentry","category-municipio","generate-columns","tablet-grid-50","mobile-grid-100","grid-parent","grid-50"],"jetpack_publicize_connections":[],"jetpack_featured_media_url":"https:\/\/www.hoymercedes.com.ar\/principal\/wp-content\/uploads\/2020\/11\/El6wYzqXYAEjXcp.jpg","wps_subtitle":"Desde el Municipio","jetpack_sharing_enabled":true,"_links":{"self":[{"href":"https:\/\/www.hoymercedes.com.ar\/principal\/wp-json\/wp\/v2\/posts\/119726","targetHints":{"allow":["GET"]}}],"collection":[{"href":"https:\/\/www.hoymercedes.com.ar\/principal\/wp-json\/wp\/v2\/posts"}],"about":[{"href":"https:\/\/www.hoymercedes.com.ar\/principal\/wp-json\/wp\/v2\/types\/post"}],"author":[{"embeddable":true,"href":"https:\/\/www.hoymercedes.com.ar\/principal\/wp-json\/wp\/v2\/users\/5"}],"replies":[{"embeddable":true,"href":"https:\/\/www.hoymercedes.com.ar\/principal\/wp-json\/wp\/v2\/comments?post=119726"}],"version-history":[{"count":0,"href":"https:\/\/www.hoymercedes.com.ar\/principal\/wp-json\/wp\/v2\/posts\/119726\/revisions"}],"wp:featuredmedia":[{"embeddable":true,"href":"https:\/\/www.hoymercedes.com.ar\/principal\/wp-json\/wp\/v2\/media\/119727"}],"wp:attachment":[{"href":"https:\/\/www.hoymercedes.com.ar\/principal\/wp-json\/wp\/v2\/media?parent=119726"}],"wp:term":[{"taxonomy":"category","embeddable":true,"href":"https:\/\/www.hoymercedes.com.ar\/principal\/wp-json\/wp\/v2\/categories?post=119726"},{"taxonomy":"post_tag","embeddable":true,"href":"https:\/\/www.hoymercedes.com.ar\/principal\/wp-json\/wp\/v2\/tags?post=119726"}],"curies":[{"name":"wp","href":"https:\/\/api.w.org\/{rel}","templated":true}]}}