{"id":119811,"date":"2020-11-09T18:38:39","date_gmt":"2020-11-09T21:38:39","guid":{"rendered":"http:\/\/www.hoymercedes.com.ar\/principal\/?p=119811"},"modified":"2020-11-09T10:47:31","modified_gmt":"2020-11-09T13:47:31","slug":"ezequiel-pais-y-leandro-ilariucci-los-mercedinos-mas-rapidos-en-la-vuelta-de-pako","status":"publish","type":"post","link":"https:\/\/www.hoymercedes.com.ar\/principal\/2020\/11\/09\/ezequiel-pais-y-leandro-ilariucci-los-mercedinos-mas-rapidos-en-la-vuelta-de-pako\/","title":{"rendered":"Ezequiel Pais y Leandro Ilariucci, los mercedinos m\u00e1s r\u00e1pidos en la vuelta de PAKO"},"content":{"rendered":"\n<p>El kart\u00f3dromo de Buenos Aires se visti\u00f3 de fiesta este fin de semana con el retorno a la actividad de Pilotos Asociados del Karting del Oeste, una divisional que tiene a muchos mercedinos compitiendo y que hist\u00f3ricamente los ha tenido en el podio.<\/p>\n\n\n\n<div class=\"wp-block-image\"><figure class=\"aligncenter size-large\"><img loading=\"lazy\" decoding=\"async\" width=\"748\" height=\"512\" data-attachment-id=\"93059\" data-permalink=\"https:\/\/www.hoymercedes.com.ar\/principal\/2019\/05\/18\/excelente-actuacion-mercedina-en-la-tercera-fecha-de-pako\/pais-2-3\/#main\" data-orig-file=\"https:\/\/www.hoymercedes.com.ar\/principal\/wp-content\/uploads\/2019\/05\/Pais-2.jpg\" data-orig-size=\"748,512\" data-comments-opened=\"0\" data-image-meta=\"{&quot;aperture&quot;:&quot;5.6&quot;,&quot;credit&quot;:&quot;&quot;,&quot;camera&quot;:&quot;NIKON D750&quot;,&quot;caption&quot;:&quot;&quot;,&quot;created_timestamp&quot;:&quot;1557665558&quot;,&quot;copyright&quot;:&quot;&quot;,&quot;focal_length&quot;:&quot;280&quot;,&quot;iso&quot;:&quot;320&quot;,&quot;shutter_speed&quot;:&quot;0.0003125&quot;,&quot;title&quot;:&quot;&quot;,&quot;orientation&quot;:&quot;1&quot;}\" data-image-title=\"Pais-2\" data-image-description=\"\" data-image-caption=\"\" data-large-file=\"https:\/\/www.hoymercedes.com.ar\/principal\/wp-content\/uploads\/2019\/05\/Pais-2.jpg\" src=\"https:\/\/www.hoymercedes.com.ar\/principal\/wp-content\/uploads\/2019\/05\/Pais-2.jpg\" alt=\"\" class=\"wp-image-93059\" srcset=\"https:\/\/www.hoymercedes.com.ar\/principal\/wp-content\/uploads\/2019\/05\/Pais-2.jpg 748w, https:\/\/www.hoymercedes.com.ar\/principal\/wp-content\/uploads\/2019\/05\/Pais-2-150x103.jpg 150w, https:\/\/www.hoymercedes.com.ar\/principal\/wp-content\/uploads\/2019\/05\/Pais-2-630x431.jpg 630w\" sizes=\"auto, (max-width: 748px) 100vw, 748px\" \/><\/figure><\/div>\n\n\n\n<p>El trazado porte\u00f1o tuvo una destacada actuaci\u00f3n mercedina, con dos que se quedaron con las competencias como Ezequiel Pais en la Clase 150 4T y Leandro Ilariucci en la KF +40. Fueron 13 los representantes mercedinos en total, obteniendo un segundo puesto Pablo Ricci y un cuarto Francisco Pont\u00f3n. Por su parte, Luca Ilariucci hizo un 1 &#8211; 2 en las primeras dos fechas en la categor\u00eda Promocional.<\/p>\n\n\n\n<p><strong>Fecha 1<\/strong><br><strong>Clase 150 4 T (25)<br><\/strong>1\u00b0 Ezequiel Pais (Mercedes)<br>2\u00b0 Pablo Ricci (Mercedes)<br>3\u00b0 Ricardo Sale (Roque P\u00e9rez).<br>5\u00b0Santiago Serrano (Mercedes).<br>11\u00b0 Francisco Cadenazzo (Mercedes)<br>16\u00b0 Luciano Lizarraga (Mercedes).<br>20\u00b0 Leandro Ilariuci (Mercedes).<br>24\u00b0 Francisco Barnetche (Mercedes).<\/p>\n\n\n\n<p><strong>Fecha 1<br><\/strong><strong>KF+40 (14)<br><\/strong>1\u00b0 Leandro Ilariuci (Mercedes).<br>2\u00b0 Leandro Villamayor (Tigre).<br>3\u00b0 Ra\u00fal Lasarte (Pilar).<\/p>\n\n\n\n<p><strong>Fecha 2<br>KF+40 (14)<br><\/strong>1\u00b0 Mariano Marcelo (Paso del Rey).<br>2\u00b0 Gustavo Caramelo (Neuqu\u00e9n).<br>3\u00b0 Juan Su\u00e1rez (Z\u00e1rate).<br>7\u00b0 Leandro Ilariuci (Mercedes).<\/p>\n\n\n\n<p><strong>Fecha 1<br><\/strong><strong>Mec\u00e1nica Nacional A (14)<br><\/strong>1\u00b0 M\u00e1ximo Evans (Pehuaj\u00f3).<br>2\u00b0 Mart\u00edn C\u00f3rdoba (Ituzaing\u00f3).<br>3\u00b0 Valentino Porto (Pilar).<br>4\u00b0 Francisco Pont\u00f3n (Mercedes).<br>6\u00b0 Agust\u00edn Arenas (Mercedes).<\/p>\n\n\n\n<p><strong>Fecha 2<br>Mec\u00e1nica Nacional A (14)<\/strong><br>1\u00b0 Mart\u00edn C\u00f3rdoba (Ituzaing\u00f3).<br>2\u00b0 M\u00e1ximo Evans (Pehuaj\u00f3).<br>3\u00b0 Iv\u00e1n Limares (CABA).<br>4\u00b0 Francisco Pont\u00f3n (Mercedes).<br>8\u00b0 Agust\u00edn Arenas (Mercedes).<\/p>\n\n\n\n<p><strong>Fecha 1<br><\/strong><strong>Promocional (8)<br><\/strong>1\u00b0 Juli\u00e1n Bertti (Concepci\u00f3n del Uruguay).<br>2\u00b0 Nazareno Castro (Concepci\u00f3n del Uruguay).<br>3\u00b0 Luca Ilariucci (Mercedes).<br>7\u00b0 Alan Zampelunghe (Mercedes).<\/p>\n\n\n\n<p><strong>Fecha 2<br><\/strong><strong>Promocional (8)<\/strong><br>1\u00b0 Juli\u00e1n Bertti (Concepci\u00f3n del Uruguay).<br>2\u00b0 Luca Ilariucci (Mercedes).<br>3\u00b0 Mateo Santino (Wilde).<br>4\u00b0 Alan Zampelunghe (Mercedes).<\/p>\n\n\n\n<p><strong>Fecha 1<br><\/strong><strong>S\u00faper Pako (14)<br><\/strong>1\u00b0 Gast\u00f3n Iglesias (Campana).<br>2\u00b0 Ignacio Viviani (CABA).<br>3\u00b0 Nahuel Mova (General Rodr\u00edguez).<br>9\u00b0 Valentino Simionato (Mercedes).<br><strong><br>Fecha 2<br>S\u00faper Pako (14)<br><\/strong>1\u00b0 Ignacio Viviani (CABA).<br>2\u00b0 Gast\u00f3n Iglesias (Campana).<br>3\u00b0 Nahuel Mova (General Rodr\u00edguez).<br>13\u00b0 Valentino Simionato (Mercedes).<\/p>\n","protected":false},"excerpt":{"rendered":"<p>El kart\u00f3dromo de Buenos Aires se visti\u00f3 de fiesta este fin de semana con el retorno a la actividad de &#8230; <a title=\"Ezequiel Pais y Leandro Ilariucci, los mercedinos m\u00e1s r\u00e1pidos en la vuelta de PAKO\" class=\"read-more\" href=\"https:\/\/www.hoymercedes.com.ar\/principal\/2020\/11\/09\/ezequiel-pais-y-leandro-ilariucci-los-mercedinos-mas-rapidos-en-la-vuelta-de-pako\/\" aria-label=\"Leer m\u00e1s sobre Ezequiel Pais y Leandro Ilariucci, los mercedinos m\u00e1s r\u00e1pidos en la vuelta de PAKO\">Leer m\u00e1s<\/a><\/p>\n","protected":false},"author":1,"featured_media":93059,"comment_status":"closed","ping_status":"open","sticky":false,"template":"","format":"standard","meta":{"_monsterinsights_skip_tracking":false,"_monsterinsights_sitenote_active":false,"_monsterinsights_sitenote_note":"","_monsterinsights_sitenote_category":0,"jetpack_post_was_ever_published":false,"_jetpack_newsletter_access":"","_jetpack_dont_email_post_to_subs":false,"_jetpack_newsletter_tier_id":0,"_jetpack_memberships_contains_paywalled_content":false,"_jetpack_memberships_contains_paid_content":false,"footnotes":"","jetpack_publicize_message":"","jetpack_publicize_feature_enabled":true,"jetpack_social_post_already_shared":true,"jetpack_social_options":{"image_generator_settings":{"template":"highway","default_image_id":0,"font":"","enabled":false},"version":2},"_wpas_customize_per_network":false},"categories":[21],"tags":[8721],"class_list":["post-119811","post","type-post","status-publish","format-standard","has-post-thumbnail","hentry","category-deportes","tag-pako","generate-columns","tablet-grid-50","mobile-grid-100","grid-parent","grid-50"],"jetpack_publicize_connections":[],"jetpack_featured_media_url":"https:\/\/www.hoymercedes.com.ar\/principal\/wp-content\/uploads\/2019\/05\/Pais-2.jpg","wps_subtitle":"Automovilismo","jetpack_sharing_enabled":true,"_links":{"self":[{"href":"https:\/\/www.hoymercedes.com.ar\/principal\/wp-json\/wp\/v2\/posts\/119811","targetHints":{"allow":["GET"]}}],"collection":[{"href":"https:\/\/www.hoymercedes.com.ar\/principal\/wp-json\/wp\/v2\/posts"}],"about":[{"href":"https:\/\/www.hoymercedes.com.ar\/principal\/wp-json\/wp\/v2\/types\/post"}],"author":[{"embeddable":true,"href":"https:\/\/www.hoymercedes.com.ar\/principal\/wp-json\/wp\/v2\/users\/1"}],"replies":[{"embeddable":true,"href":"https:\/\/www.hoymercedes.com.ar\/principal\/wp-json\/wp\/v2\/comments?post=119811"}],"version-history":[{"count":0,"href":"https:\/\/www.hoymercedes.com.ar\/principal\/wp-json\/wp\/v2\/posts\/119811\/revisions"}],"wp:featuredmedia":[{"embeddable":true,"href":"https:\/\/www.hoymercedes.com.ar\/principal\/wp-json\/wp\/v2\/media\/93059"}],"wp:attachment":[{"href":"https:\/\/www.hoymercedes.com.ar\/principal\/wp-json\/wp\/v2\/media?parent=119811"}],"wp:term":[{"taxonomy":"category","embeddable":true,"href":"https:\/\/www.hoymercedes.com.ar\/principal\/wp-json\/wp\/v2\/categories?post=119811"},{"taxonomy":"post_tag","embeddable":true,"href":"https:\/\/www.hoymercedes.com.ar\/principal\/wp-json\/wp\/v2\/tags?post=119811"}],"curies":[{"name":"wp","href":"https:\/\/api.w.org\/{rel}","templated":true}]}}