{"id":119820,"date":"2020-11-09T11:36:16","date_gmt":"2020-11-09T14:36:16","guid":{"rendered":"http:\/\/www.hoymercedes.com.ar\/principal\/?p=119820"},"modified":"2020-11-09T11:36:23","modified_gmt":"2020-11-09T14:36:23","slug":"la-legion-mercedina-entre-partidos-oficiales-amistosos-y-covid-19","status":"publish","type":"post","link":"https:\/\/www.hoymercedes.com.ar\/principal\/2020\/11\/09\/la-legion-mercedina-entre-partidos-oficiales-amistosos-y-covid-19\/","title":{"rendered":"La Legi\u00f3n mercedina, entre partidos oficiales, amistosos y Covid-19"},"content":{"rendered":"\n<p>Los futbolistas mercedinos tienen diferentes realidades de acuerdo al lugar donde se encuentran, ya que algunos est\u00e1n hace mucho en competencia, otros reci\u00e9n la empezaron, otros est\u00e1n frenados por el Coronavirus y los restantes, jugando amistosos de cara al inicio de temporada. Repasamos de a uno.<\/p>\n\n\n\n<figure class=\"wp-block-image size-large\"><img loading=\"lazy\" decoding=\"async\" width=\"1024\" height=\"576\" data-attachment-id=\"119826\" data-permalink=\"https:\/\/www.hoymercedes.com.ar\/principal\/2020\/11\/09\/la-legion-mercedina-entre-partidos-oficiales-amistosos-y-covid-19\/lucas-biglia-karagumruk-2\/#main\" data-orig-file=\"https:\/\/www.hoymercedes.com.ar\/principal\/wp-content\/uploads\/2020\/11\/Lucas-Biglia-Karagumruk-2.jpg\" data-orig-size=\"1600,900\" data-comments-opened=\"0\" data-image-meta=\"{&quot;aperture&quot;:&quot;0&quot;,&quot;credit&quot;:&quot;&quot;,&quot;camera&quot;:&quot;&quot;,&quot;caption&quot;:&quot;&quot;,&quot;created_timestamp&quot;:&quot;0&quot;,&quot;copyright&quot;:&quot;&quot;,&quot;focal_length&quot;:&quot;0&quot;,&quot;iso&quot;:&quot;0&quot;,&quot;shutter_speed&quot;:&quot;0&quot;,&quot;title&quot;:&quot;&quot;,&quot;orientation&quot;:&quot;0&quot;}\" data-image-title=\"Lucas-Biglia-Karagumruk-2\" data-image-description=\"\" data-image-caption=\"\" data-large-file=\"https:\/\/www.hoymercedes.com.ar\/principal\/wp-content\/uploads\/2020\/11\/Lucas-Biglia-Karagumruk-2-1024x576.jpg\" src=\"https:\/\/www.hoymercedes.com.ar\/principal\/wp-content\/uploads\/2020\/11\/Lucas-Biglia-Karagumruk-2-1024x576.jpg\" alt=\"\" class=\"wp-image-119826\" srcset=\"https:\/\/www.hoymercedes.com.ar\/principal\/wp-content\/uploads\/2020\/11\/Lucas-Biglia-Karagumruk-2-1024x576.jpg 1024w, https:\/\/www.hoymercedes.com.ar\/principal\/wp-content\/uploads\/2020\/11\/Lucas-Biglia-Karagumruk-2-630x354.jpg 630w, https:\/\/www.hoymercedes.com.ar\/principal\/wp-content\/uploads\/2020\/11\/Lucas-Biglia-Karagumruk-2-150x84.jpg 150w, https:\/\/www.hoymercedes.com.ar\/principal\/wp-content\/uploads\/2020\/11\/Lucas-Biglia-Karagumruk-2-1536x864.jpg 1536w, https:\/\/www.hoymercedes.com.ar\/principal\/wp-content\/uploads\/2020\/11\/Lucas-Biglia-Karagumruk-2.jpg 1600w\" sizes=\"auto, (max-width: 1024px) 100vw, 1024px\" \/><\/figure>\n\n\n\n<p><strong>Lucas Biglia<\/strong>. El volante fue titular en el empate de Karagumruk por 2 a 2 ante Ankaraguku y fue reemplazado a 13 minutos del final. Con este punto, su equipo sigue quinto, con 12 unidades, a 5 de los l\u00edderes Alanyaspor y Fenerbace.<\/p>\n\n\n\n<p><strong>Mat\u00edas Silvestre. <\/strong>Todav\u00eda Mouscron FC de B\u00e9lgica no volvi\u00f3 a competir luego de los casos de Coronavirus que sufri\u00f3 el plantel. El defensor mercedino no sufri\u00f3 contagio. Su equipo debe tres partidos de la J\u00fapiter League.<\/p>\n\n\n\n<p><strong>Facundo Lescano. <\/strong>Con el cambio de entrenador, el delantero pas\u00f3 a ser titular. Su equipo, Sambenedettese empat\u00f3 1 a 1 con perugia y este mi\u00e9rcoles jugar\u00e1 ante Arezzo por la fecha 9 del Grupo B de la Serie C de Italia. Con este punto, Samb suma 13 unidades y est\u00e1 a 7 del l\u00edder Padova. <\/p>\n\n\n\n<p><strong>Federico L\u00e9rtora.<\/strong> Luego de su debut con Col\u00f3n con gol y triunfo ante Defensa y Justicia, el volante mercedino se prepara para jugar hoy desde las 17 ante Independiente en el Cementerio de los Elefantes.<\/p>\n\n\n\n<p><strong>Micaela Adorno.<\/strong> La futbolista de la Primera Divisi\u00f3n de Racing Club sum\u00f3 una nueva semana de entrenamientos, todav\u00eda sin amistoso confirmado aunque con la certeza que el 21 de noviembre vuelve la actividad oficial.<\/p>\n\n\n\n<p><strong>Juan Emmanuel Culio.<\/strong> El volante de Quilmes no tuvo un buen encuentro en la derrota por 1 a 0 ante Platense en el amistoso jugado en Vicente L\u00f3pez. Culio fue expulsado a los 52 minutos de juego.<\/p>\n\n\n\n<p><strong>Nicol\u00e1s Dematei. <\/strong>Tras los 20 positivos que hubo en el plantel y con todos recuperados, Agropecuario de Carlos Casares volvi\u00f3 a los entrenamientos mientras espera que al final de esta semana se sepa el formato del torneo de la Primera Nacional.<\/p>\n\n\n\n<p><strong>Mauro Bustos.<\/strong> Defensores Unidos de Z\u00e1ratre obtuvo una derrota y un empate ante uno de los candidatos al ascenso en la B Metropolitana, Comunicaciones. Los encuentros se jugaron el s\u00e1bado por la ma\u00f1ana en Agronom\u00eda y Bustos ingre\u00f3 en el encuentro que culmin\u00f3 empatado.<\/p>\n\n\n\n<p><strong>Mat\u00edas Caputo y Gonzalo P\u00e9rez.<\/strong> Ambos fueron titulares en el empate cero a cero ante F\u00e9nix en el estadio Municipal de Luj\u00e1n.<\/p>\n\n\n\n<p><strong>Facundo D\u00e9sima.<\/strong> Deportivo Maip\u00fa de Mendoza recibi\u00f3 a Independiente Rivadavia. Los titulares perdieron 1 a 0 y los suplentes, donde ataj\u00f3 el mercedino, empataron cero a cero. <\/p>\n\n\n\n<p><strong>Franco Gatti.<\/strong> Jug\u00f3 su primer amistoso con Independiente de Chivilcoy, que se prepara para la vuelta del Regional Amateur. Fue titular en la derrota 4 a 0 ante Sarmiento de Jun\u00edn. Juan Ignacio Menendez form\u00f3 parte del Cuerpo T\u00e9cnico de Alberto Salvaggio.<\/p>\n","protected":false},"excerpt":{"rendered":"<p>Los futbolistas mercedinos tienen diferentes realidades de acuerdo al lugar donde se encuentran, ya que algunos est\u00e1n hace mucho en &#8230; <a title=\"La Legi\u00f3n mercedina, entre partidos oficiales, amistosos y Covid-19\" class=\"read-more\" href=\"https:\/\/www.hoymercedes.com.ar\/principal\/2020\/11\/09\/la-legion-mercedina-entre-partidos-oficiales-amistosos-y-covid-19\/\" aria-label=\"Leer m\u00e1s sobre La Legi\u00f3n mercedina, entre partidos oficiales, amistosos y Covid-19\">Leer m\u00e1s<\/a><\/p>\n","protected":false},"author":1,"featured_media":119826,"comment_status":"closed","ping_status":"open","sticky":false,"template":"","format":"standard","meta":{"_monsterinsights_skip_tracking":false,"_monsterinsights_sitenote_active":false,"_monsterinsights_sitenote_note":"","_monsterinsights_sitenote_category":0,"jetpack_post_was_ever_published":false,"_jetpack_newsletter_access":"","_jetpack_dont_email_post_to_subs":false,"_jetpack_newsletter_tier_id":0,"_jetpack_memberships_contains_paywalled_content":false,"_jetpack_memberships_contains_paid_content":false,"footnotes":"","jetpack_publicize_message":"","jetpack_publicize_feature_enabled":true,"jetpack_social_post_already_shared":true,"jetpack_social_options":{"image_generator_settings":{"template":"highway","default_image_id":0,"font":"","enabled":false},"version":2},"_wpas_customize_per_network":false},"categories":[8],"tags":[],"class_list":["post-119820","post","type-post","status-publish","format-standard","has-post-thumbnail","hentry","category-sociedad","generate-columns","tablet-grid-50","mobile-grid-100","grid-parent","grid-50"],"jetpack_publicize_connections":[],"jetpack_featured_media_url":"https:\/\/www.hoymercedes.com.ar\/principal\/wp-content\/uploads\/2020\/11\/Lucas-Biglia-Karagumruk-2.jpg","wps_subtitle":"F\u00fatbol","jetpack_sharing_enabled":true,"_links":{"self":[{"href":"https:\/\/www.hoymercedes.com.ar\/principal\/wp-json\/wp\/v2\/posts\/119820","targetHints":{"allow":["GET"]}}],"collection":[{"href":"https:\/\/www.hoymercedes.com.ar\/principal\/wp-json\/wp\/v2\/posts"}],"about":[{"href":"https:\/\/www.hoymercedes.com.ar\/principal\/wp-json\/wp\/v2\/types\/post"}],"author":[{"embeddable":true,"href":"https:\/\/www.hoymercedes.com.ar\/principal\/wp-json\/wp\/v2\/users\/1"}],"replies":[{"embeddable":true,"href":"https:\/\/www.hoymercedes.com.ar\/principal\/wp-json\/wp\/v2\/comments?post=119820"}],"version-history":[{"count":0,"href":"https:\/\/www.hoymercedes.com.ar\/principal\/wp-json\/wp\/v2\/posts\/119820\/revisions"}],"wp:featuredmedia":[{"embeddable":true,"href":"https:\/\/www.hoymercedes.com.ar\/principal\/wp-json\/wp\/v2\/media\/119826"}],"wp:attachment":[{"href":"https:\/\/www.hoymercedes.com.ar\/principal\/wp-json\/wp\/v2\/media?parent=119820"}],"wp:term":[{"taxonomy":"category","embeddable":true,"href":"https:\/\/www.hoymercedes.com.ar\/principal\/wp-json\/wp\/v2\/categories?post=119820"},{"taxonomy":"post_tag","embeddable":true,"href":"https:\/\/www.hoymercedes.com.ar\/principal\/wp-json\/wp\/v2\/tags?post=119820"}],"curies":[{"name":"wp","href":"https:\/\/api.w.org\/{rel}","templated":true}]}}