{"id":119836,"date":"2020-11-09T22:01:03","date_gmt":"2020-11-10T01:01:03","guid":{"rendered":"http:\/\/www.hoymercedes.com.ar\/principal\/?p=119836"},"modified":"2020-11-11T13:30:04","modified_gmt":"2020-11-11T16:30:04","slug":"coronavirus-tres-casos-positivos-se-suman-en-mercedes","status":"publish","type":"post","link":"https:\/\/www.hoymercedes.com.ar\/principal\/2020\/11\/09\/coronavirus-tres-casos-positivos-se-suman-en-mercedes\/","title":{"rendered":"Coronavirus: Tres casos positivos se suman en Mercedes"},"content":{"rendered":"\n<p>En el informe otorgado por las autoridades sanitarias de Mercedes confirman los nuevos casos positivos del d\u00eda. Tres pacientes recibieron el diagn\u00f3stico de covid-19. <\/p>\n\n\n\n<div class=\"wp-block-image\"><figure class=\"aligncenter size-large\"><img loading=\"lazy\" decoding=\"async\" width=\"800\" height=\"800\" data-attachment-id=\"119838\" data-permalink=\"https:\/\/www.hoymercedes.com.ar\/principal\/2020\/11\/09\/coronavirus-tres-casos-positivos-se-suman-en-mercedes\/whatsapp-image-2020-11-09-at-21-52-12\/#main\" data-orig-file=\"https:\/\/www.hoymercedes.com.ar\/principal\/wp-content\/uploads\/2020\/11\/WhatsApp-Image-2020-11-09-at-21.52.12.jpeg\" data-orig-size=\"800,800\" data-comments-opened=\"0\" data-image-meta=\"{&quot;aperture&quot;:&quot;0&quot;,&quot;credit&quot;:&quot;&quot;,&quot;camera&quot;:&quot;&quot;,&quot;caption&quot;:&quot;&quot;,&quot;created_timestamp&quot;:&quot;0&quot;,&quot;copyright&quot;:&quot;&quot;,&quot;focal_length&quot;:&quot;0&quot;,&quot;iso&quot;:&quot;0&quot;,&quot;shutter_speed&quot;:&quot;0&quot;,&quot;title&quot;:&quot;&quot;,&quot;orientation&quot;:&quot;0&quot;}\" data-image-title=\"WhatsApp Image 2020-11-09 at 21.52.12\" data-image-description=\"\" data-image-caption=\"\" data-large-file=\"https:\/\/www.hoymercedes.com.ar\/principal\/wp-content\/uploads\/2020\/11\/WhatsApp-Image-2020-11-09-at-21.52.12.jpeg\" src=\"https:\/\/www.hoymercedes.com.ar\/principal\/wp-content\/uploads\/2020\/11\/WhatsApp-Image-2020-11-09-at-21.52.12.jpeg\" alt=\"\" class=\"wp-image-119838\" srcset=\"https:\/\/www.hoymercedes.com.ar\/principal\/wp-content\/uploads\/2020\/11\/WhatsApp-Image-2020-11-09-at-21.52.12.jpeg 800w, https:\/\/www.hoymercedes.com.ar\/principal\/wp-content\/uploads\/2020\/11\/WhatsApp-Image-2020-11-09-at-21.52.12-620x620.jpeg 620w, https:\/\/www.hoymercedes.com.ar\/principal\/wp-content\/uploads\/2020\/11\/WhatsApp-Image-2020-11-09-at-21.52.12-150x150.jpeg 150w\" sizes=\"auto, (max-width: 800px) 100vw, 800px\" \/><\/figure><\/div>\n\n\n\n<p><strong>Informe sanitario de Mercedes<\/strong>: \u00abEn el d\u00eda de la fecha el Laboratorio de Virolog\u00eda Molecular Municipal por medio de los procesos cient\u00edficos que lleva adelante cotidianamente detect\u00f3 3 nuevos casos positivos de covid-19.<br>Al d\u00eda de la fecha tenemos 53 casos activos. Por su parte 1645 casos se registraron desde iniciada la pandemia con 1557 pacientes recuperados del virus. 4 pacientes obtuvieron el alta m\u00e9dica en el d\u00eda de la fecha.<br>En cuanto al Centro de Aislamiento Sanitario II con todas las normas socio sanitarias y un fuerte trabajo de Salud, Protecci\u00f3n Civil, SAME, Seguridad, Desarrollo Social y Servicios P\u00fablicos no tiene pacientes alojados, aislados y monitoreados\u00bb.<\/p>\n\n\n\n<p><strong>Informe nacional:<\/strong> Fueron confirmados 8.317 nuevos casos de COVID-19. Con estos registros, suman 1.250.499 positivos en el pa\u00eds, de los cuales 1.073.577 son pacientes recuperados y 143.015 son casos confirmados activos. En las \u00faltimas 24 hs fueron realizados 29.570 testeos y desde el inicio del brote se realizaron 3.258.221 pruebas diagn\u00f3sticas para esta enfermedad, lo que equivale a 71.803 muestras por mill\u00f3n de habitantes.<\/p>\n\n\n\n<p>Detalle por provincia (N\u00ba de confirmados | N\u00ba de acumulados): Buenos Aires 2.391 | 572.888; Ciudad de Buenos Aires 401 | 150.977; Catamarca 45 | 1.224; Chaco 125 | 15.183; Chubut 288 | 17.183; C\u00f3rdoba 866 | 94.445; Corrientes 137 | 3.047; Entre R\u00edos 156 | 18.260; Formosa -1 | 161; Jujuy 16 | 18.041; La Pampa 71 | 4.192; La Rioja 21 | 7.870; Mendoza 326 | 50.900; Misiones 7 | 340; Neuqu\u00e9n 149 | 25.403; R\u00edo Negro 356 | 26.585; Salta 65 | 19.611; San Juan 154 | 3.817; San Luis 298 | 9.369; Santa Cruz 136 | 11.222; Santa Fe 1.291 | 119.593; Santiago del Estero 205 | 11.531; Tierra del Fuego 173 | 13.309 y Tucum\u00e1n 641 | 55.368<\/p>\n\n\n\n<p>En las \u00faltimas 24 horas, se notificaron 349 nuevas muertes, son 216 hombres y 133 mujeres. Al momento la cantidad de personas fallecidas es 33.907. Un hombre y una mujer, residentes en la provincia de Buenos Aires y en la provincia de C\u00f3rdoba respectivamente, fueron reclasificadas.<\/p>\n","protected":false},"excerpt":{"rendered":"<p>En el informe otorgado por las autoridades sanitarias de Mercedes confirman los nuevos casos positivos del d\u00eda. Tres pacientes recibieron &#8230; <a title=\"Coronavirus: Tres casos positivos se suman en Mercedes\" class=\"read-more\" href=\"https:\/\/www.hoymercedes.com.ar\/principal\/2020\/11\/09\/coronavirus-tres-casos-positivos-se-suman-en-mercedes\/\" aria-label=\"Leer m\u00e1s sobre Coronavirus: Tres casos positivos se suman en Mercedes\">Leer m\u00e1s<\/a><\/p>\n","protected":false},"author":5,"featured_media":119838,"comment_status":"closed","ping_status":"open","sticky":false,"template":"","format":"standard","meta":{"_monsterinsights_skip_tracking":false,"_monsterinsights_sitenote_active":false,"_monsterinsights_sitenote_note":"","_monsterinsights_sitenote_category":0,"jetpack_post_was_ever_published":false,"_jetpack_newsletter_access":"","_jetpack_dont_email_post_to_subs":false,"_jetpack_newsletter_tier_id":0,"_jetpack_memberships_contains_paywalled_content":false,"_jetpack_memberships_contains_paid_content":false,"footnotes":"","jetpack_publicize_message":"","jetpack_publicize_feature_enabled":true,"jetpack_social_post_already_shared":true,"jetpack_social_options":{"image_generator_settings":{"template":"highway","default_image_id":0,"font":"","enabled":false},"version":2},"_wpas_customize_per_network":false},"categories":[9791],"tags":[16561,16175,16313],"class_list":["post-119836","post","type-post","status-publish","format-standard","has-post-thumbnail","hentry","category-salud","tag-cierre-del-dia","tag-coronavirus","tag-covid-19","generate-columns","tablet-grid-50","mobile-grid-100","grid-parent","grid-50"],"jetpack_publicize_connections":[],"jetpack_featured_media_url":"https:\/\/www.hoymercedes.com.ar\/principal\/wp-content\/uploads\/2020\/11\/WhatsApp-Image-2020-11-09-at-21.52.12.jpeg","wps_subtitle":"Cierre del d\u00eda","jetpack_sharing_enabled":true,"_links":{"self":[{"href":"https:\/\/www.hoymercedes.com.ar\/principal\/wp-json\/wp\/v2\/posts\/119836","targetHints":{"allow":["GET"]}}],"collection":[{"href":"https:\/\/www.hoymercedes.com.ar\/principal\/wp-json\/wp\/v2\/posts"}],"about":[{"href":"https:\/\/www.hoymercedes.com.ar\/principal\/wp-json\/wp\/v2\/types\/post"}],"author":[{"embeddable":true,"href":"https:\/\/www.hoymercedes.com.ar\/principal\/wp-json\/wp\/v2\/users\/5"}],"replies":[{"embeddable":true,"href":"https:\/\/www.hoymercedes.com.ar\/principal\/wp-json\/wp\/v2\/comments?post=119836"}],"version-history":[{"count":0,"href":"https:\/\/www.hoymercedes.com.ar\/principal\/wp-json\/wp\/v2\/posts\/119836\/revisions"}],"wp:featuredmedia":[{"embeddable":true,"href":"https:\/\/www.hoymercedes.com.ar\/principal\/wp-json\/wp\/v2\/media\/119838"}],"wp:attachment":[{"href":"https:\/\/www.hoymercedes.com.ar\/principal\/wp-json\/wp\/v2\/media?parent=119836"}],"wp:term":[{"taxonomy":"category","embeddable":true,"href":"https:\/\/www.hoymercedes.com.ar\/principal\/wp-json\/wp\/v2\/categories?post=119836"},{"taxonomy":"post_tag","embeddable":true,"href":"https:\/\/www.hoymercedes.com.ar\/principal\/wp-json\/wp\/v2\/tags?post=119836"}],"curies":[{"name":"wp","href":"https:\/\/api.w.org\/{rel}","templated":true}]}}