{"id":119867,"date":"2020-11-10T11:27:58","date_gmt":"2020-11-10T14:27:58","guid":{"rendered":"http:\/\/www.hoymercedes.com.ar\/principal\/?p=119867"},"modified":"2020-11-10T14:10:31","modified_gmt":"2020-11-10T17:10:31","slug":"el-sabado-realizan-un-abrazo-al-rio-lujan","status":"publish","type":"post","link":"https:\/\/www.hoymercedes.com.ar\/principal\/2020\/11\/10\/el-sabado-realizan-un-abrazo-al-rio-lujan\/","title":{"rendered":"El s\u00e1bado realizan un abrazo al R\u00edo Luj\u00e1n"},"content":{"rendered":"\n<p>Desde la Asociaci\u00f3n Civil S.O.S. H\u00e1bitat junto a otros organismos relacionados con el cuidado del medio ambiente, invitan para el pr\u00f3ximo s\u00e1bado\u00a014 de noviembre a las 11 hs. a la altura del km 59,5 de la ruta Panamericana, Ramal\u00a0Campana\u00a0(en su cruce con el R\u00edo Luj\u00e1n) a participar de una jornada especial que buscar\u00e1 \u00ababrazar\u00bb de manera simb\u00f3lica el r\u00edo que atravieza el partido de Mercedes.<\/p>\n\n\n\n<div class=\"wp-block-image\"><figure class=\"aligncenter size-large\"><img loading=\"lazy\" decoding=\"async\" width=\"910\" height=\"1024\" data-attachment-id=\"119868\" data-permalink=\"https:\/\/www.hoymercedes.com.ar\/principal\/2020\/11\/10\/el-sabado-realizan-un-abrazo-al-rio-lujan\/10-abrzo-rio\/#main\" data-orig-file=\"https:\/\/www.hoymercedes.com.ar\/principal\/wp-content\/uploads\/2020\/11\/10-abrzo-rio.jpeg\" data-orig-size=\"1138,1280\" data-comments-opened=\"0\" data-image-meta=\"{&quot;aperture&quot;:&quot;0&quot;,&quot;credit&quot;:&quot;&quot;,&quot;camera&quot;:&quot;&quot;,&quot;caption&quot;:&quot;&quot;,&quot;created_timestamp&quot;:&quot;0&quot;,&quot;copyright&quot;:&quot;&quot;,&quot;focal_length&quot;:&quot;0&quot;,&quot;iso&quot;:&quot;0&quot;,&quot;shutter_speed&quot;:&quot;0&quot;,&quot;title&quot;:&quot;&quot;,&quot;orientation&quot;:&quot;0&quot;}\" data-image-title=\"10 abrzo rio\" data-image-description=\"\" data-image-caption=\"\" data-large-file=\"https:\/\/www.hoymercedes.com.ar\/principal\/wp-content\/uploads\/2020\/11\/10-abrzo-rio-910x1024.jpeg\" src=\"https:\/\/www.hoymercedes.com.ar\/principal\/wp-content\/uploads\/2020\/11\/10-abrzo-rio-910x1024.jpeg\" alt=\"\" class=\"wp-image-119868\" srcset=\"https:\/\/www.hoymercedes.com.ar\/principal\/wp-content\/uploads\/2020\/11\/10-abrzo-rio-910x1024.jpeg 910w, https:\/\/www.hoymercedes.com.ar\/principal\/wp-content\/uploads\/2020\/11\/10-abrzo-rio-551x620.jpeg 551w, https:\/\/www.hoymercedes.com.ar\/principal\/wp-content\/uploads\/2020\/11\/10-abrzo-rio-133x150.jpeg 133w, https:\/\/www.hoymercedes.com.ar\/principal\/wp-content\/uploads\/2020\/11\/10-abrzo-rio.jpeg 1138w\" sizes=\"auto, (max-width: 910px) 100vw, 910px\" \/><\/figure><\/div>\n\n\n\n<p>El\u00a0<strong>Abrazo al R\u00edo Luj\u00e1n<\/strong>\u00a0pretende visibilizar la destrucci\u00f3n que representar\u00e1 el plan de obras hidr\u00e1ulicas previstas para el R\u00edo Luj\u00e1n, que incluye el ensanche y rectificaci\u00f3n de casi un 40 % de su recorrido. La eliminaci\u00f3n de sus meandros naturales generar\u00e1 da\u00f1os irreversibles en el r\u00edo y en sus humedales asociados y dar\u00e1 falsas soluciones al problema de las inundaciones que aqueja a algunos sectores de la cuenca. \u00abPor eso decimos:\u00a0El r\u00edo no se toca, sus humedales tampoco\u00bb, afirman las instituciones convocantes. .<\/p>\n\n\n\n<p>\u00abEste\u00a0<strong>Abrazo al R\u00edo Luj\u00e1n<\/strong>\u00a0se realizar\u00e1 en el marco de la\u00a0<strong>Jornada Nacional por una #LeyDeHumedalesYa<\/strong>\u00a0donde converger\u00e1n organizaciones ambientalistas y vecinales de todo el pa\u00eds con el objetivo de impulsar la urgente aprobaci\u00f3n de una ley largamente esperada, pero asediada por la especulaci\u00f3n inmobiliaria, el avance de la frontera agr\u00edcola-ganadera y la miner\u00eda\u00bb, expresan e invitan a conocer el estado de situaci\u00f3n en cada una de las zonas por las que pasa el R\u00edo Luj\u00e1n. }<\/p>\n\n\n\n<p>\u00abEste 14 de noviembre nos haremos presentes, iluminando a lo largo y ancho de todo el mapa argentino, a estos extraordinarios reservorios de vida y agua que son los humedales\u00bb, recuerdan e invitan a asistir con barbijo y cumplir con las normas de distanciamiento social.<\/p>\n","protected":false},"excerpt":{"rendered":"<p>Desde la Asociaci\u00f3n Civil S.O.S. H\u00e1bitat junto a otros organismos relacionados con el cuidado del medio ambiente, invitan para el &#8230; <a title=\"El s\u00e1bado realizan un abrazo al R\u00edo Luj\u00e1n\" class=\"read-more\" href=\"https:\/\/www.hoymercedes.com.ar\/principal\/2020\/11\/10\/el-sabado-realizan-un-abrazo-al-rio-lujan\/\" aria-label=\"Leer m\u00e1s sobre El s\u00e1bado realizan un abrazo al R\u00edo Luj\u00e1n\">Leer m\u00e1s<\/a><\/p>\n","protected":false},"author":5,"featured_media":119868,"comment_status":"closed","ping_status":"open","sticky":false,"template":"","format":"standard","meta":{"_monsterinsights_skip_tracking":false,"_monsterinsights_sitenote_active":false,"_monsterinsights_sitenote_note":"","_monsterinsights_sitenote_category":0,"jetpack_post_was_ever_published":false,"_jetpack_newsletter_access":"","_jetpack_dont_email_post_to_subs":false,"_jetpack_newsletter_tier_id":0,"_jetpack_memberships_contains_paywalled_content":false,"_jetpack_memberships_contains_paid_content":false,"footnotes":"","jetpack_publicize_message":"","jetpack_publicize_feature_enabled":true,"jetpack_social_post_already_shared":true,"jetpack_social_options":{"image_generator_settings":{"template":"highway","default_image_id":0,"font":"","enabled":false},"version":2},"_wpas_customize_per_network":false},"categories":[5501],"tags":[402,887],"class_list":["post-119867","post","type-post","status-publish","format-standard","has-post-thumbnail","hentry","category-region","tag-rio-lujan","tag-sos-habitat","generate-columns","tablet-grid-50","mobile-grid-100","grid-parent","grid-50"],"jetpack_publicize_connections":[],"jetpack_featured_media_url":"https:\/\/www.hoymercedes.com.ar\/principal\/wp-content\/uploads\/2020\/11\/10-abrzo-rio.jpeg","wps_subtitle":"Organizaciones ambientales convocan","jetpack_sharing_enabled":true,"_links":{"self":[{"href":"https:\/\/www.hoymercedes.com.ar\/principal\/wp-json\/wp\/v2\/posts\/119867","targetHints":{"allow":["GET"]}}],"collection":[{"href":"https:\/\/www.hoymercedes.com.ar\/principal\/wp-json\/wp\/v2\/posts"}],"about":[{"href":"https:\/\/www.hoymercedes.com.ar\/principal\/wp-json\/wp\/v2\/types\/post"}],"author":[{"embeddable":true,"href":"https:\/\/www.hoymercedes.com.ar\/principal\/wp-json\/wp\/v2\/users\/5"}],"replies":[{"embeddable":true,"href":"https:\/\/www.hoymercedes.com.ar\/principal\/wp-json\/wp\/v2\/comments?post=119867"}],"version-history":[{"count":0,"href":"https:\/\/www.hoymercedes.com.ar\/principal\/wp-json\/wp\/v2\/posts\/119867\/revisions"}],"wp:featuredmedia":[{"embeddable":true,"href":"https:\/\/www.hoymercedes.com.ar\/principal\/wp-json\/wp\/v2\/media\/119868"}],"wp:attachment":[{"href":"https:\/\/www.hoymercedes.com.ar\/principal\/wp-json\/wp\/v2\/media?parent=119867"}],"wp:term":[{"taxonomy":"category","embeddable":true,"href":"https:\/\/www.hoymercedes.com.ar\/principal\/wp-json\/wp\/v2\/categories?post=119867"},{"taxonomy":"post_tag","embeddable":true,"href":"https:\/\/www.hoymercedes.com.ar\/principal\/wp-json\/wp\/v2\/tags?post=119867"}],"curies":[{"name":"wp","href":"https:\/\/api.w.org\/{rel}","templated":true}]}}