{"id":119935,"date":"2020-11-09T23:59:25","date_gmt":"2020-11-10T02:59:25","guid":{"rendered":"http:\/\/www.hoymercedes.com.ar\/principal\/?p=119935"},"modified":"2020-11-11T13:32:18","modified_gmt":"2020-11-11T16:32:18","slug":"oficializaron-la-candidatura-de-julio-aro-para-el-nobel-de-la-paz-2021","status":"publish","type":"post","link":"https:\/\/www.hoymercedes.com.ar\/principal\/2020\/11\/09\/oficializaron-la-candidatura-de-julio-aro-para-el-nobel-de-la-paz-2021\/","title":{"rendered":"Oficializaron la candidatura de Julio Aro para el Nobel de la Paz 2021"},"content":{"rendered":"\n<p>Confirmaron que tanto, el mercedino, radicado en Mar del Plata, Julio Aro, como el ingl\u00e9s Geoffrey Cardozo -ambos ex combatientes en la Guerra de Malvinas &#8211; ser\u00e1n candidatos al Premio Nobel de la Paz 2021 por su trabajo en la identificaci\u00f3n de los soldados sepultados en el Cementerio de Darwin como soldados argentinos no identificados. El Consejo Superior de la Universidad Nacional de Mar del Plata llev\u00f3 a cabo la inscripci\u00f3n que fue aprobada por el Comit\u00e9 Noruego del Nobel. <\/p>\n\n\n\n<div class=\"wp-block-image\"><figure class=\"aligncenter size-large\"><img loading=\"lazy\" decoding=\"async\" width=\"800\" height=\"488\" data-attachment-id=\"119936\" data-permalink=\"https:\/\/www.hoymercedes.com.ar\/principal\/2020\/11\/09\/oficializaron-la-candidatura-de-julio-aro-para-el-nobel-de-la-paz-2021\/10-julio-aro\/#main\" data-orig-file=\"https:\/\/www.hoymercedes.com.ar\/principal\/wp-content\/uploads\/2020\/11\/10-julio-aro.jpg\" data-orig-size=\"800,488\" data-comments-opened=\"0\" data-image-meta=\"{&quot;aperture&quot;:&quot;0&quot;,&quot;credit&quot;:&quot;&quot;,&quot;camera&quot;:&quot;&quot;,&quot;caption&quot;:&quot;&quot;,&quot;created_timestamp&quot;:&quot;0&quot;,&quot;copyright&quot;:&quot;&quot;,&quot;focal_length&quot;:&quot;0&quot;,&quot;iso&quot;:&quot;0&quot;,&quot;shutter_speed&quot;:&quot;0&quot;,&quot;title&quot;:&quot;&quot;,&quot;orientation&quot;:&quot;0&quot;}\" data-image-title=\"10 julio aro\" data-image-description=\"\" data-image-caption=\"\" data-large-file=\"https:\/\/www.hoymercedes.com.ar\/principal\/wp-content\/uploads\/2020\/11\/10-julio-aro.jpg\" src=\"https:\/\/www.hoymercedes.com.ar\/principal\/wp-content\/uploads\/2020\/11\/10-julio-aro.jpg\" alt=\"\" class=\"wp-image-119936\" srcset=\"https:\/\/www.hoymercedes.com.ar\/principal\/wp-content\/uploads\/2020\/11\/10-julio-aro.jpg 800w, https:\/\/www.hoymercedes.com.ar\/principal\/wp-content\/uploads\/2020\/11\/10-julio-aro-630x384.jpg 630w, https:\/\/www.hoymercedes.com.ar\/principal\/wp-content\/uploads\/2020\/11\/10-julio-aro-150x92.jpg 150w\" sizes=\"auto, (max-width: 800px) 100vw, 800px\" \/><\/figure><\/div>\n\n\n\n<p>En el a\u00f1o 2018, cuando la identificaci\u00f3n de los \u00absoldados argentinos s\u00f3lo conocidos por Dios\u00bb comenzaron a ser identificados en el Cementerio de Darwin en las Islas Malvinas, la Universidad de Mar del Plata inici\u00f3 el proceso para nominar<strong><a rel=\"noreferrer noopener\" href=\"https:\/\/www.hoymercedes.com.ar\/principal\/2018\/03\/27\/propondran-a-julio-aro-y-a-otros-ex-combatientes-para-el-premio-nobel-de-la-paz\/\" data-type=\"URL\" data-id=\"https:\/\/www.hoymercedes.com.ar\/principal\/2018\/03\/27\/propondran-a-julio-aro-y-a-otros-ex-combatientes-para-el-premio-nobel-de-la-paz\/\" target=\"_blank\"> a los dos ex combatientes de Malvinas para el Nobel de la Paz<\/a><\/strong>. Julio Aro y Geoffrey Cardozo trabajaron juntos para ubicar e identificar los restos mortales de los combatientes argentinos como consecuencia del conflicto b\u00e9lico ocurrido entre Argentina e Inglaterra en 1982.<\/p>\n\n\n\n<p>Cardozo le entreg\u00f3 a Julio Aro informaci\u00f3n fundamental para concretar la identificaci\u00f3n de los ca\u00eddos argentinos. Con estos datos, Aro cre\u00f3 la Fundaci\u00f3n No me olvides en la localidad de Mar del Plata &#8211; ciudad en la que reside &#8211; en el a\u00f1o 2009 para darle un marco formal a esta iniciativa. El trabajo de ambos es pieza fundamental para lograr la fraternidad entre las naciones y la promoci\u00f3n de la paz entre los pueblos.<\/p>\n\n\n\n<p>Al conocerse la noticia,\u00a0Julio Aro expres\u00f3 su alegr\u00eda en Radio Brisas de Mar del Plata. \u00abPara nosotros es un orgullo la nominaci\u00f3n porque pone en el tapete todo el trabajo que realizamos junto con Geoffrey Cardozo\u00bb, se\u00f1al\u00f3.<\/p>\n\n\n\n<p>Fuente: InfoBrisas de Mar del Plata. <\/p>\n","protected":false},"excerpt":{"rendered":"<p>Confirmaron que tanto, el mercedino, radicado en Mar del Plata, Julio Aro, como el ingl\u00e9s Geoffrey Cardozo -ambos ex combatientes &#8230; <a title=\"Oficializaron la candidatura de Julio Aro para el Nobel de la Paz 2021\" class=\"read-more\" href=\"https:\/\/www.hoymercedes.com.ar\/principal\/2020\/11\/09\/oficializaron-la-candidatura-de-julio-aro-para-el-nobel-de-la-paz-2021\/\" aria-label=\"Leer m\u00e1s sobre Oficializaron la candidatura de Julio Aro para el Nobel de la Paz 2021\">Leer m\u00e1s<\/a><\/p>\n","protected":false},"author":1,"featured_media":119936,"comment_status":"closed","ping_status":"open","sticky":false,"template":"","format":"standard","meta":{"_monsterinsights_skip_tracking":false,"_monsterinsights_sitenote_active":false,"_monsterinsights_sitenote_note":"","_monsterinsights_sitenote_category":0,"jetpack_post_was_ever_published":false,"_jetpack_newsletter_access":"","_jetpack_dont_email_post_to_subs":false,"_jetpack_newsletter_tier_id":0,"_jetpack_memberships_contains_paywalled_content":false,"_jetpack_memberships_contains_paid_content":false,"footnotes":"","jetpack_publicize_message":"","jetpack_publicize_feature_enabled":true,"jetpack_social_post_already_shared":true,"jetpack_social_options":{"image_generator_settings":{"template":"highway","default_image_id":0,"font":"","enabled":false},"version":2},"_wpas_customize_per_network":false},"categories":[8],"tags":[17267,17268,12833,12834],"class_list":["post-119935","post","type-post","status-publish","format-standard","has-post-thumbnail","hentry","category-sociedad","tag-candidatura","tag-fundacion-no-me-olvides-mar-del-plata","tag-julio-aro","tag-nobel-de-la-paz","generate-columns","tablet-grid-50","mobile-grid-100","grid-parent","grid-50"],"jetpack_publicize_connections":[],"jetpack_featured_media_url":"https:\/\/www.hoymercedes.com.ar\/principal\/wp-content\/uploads\/2020\/11\/10-julio-aro.jpg","wps_subtitle":"Por su trabajo en la identificaci\u00f3n a los Soldados de Malvinas","jetpack_sharing_enabled":true,"_links":{"self":[{"href":"https:\/\/www.hoymercedes.com.ar\/principal\/wp-json\/wp\/v2\/posts\/119935","targetHints":{"allow":["GET"]}}],"collection":[{"href":"https:\/\/www.hoymercedes.com.ar\/principal\/wp-json\/wp\/v2\/posts"}],"about":[{"href":"https:\/\/www.hoymercedes.com.ar\/principal\/wp-json\/wp\/v2\/types\/post"}],"author":[{"embeddable":true,"href":"https:\/\/www.hoymercedes.com.ar\/principal\/wp-json\/wp\/v2\/users\/1"}],"replies":[{"embeddable":true,"href":"https:\/\/www.hoymercedes.com.ar\/principal\/wp-json\/wp\/v2\/comments?post=119935"}],"version-history":[{"count":0,"href":"https:\/\/www.hoymercedes.com.ar\/principal\/wp-json\/wp\/v2\/posts\/119935\/revisions"}],"wp:featuredmedia":[{"embeddable":true,"href":"https:\/\/www.hoymercedes.com.ar\/principal\/wp-json\/wp\/v2\/media\/119936"}],"wp:attachment":[{"href":"https:\/\/www.hoymercedes.com.ar\/principal\/wp-json\/wp\/v2\/media?parent=119935"}],"wp:term":[{"taxonomy":"category","embeddable":true,"href":"https:\/\/www.hoymercedes.com.ar\/principal\/wp-json\/wp\/v2\/categories?post=119935"},{"taxonomy":"post_tag","embeddable":true,"href":"https:\/\/www.hoymercedes.com.ar\/principal\/wp-json\/wp\/v2\/tags?post=119935"}],"curies":[{"name":"wp","href":"https:\/\/api.w.org\/{rel}","templated":true}]}}