{"id":120023,"date":"2020-11-12T18:53:32","date_gmt":"2020-11-12T21:53:32","guid":{"rendered":"http:\/\/www.hoymercedes.com.ar\/principal\/?p=120023"},"modified":"2020-11-12T11:56:53","modified_gmt":"2020-11-12T14:56:53","slug":"santiago-serrano-quedo-cuarto-en-pako","status":"publish","type":"post","link":"https:\/\/www.hoymercedes.com.ar\/principal\/2020\/11\/12\/santiago-serrano-quedo-cuarto-en-pako\/","title":{"rendered":"Santiago Serrano qued\u00f3 cuarto en PAKO"},"content":{"rendered":"\n<p><strong>Santiago Serrano<\/strong> volvi\u00f3 a competir en la divisional <strong>150cc 4T<\/strong> de la categor\u00eda<strong> PAKO<\/strong>, este fin de semana en el <strong><em>Kartodromo de Buenos Aires<\/em><\/strong>.<\/p>\n\n\n\n<figure class=\"wp-block-image size-large\"><img loading=\"lazy\" decoding=\"async\" width=\"1024\" height=\"683\" data-attachment-id=\"120024\" data-permalink=\"https:\/\/www.hoymercedes.com.ar\/principal\/2020\/11\/12\/santiago-serrano-quedo-cuarto-en-pako\/dsc_0514\/#main\" data-orig-file=\"https:\/\/www.hoymercedes.com.ar\/principal\/wp-content\/uploads\/2020\/11\/DSC_0514-scaled.jpg\" data-orig-size=\"2560,1707\" data-comments-opened=\"0\" data-image-meta=\"{&quot;aperture&quot;:&quot;8&quot;,&quot;credit&quot;:&quot;&quot;,&quot;camera&quot;:&quot;NIKON D3500&quot;,&quot;caption&quot;:&quot;&quot;,&quot;created_timestamp&quot;:&quot;1604843423&quot;,&quot;copyright&quot;:&quot;&quot;,&quot;focal_length&quot;:&quot;190&quot;,&quot;iso&quot;:&quot;360&quot;,&quot;shutter_speed&quot;:&quot;0.0005&quot;,&quot;title&quot;:&quot;&quot;,&quot;orientation&quot;:&quot;0&quot;}\" data-image-title=\"DSC_0514\" data-image-description=\"\" data-image-caption=\"\" data-large-file=\"https:\/\/www.hoymercedes.com.ar\/principal\/wp-content\/uploads\/2020\/11\/DSC_0514-1024x683.jpg\" src=\"https:\/\/www.hoymercedes.com.ar\/principal\/wp-content\/uploads\/2020\/11\/DSC_0514-1024x683.jpg\" alt=\"\" class=\"wp-image-120024\" srcset=\"https:\/\/www.hoymercedes.com.ar\/principal\/wp-content\/uploads\/2020\/11\/DSC_0514-1024x683.jpg 1024w, https:\/\/www.hoymercedes.com.ar\/principal\/wp-content\/uploads\/2020\/11\/DSC_0514-630x420.jpg 630w, https:\/\/www.hoymercedes.com.ar\/principal\/wp-content\/uploads\/2020\/11\/DSC_0514-150x100.jpg 150w, https:\/\/www.hoymercedes.com.ar\/principal\/wp-content\/uploads\/2020\/11\/DSC_0514-1536x1024.jpg 1536w, https:\/\/www.hoymercedes.com.ar\/principal\/wp-content\/uploads\/2020\/11\/DSC_0514-2048x1365.jpg 2048w\" sizes=\"auto, (max-width: 1024px) 100vw, 1024px\" \/><\/figure>\n\n\n\n<p><strong>Serrano<\/strong> comenz\u00f3 con el pie derecho la temporada 2020, desde los entrenamientos se mostr\u00f3 r\u00e1pido y logr\u00f3 clasificar <strong>5to<\/strong> con una vuelta de<strong><em> 55s049<\/em><\/strong> sobre el trazado n\u00famero 1 de Buenos Aires.<\/p>\n\n\n\n<p>Una vez que se apag\u00f3 el sem\u00e1foro para la primera final, el de <strong><em>Mercedes<\/em><\/strong> perdi\u00f3 un par de posiciones en la largada, pero r\u00e1pidamente fue recuper\u00e1ndose hasta el <strong>3er<\/strong> escal\u00f3n del podio, pero por un toque en la \u00faltima vuelta, culmin\u00f3<strong> 4to<\/strong>.<\/p>\n\n\n\n<figure class=\"wp-block-image size-large\"><img loading=\"lazy\" decoding=\"async\" width=\"1024\" height=\"683\" data-attachment-id=\"120025\" data-permalink=\"https:\/\/www.hoymercedes.com.ar\/principal\/2020\/11\/12\/santiago-serrano-quedo-cuarto-en-pako\/dsc_0470\/#main\" data-orig-file=\"https:\/\/www.hoymercedes.com.ar\/principal\/wp-content\/uploads\/2020\/11\/DSC_0470-scaled.jpg\" data-orig-size=\"2560,1707\" data-comments-opened=\"0\" data-image-meta=\"{&quot;aperture&quot;:&quot;8&quot;,&quot;credit&quot;:&quot;&quot;,&quot;camera&quot;:&quot;NIKON D3500&quot;,&quot;caption&quot;:&quot;&quot;,&quot;created_timestamp&quot;:&quot;1604842782&quot;,&quot;copyright&quot;:&quot;&quot;,&quot;focal_length&quot;:&quot;220&quot;,&quot;iso&quot;:&quot;400&quot;,&quot;shutter_speed&quot;:&quot;0.0005&quot;,&quot;title&quot;:&quot;&quot;,&quot;orientation&quot;:&quot;0&quot;}\" data-image-title=\"DSC_0470\" data-image-description=\"\" data-image-caption=\"\" data-large-file=\"https:\/\/www.hoymercedes.com.ar\/principal\/wp-content\/uploads\/2020\/11\/DSC_0470-1024x683.jpg\" src=\"https:\/\/www.hoymercedes.com.ar\/principal\/wp-content\/uploads\/2020\/11\/DSC_0470-1024x683.jpg\" alt=\"\" class=\"wp-image-120025\" srcset=\"https:\/\/www.hoymercedes.com.ar\/principal\/wp-content\/uploads\/2020\/11\/DSC_0470-1024x683.jpg 1024w, https:\/\/www.hoymercedes.com.ar\/principal\/wp-content\/uploads\/2020\/11\/DSC_0470-630x420.jpg 630w, https:\/\/www.hoymercedes.com.ar\/principal\/wp-content\/uploads\/2020\/11\/DSC_0470-150x100.jpg 150w, https:\/\/www.hoymercedes.com.ar\/principal\/wp-content\/uploads\/2020\/11\/DSC_0470-1536x1024.jpg 1536w, https:\/\/www.hoymercedes.com.ar\/principal\/wp-content\/uploads\/2020\/11\/DSC_0470-2048x1365.jpg 2048w\" sizes=\"auto, (max-width: 1024px) 100vw, 1024px\" \/><\/figure>\n\n\n\n<p>Para cerrar la actividad del domingo, se disput\u00f3 la Fecha 2 donde<strong> Serrano<\/strong> estuvo cerca de tomar la punta del pelot\u00f3n de la numerosa categor\u00eda en los primeros metros, cuando un roce entre los punteros lo oblig\u00f3 a tomar precauci\u00f3n para no ser parte del incidente. <\/p>\n\n\n\n<p>De esta manera, con el karting n\u00famero 4 fue avanzando y defendi\u00e9ndose de los ataques de sus rivales, cerrando el fin de semana con la<strong> 5ta<\/strong> colocaci\u00f3n de 25 autos en pista.<strong><em>\u00abArrancamos dentro de los tiempos l\u00f3gicos. Largamos 4tos, ven\u00edamos bien, pero a mitad de carrera perdimos el ritmo porque se rompi\u00f3 una cubierta. Para la segunda final pudimos cambiar el neum\u00e1tico y tuvimos una linda largada, pero con un toque inesperado que nos hizo rezagar bastante con la trompa rota. Desde el 9no lugar remontamos y estamos contentos, vamos con todo a la pr\u00f3xima\u00bb<\/em><\/strong>, resumi\u00f3 <strong>Serrano.<\/strong><\/p>\n\n\n\n<p>Disputadas dos fechas, el piloto mercedino se ubica <strong>3ero<\/strong> en el campeonato de la <strong>150cc 4T <\/strong>con 16 puntos. La <strong>PAKO<\/strong> seguir\u00e1 su torneo en diciembre con fecha y escenario a confirmar.<\/p>\n\n\n\n<p>RBO Prensa<\/p>\n","protected":false},"excerpt":{"rendered":"<p>Santiago Serrano volvi\u00f3 a competir en la divisional 150cc 4T de la categor\u00eda PAKO, este fin de semana en el &#8230; <a title=\"Santiago Serrano qued\u00f3 cuarto en PAKO\" class=\"read-more\" href=\"https:\/\/www.hoymercedes.com.ar\/principal\/2020\/11\/12\/santiago-serrano-quedo-cuarto-en-pako\/\" aria-label=\"Leer m\u00e1s sobre Santiago Serrano qued\u00f3 cuarto en PAKO\">Leer m\u00e1s<\/a><\/p>\n","protected":false},"author":1,"featured_media":120024,"comment_status":"closed","ping_status":"open","sticky":false,"template":"","format":"standard","meta":{"_monsterinsights_skip_tracking":false,"_monsterinsights_sitenote_active":false,"_monsterinsights_sitenote_note":"","_monsterinsights_sitenote_category":0,"jetpack_post_was_ever_published":false,"_jetpack_newsletter_access":"","_jetpack_dont_email_post_to_subs":false,"_jetpack_newsletter_tier_id":0,"_jetpack_memberships_contains_paywalled_content":false,"_jetpack_memberships_contains_paid_content":false,"footnotes":"","jetpack_publicize_message":"","jetpack_publicize_feature_enabled":true,"jetpack_social_post_already_shared":true,"jetpack_social_options":{"image_generator_settings":{"template":"highway","default_image_id":0,"font":"","enabled":false},"version":2},"_wpas_customize_per_network":false},"categories":[21],"tags":[9037],"class_list":["post-120023","post","type-post","status-publish","format-standard","has-post-thumbnail","hentry","category-deportes","tag-karting","generate-columns","tablet-grid-50","mobile-grid-100","grid-parent","grid-50"],"jetpack_publicize_connections":[],"jetpack_featured_media_url":"https:\/\/www.hoymercedes.com.ar\/principal\/wp-content\/uploads\/2020\/11\/DSC_0514-scaled.jpg","wps_subtitle":"Automovilismo","jetpack_sharing_enabled":true,"_links":{"self":[{"href":"https:\/\/www.hoymercedes.com.ar\/principal\/wp-json\/wp\/v2\/posts\/120023","targetHints":{"allow":["GET"]}}],"collection":[{"href":"https:\/\/www.hoymercedes.com.ar\/principal\/wp-json\/wp\/v2\/posts"}],"about":[{"href":"https:\/\/www.hoymercedes.com.ar\/principal\/wp-json\/wp\/v2\/types\/post"}],"author":[{"embeddable":true,"href":"https:\/\/www.hoymercedes.com.ar\/principal\/wp-json\/wp\/v2\/users\/1"}],"replies":[{"embeddable":true,"href":"https:\/\/www.hoymercedes.com.ar\/principal\/wp-json\/wp\/v2\/comments?post=120023"}],"version-history":[{"count":0,"href":"https:\/\/www.hoymercedes.com.ar\/principal\/wp-json\/wp\/v2\/posts\/120023\/revisions"}],"wp:featuredmedia":[{"embeddable":true,"href":"https:\/\/www.hoymercedes.com.ar\/principal\/wp-json\/wp\/v2\/media\/120024"}],"wp:attachment":[{"href":"https:\/\/www.hoymercedes.com.ar\/principal\/wp-json\/wp\/v2\/media?parent=120023"}],"wp:term":[{"taxonomy":"category","embeddable":true,"href":"https:\/\/www.hoymercedes.com.ar\/principal\/wp-json\/wp\/v2\/categories?post=120023"},{"taxonomy":"post_tag","embeddable":true,"href":"https:\/\/www.hoymercedes.com.ar\/principal\/wp-json\/wp\/v2\/tags?post=120023"}],"curies":[{"name":"wp","href":"https:\/\/api.w.org\/{rel}","templated":true}]}}