{"id":120036,"date":"2020-11-12T17:52:56","date_gmt":"2020-11-12T20:52:56","guid":{"rendered":"http:\/\/www.hoymercedes.com.ar\/principal\/?p=120036"},"modified":"2020-11-13T18:19:14","modified_gmt":"2020-11-13T21:19:14","slug":"desarrollo-social-municipal-asistio-a-casi-500-familias-durante-el-aislamiento-obligatorio","status":"publish","type":"post","link":"https:\/\/www.hoymercedes.com.ar\/principal\/2020\/11\/12\/desarrollo-social-municipal-asistio-a-casi-500-familias-durante-el-aislamiento-obligatorio\/","title":{"rendered":"Desarrollo Social Municipal asisti\u00f3 a casi 500 familias durante el aislamiento obligatorio"},"content":{"rendered":"\n<p>El \u00e1rea de Desarrollo Social del Municipio de Mercedes asegur\u00f3 que asisti\u00f3 en alimentos y productos de primera necesidad a cerca de 500 familias en los \u00faltimos 8 meses en los cuales la pandemia oblig\u00f3 a llevar adelante un aislamiento obligatorio. <\/p>\n\n\n\n<div class=\"wp-block-image\"><figure class=\"aligncenter size-large\"><img loading=\"lazy\" decoding=\"async\" width=\"800\" height=\"533\" data-attachment-id=\"120046\" data-permalink=\"https:\/\/www.hoymercedes.com.ar\/principal\/2020\/11\/12\/desarrollo-social-municipal-asistio-a-casi-500-familias-durante-el-aislamiento-obligatorio\/12-mansilla\/#main\" data-orig-file=\"https:\/\/www.hoymercedes.com.ar\/principal\/wp-content\/uploads\/2020\/11\/12-mansilla.jpeg\" data-orig-size=\"800,533\" data-comments-opened=\"0\" data-image-meta=\"{&quot;aperture&quot;:&quot;0&quot;,&quot;credit&quot;:&quot;&quot;,&quot;camera&quot;:&quot;&quot;,&quot;caption&quot;:&quot;&quot;,&quot;created_timestamp&quot;:&quot;0&quot;,&quot;copyright&quot;:&quot;&quot;,&quot;focal_length&quot;:&quot;0&quot;,&quot;iso&quot;:&quot;0&quot;,&quot;shutter_speed&quot;:&quot;0&quot;,&quot;title&quot;:&quot;&quot;,&quot;orientation&quot;:&quot;0&quot;}\" data-image-title=\"12 mansilla\" data-image-description=\"\" data-image-caption=\"\" data-large-file=\"https:\/\/www.hoymercedes.com.ar\/principal\/wp-content\/uploads\/2020\/11\/12-mansilla.jpeg\" src=\"https:\/\/www.hoymercedes.com.ar\/principal\/wp-content\/uploads\/2020\/11\/12-mansilla.jpeg\" alt=\"\" class=\"wp-image-120046\" srcset=\"https:\/\/www.hoymercedes.com.ar\/principal\/wp-content\/uploads\/2020\/11\/12-mansilla.jpeg 800w, https:\/\/www.hoymercedes.com.ar\/principal\/wp-content\/uploads\/2020\/11\/12-mansilla-630x420.jpeg 630w, https:\/\/www.hoymercedes.com.ar\/principal\/wp-content\/uploads\/2020\/11\/12-mansilla-150x100.jpeg 150w, https:\/\/www.hoymercedes.com.ar\/principal\/wp-content\/uploads\/2020\/11\/12-mansilla-700x465.jpeg 700w\" sizes=\"auto, (max-width: 800px) 100vw, 800px\" \/><\/figure><\/div>\n\n\n\n<p>Es as\u00ed como el \u00e1rea de salud junto a la de Desarrollo Social y mediante el dispositivo de teleseguimiento fue brindando soporte sanitario y asistencial. \u201ctransitar por la enfermedad y el asilamiento produjo que muchas familias no pudieran continuar con sus trabajos, lo que gener\u00f3 cierta angustia, por ese motivo, desde el Municipio de Mercedes se despleg\u00f3 esta ayuda de asistencia que verdaderamente trajo mucho alivio\u201d asegur\u00f3 Bautista Mansilla coordinador del \u00e1rea de Desarrollo Social.<\/p>\n\n\n\n<p>\u201cEste dispositivo comenz\u00f3 a articularse en el mes de julio y asisti\u00f3 a casi 500 hogares de Mercedes\u201d apunt\u00f3 Mansilla y cont\u00f3 \u201cla misma cuenta con carne, verdura, alimentos secos, higiene personal y elementos de limpieza\u201d.<\/p>\n\n\n\n<p>En este sentido, Mansilla describi\u00f3 \u201clas entregas las hacemos a trav\u00e9s de la Secretar\u00eda de Desarrollo social los d\u00edas lunes, mi\u00e9rcoles y viernes. Previamente, si el operador de salud detecta que la familia tiene alg\u00fan tipo de vulnerabilidad, nos informa, enviamos a una trabajadora social que se interioriza y habla con los integrantes del hogar y a trav\u00e9s de los distintos dispositivos que cuenta el \u00e1rea, intentamos suplir la misma\u201d.<\/p>\n\n\n\n<p>\u00abEl alto compromiso de todo el equipo de profesionales y trabajadores de las diferentes \u00e1reas es important\u00edsimo, donde existe un alto compromiso, responsabilidad y vocaci\u00f3n en la resoluci\u00f3n de los diferentes problemas\u201d destac\u00f3 Mansilla y agreg\u00f3 \u201cesto es muy importante, donde la contenci\u00f3n y la escucha activa de los vecinos es algo primordial para todos los que venimos llevando esta tarea\u201d.<\/p>\n\n\n\n<p>Fuente: Prensa municipal<\/p>\n","protected":false},"excerpt":{"rendered":"<p>El \u00e1rea de Desarrollo Social del Municipio de Mercedes asegur\u00f3 que asisti\u00f3 en alimentos y productos de primera necesidad a &#8230; <a title=\"Desarrollo Social Municipal asisti\u00f3 a casi 500 familias durante el aislamiento obligatorio\" class=\"read-more\" href=\"https:\/\/www.hoymercedes.com.ar\/principal\/2020\/11\/12\/desarrollo-social-municipal-asistio-a-casi-500-familias-durante-el-aislamiento-obligatorio\/\" aria-label=\"Leer m\u00e1s sobre Desarrollo Social Municipal asisti\u00f3 a casi 500 familias durante el aislamiento obligatorio\">Leer m\u00e1s<\/a><\/p>\n","protected":false},"author":1,"featured_media":120046,"comment_status":"closed","ping_status":"open","sticky":false,"template":"","format":"standard","meta":{"_monsterinsights_skip_tracking":false,"_monsterinsights_sitenote_active":false,"_monsterinsights_sitenote_note":"","_monsterinsights_sitenote_category":0,"jetpack_post_was_ever_published":false,"_jetpack_newsletter_access":"","_jetpack_dont_email_post_to_subs":false,"_jetpack_newsletter_tier_id":0,"_jetpack_memberships_contains_paywalled_content":false,"_jetpack_memberships_contains_paid_content":false,"footnotes":"","jetpack_publicize_message":"","jetpack_publicize_feature_enabled":true,"jetpack_social_post_already_shared":true,"jetpack_social_options":{"image_generator_settings":{"template":"highway","default_image_id":0,"font":"","enabled":false},"version":2},"_wpas_customize_per_network":false},"categories":[30],"tags":[870,244,134],"class_list":["post-120036","post","type-post","status-publish","format-standard","has-post-thumbnail","hentry","category-municipio","tag-desarrollo-social","tag-municipio-2","tag-salud","generate-columns","tablet-grid-50","mobile-grid-100","grid-parent","grid-50"],"jetpack_publicize_connections":[],"jetpack_featured_media_url":"https:\/\/www.hoymercedes.com.ar\/principal\/wp-content\/uploads\/2020\/11\/12-mansilla.jpeg","wps_subtitle":"Durante la pandemia","jetpack_sharing_enabled":true,"_links":{"self":[{"href":"https:\/\/www.hoymercedes.com.ar\/principal\/wp-json\/wp\/v2\/posts\/120036","targetHints":{"allow":["GET"]}}],"collection":[{"href":"https:\/\/www.hoymercedes.com.ar\/principal\/wp-json\/wp\/v2\/posts"}],"about":[{"href":"https:\/\/www.hoymercedes.com.ar\/principal\/wp-json\/wp\/v2\/types\/post"}],"author":[{"embeddable":true,"href":"https:\/\/www.hoymercedes.com.ar\/principal\/wp-json\/wp\/v2\/users\/1"}],"replies":[{"embeddable":true,"href":"https:\/\/www.hoymercedes.com.ar\/principal\/wp-json\/wp\/v2\/comments?post=120036"}],"version-history":[{"count":0,"href":"https:\/\/www.hoymercedes.com.ar\/principal\/wp-json\/wp\/v2\/posts\/120036\/revisions"}],"wp:featuredmedia":[{"embeddable":true,"href":"https:\/\/www.hoymercedes.com.ar\/principal\/wp-json\/wp\/v2\/media\/120046"}],"wp:attachment":[{"href":"https:\/\/www.hoymercedes.com.ar\/principal\/wp-json\/wp\/v2\/media?parent=120036"}],"wp:term":[{"taxonomy":"category","embeddable":true,"href":"https:\/\/www.hoymercedes.com.ar\/principal\/wp-json\/wp\/v2\/categories?post=120036"},{"taxonomy":"post_tag","embeddable":true,"href":"https:\/\/www.hoymercedes.com.ar\/principal\/wp-json\/wp\/v2\/tags?post=120036"}],"curies":[{"name":"wp","href":"https:\/\/api.w.org\/{rel}","templated":true}]}}