{"id":120093,"date":"2020-11-13T12:45:35","date_gmt":"2020-11-13T15:45:35","guid":{"rendered":"http:\/\/www.hoymercedes.com.ar\/principal\/?p=120093"},"modified":"2020-11-13T18:07:23","modified_gmt":"2020-11-13T21:07:23","slug":"continua-la-obra-de-pavimentacion-en-la-calle-56-entre-heroes-de-malvinas-y-la-av-29","status":"publish","type":"post","link":"https:\/\/www.hoymercedes.com.ar\/principal\/2020\/11\/13\/continua-la-obra-de-pavimentacion-en-la-calle-56-entre-heroes-de-malvinas-y-la-av-29\/","title":{"rendered":"Contin\u00faa la obra de pavimentaci\u00f3n en la calle 56 entre H\u00e9roes de Malvinas y la av. 29"},"content":{"rendered":"\n<p>La Municipalidad de Mercedes sigue a paso firme con la obra de la calle 56, muy importante para mejorar la calidad de vida de los vecinos de los barrios circundantes. \u201cTenemos obras en distintos puntos de la ciudad, con el acompa\u00f1amiento del Gobierno Nacional y el esfuerzo de todas y todos los mercedinos\u201d afirm\u00f3 el intendente municipal. \u00a0<\/p>\n\n\n\n<div class=\"wp-block-image\"><figure class=\"aligncenter size-large\"><img loading=\"lazy\" decoding=\"async\" width=\"800\" height=\"533\" data-attachment-id=\"120094\" data-permalink=\"https:\/\/www.hoymercedes.com.ar\/principal\/2020\/11\/13\/continua-la-obra-de-pavimentacion-en-la-calle-56-entre-heroes-de-malvinas-y-la-av-29\/obra-1\/#main\" data-orig-file=\"https:\/\/www.hoymercedes.com.ar\/principal\/wp-content\/uploads\/2020\/11\/Obra-1.jpeg\" data-orig-size=\"800,533\" data-comments-opened=\"0\" data-image-meta=\"{&quot;aperture&quot;:&quot;0&quot;,&quot;credit&quot;:&quot;&quot;,&quot;camera&quot;:&quot;&quot;,&quot;caption&quot;:&quot;&quot;,&quot;created_timestamp&quot;:&quot;1605269944&quot;,&quot;copyright&quot;:&quot;&quot;,&quot;focal_length&quot;:&quot;0&quot;,&quot;iso&quot;:&quot;0&quot;,&quot;shutter_speed&quot;:&quot;0&quot;,&quot;title&quot;:&quot;&quot;,&quot;orientation&quot;:&quot;1&quot;}\" data-image-title=\"Obra (1)\" data-image-description=\"\" data-image-caption=\"\" data-large-file=\"https:\/\/www.hoymercedes.com.ar\/principal\/wp-content\/uploads\/2020\/11\/Obra-1.jpeg\" src=\"https:\/\/www.hoymercedes.com.ar\/principal\/wp-content\/uploads\/2020\/11\/Obra-1.jpeg\" alt=\"\" class=\"wp-image-120094\" srcset=\"https:\/\/www.hoymercedes.com.ar\/principal\/wp-content\/uploads\/2020\/11\/Obra-1.jpeg 800w, https:\/\/www.hoymercedes.com.ar\/principal\/wp-content\/uploads\/2020\/11\/Obra-1-630x420.jpeg 630w, https:\/\/www.hoymercedes.com.ar\/principal\/wp-content\/uploads\/2020\/11\/Obra-1-150x100.jpeg 150w, https:\/\/www.hoymercedes.com.ar\/principal\/wp-content\/uploads\/2020\/11\/Obra-1-700x465.jpeg 700w\" sizes=\"auto, (max-width: 800px) 100vw, 800px\" \/><\/figure><\/div>\n\n\n\n<p>Las obras de reasfaltado que inici\u00f3 el municipio en el tercer trimestre vienen a buen ritmo. La primera mitad del a\u00f1o estuvo marcada por la pandemia y el aislamiento obligatorio y al gobierno local tambi\u00e9n le afect\u00f3 esta detenci\u00f3n de los trabajos. &nbsp;<\/p>\n\n\n\n<p>Ya pasado el segundo trimestre, el intendente Juan Ustarroz apret\u00f3 el acelerador y las obras de asfaltado y repavimentaci\u00f3n se empezaron a concretar. &nbsp;<\/p>\n\n\n\n<p>\u201cTen\u00edamos planeadas varias obras y pudimos empezar a darle a los vecinos soluciones para sus problemas. En el caso puntual de la obra de la calle 56 podemos decir que hemos avanzado mucho en los \u00faltimos d\u00edas. Ya se hizo el suelo cal y ahora se est\u00e1 trabajando en la preparaci\u00f3n y colocaci\u00f3n del suelo cemento\u201d, cont\u00f3 el presidente del Concejo Deliberante Mat\u00edas Dematei sobre la obra de la calle 56 entre H\u00e9roes de Malvinas y avenida 29. &nbsp;<\/p>\n\n\n\n<p><\/p>\n","protected":false},"excerpt":{"rendered":"<p>La Municipalidad de Mercedes sigue a paso firme con la obra de la calle 56, muy importante para mejorar la &#8230; <a title=\"Contin\u00faa la obra de pavimentaci\u00f3n en la calle 56 entre H\u00e9roes de Malvinas y la av. 29\" class=\"read-more\" href=\"https:\/\/www.hoymercedes.com.ar\/principal\/2020\/11\/13\/continua-la-obra-de-pavimentacion-en-la-calle-56-entre-heroes-de-malvinas-y-la-av-29\/\" aria-label=\"Leer m\u00e1s sobre Contin\u00faa la obra de pavimentaci\u00f3n en la calle 56 entre H\u00e9roes de Malvinas y la av. 29\">Leer m\u00e1s<\/a><\/p>\n","protected":false},"author":5,"featured_media":120094,"comment_status":"closed","ping_status":"open","sticky":false,"template":"","format":"standard","meta":{"_monsterinsights_skip_tracking":false,"_monsterinsights_sitenote_active":false,"_monsterinsights_sitenote_note":"","_monsterinsights_sitenote_category":0,"jetpack_post_was_ever_published":false,"_jetpack_newsletter_access":"","_jetpack_dont_email_post_to_subs":false,"_jetpack_newsletter_tier_id":0,"_jetpack_memberships_contains_paywalled_content":false,"_jetpack_memberships_contains_paid_content":false,"footnotes":"","jetpack_publicize_message":"","jetpack_publicize_feature_enabled":true,"jetpack_social_post_already_shared":true,"jetpack_social_options":{"image_generator_settings":{"template":"highway","default_image_id":0,"font":"","enabled":false},"version":2},"_wpas_customize_per_network":false},"categories":[30],"tags":[244,5947],"class_list":["post-120093","post","type-post","status-publish","format-standard","has-post-thumbnail","hentry","category-municipio","tag-municipio-2","tag-obras-publicas","generate-columns","tablet-grid-50","mobile-grid-100","grid-parent","grid-50"],"jetpack_publicize_connections":[],"jetpack_featured_media_url":"https:\/\/www.hoymercedes.com.ar\/principal\/wp-content\/uploads\/2020\/11\/Obra-1.jpeg","wps_subtitle":"Obras p\u00fablicas","jetpack_sharing_enabled":true,"_links":{"self":[{"href":"https:\/\/www.hoymercedes.com.ar\/principal\/wp-json\/wp\/v2\/posts\/120093","targetHints":{"allow":["GET"]}}],"collection":[{"href":"https:\/\/www.hoymercedes.com.ar\/principal\/wp-json\/wp\/v2\/posts"}],"about":[{"href":"https:\/\/www.hoymercedes.com.ar\/principal\/wp-json\/wp\/v2\/types\/post"}],"author":[{"embeddable":true,"href":"https:\/\/www.hoymercedes.com.ar\/principal\/wp-json\/wp\/v2\/users\/5"}],"replies":[{"embeddable":true,"href":"https:\/\/www.hoymercedes.com.ar\/principal\/wp-json\/wp\/v2\/comments?post=120093"}],"version-history":[{"count":0,"href":"https:\/\/www.hoymercedes.com.ar\/principal\/wp-json\/wp\/v2\/posts\/120093\/revisions"}],"wp:featuredmedia":[{"embeddable":true,"href":"https:\/\/www.hoymercedes.com.ar\/principal\/wp-json\/wp\/v2\/media\/120094"}],"wp:attachment":[{"href":"https:\/\/www.hoymercedes.com.ar\/principal\/wp-json\/wp\/v2\/media?parent=120093"}],"wp:term":[{"taxonomy":"category","embeddable":true,"href":"https:\/\/www.hoymercedes.com.ar\/principal\/wp-json\/wp\/v2\/categories?post=120093"},{"taxonomy":"post_tag","embeddable":true,"href":"https:\/\/www.hoymercedes.com.ar\/principal\/wp-json\/wp\/v2\/tags?post=120093"}],"curies":[{"name":"wp","href":"https:\/\/api.w.org\/{rel}","templated":true}]}}