{"id":120117,"date":"2020-11-14T06:11:07","date_gmt":"2020-11-14T09:11:07","guid":{"rendered":"http:\/\/www.hoymercedes.com.ar\/principal\/?p=120117"},"modified":"2020-11-14T10:19:43","modified_gmt":"2020-11-14T13:19:43","slug":"tren-turistico-encuentro-entre-belgrano-cargas-trenes-argentinos-amigos-del-belgrano-y-municipio","status":"publish","type":"post","link":"https:\/\/www.hoymercedes.com.ar\/principal\/2020\/11\/14\/tren-turistico-encuentro-entre-belgrano-cargas-trenes-argentinos-amigos-del-belgrano-y-municipio\/","title":{"rendered":"Tren Tur\u00edstico: Encuentro entre Belgrano Cargas, Trenes Argentinos, Amigos del Belgrano y Municipio"},"content":{"rendered":"\n<p>Una reuni\u00f3n de trabajo se llev\u00f3 a cabo entre la Municipalidad, Belgrano Cargas, Trenes Argentinos y Amigos del Belgrano. La secretaria de gobierno Clara Zunino encabez\u00f3 el encuentro con Daniel Vispo, presidente de la l\u00ednea Belgrano Cargas y Marcelo Ju\u00e1rez, gerente de la mencionada instituci\u00f3n. Se cont\u00f3 tambi\u00e9n con la presencia del Jefe de Gabinete L\u00f3pez Baggio. <\/p>\n\n\n\n<div class=\"wp-block-image\"><figure class=\"aligncenter size-large\"><img loading=\"lazy\" decoding=\"async\" width=\"798\" height=\"532\" data-attachment-id=\"120118\" data-permalink=\"https:\/\/www.hoymercedes.com.ar\/principal\/2020\/11\/14\/tren-turistico-encuentro-entre-belgrano-cargas-trenes-argentinos-amigos-del-belgrano-y-municipio\/13-reunion-belgrano-carga\/#main\" data-orig-file=\"https:\/\/www.hoymercedes.com.ar\/principal\/wp-content\/uploads\/2020\/11\/13-reunion-belgrano-carga.jpeg\" data-orig-size=\"798,532\" data-comments-opened=\"0\" data-image-meta=\"{&quot;aperture&quot;:&quot;0&quot;,&quot;credit&quot;:&quot;&quot;,&quot;camera&quot;:&quot;&quot;,&quot;caption&quot;:&quot;&quot;,&quot;created_timestamp&quot;:&quot;0&quot;,&quot;copyright&quot;:&quot;&quot;,&quot;focal_length&quot;:&quot;0&quot;,&quot;iso&quot;:&quot;0&quot;,&quot;shutter_speed&quot;:&quot;0&quot;,&quot;title&quot;:&quot;&quot;,&quot;orientation&quot;:&quot;0&quot;}\" data-image-title=\"13 reunion belgrano carga\" data-image-description=\"\" data-image-caption=\"\" data-large-file=\"https:\/\/www.hoymercedes.com.ar\/principal\/wp-content\/uploads\/2020\/11\/13-reunion-belgrano-carga.jpeg\" src=\"https:\/\/www.hoymercedes.com.ar\/principal\/wp-content\/uploads\/2020\/11\/13-reunion-belgrano-carga.jpeg\" alt=\"\" class=\"wp-image-120118\" srcset=\"https:\/\/www.hoymercedes.com.ar\/principal\/wp-content\/uploads\/2020\/11\/13-reunion-belgrano-carga.jpeg 798w, https:\/\/www.hoymercedes.com.ar\/principal\/wp-content\/uploads\/2020\/11\/13-reunion-belgrano-carga-630x420.jpeg 630w, https:\/\/www.hoymercedes.com.ar\/principal\/wp-content\/uploads\/2020\/11\/13-reunion-belgrano-carga-150x100.jpeg 150w\" sizes=\"auto, (max-width: 798px) 100vw, 798px\" \/><\/figure><\/div>\n\n\n\n<p>El director de turismo, Mart\u00edn Boragno, manifest\u00f3 que \u201cfue un nuevo encuentro de esta mesa de trabajo y gesti\u00f3n que semanas atr\u00e1s iniciamos con el intendente Ustarroz. Ahora a los funcionarios nos toca efectuar la tarea fina, los detalles, para que este sue\u00f1o avance como todos los mercedinos deseamos\u201d, afirm\u00f3 y record\u00f3 \u201cpor eso quiero aprovechar y tambi\u00e9n agradecer a nuestro ministro Wado de Pedro, que siempre est\u00e1 d\u00e1ndonos una mano para agilizar cualquier tr\u00e1mite que la ciudad necesita\u201d afirm\u00f3. &nbsp;<\/p>\n\n\n\n<p>La directora de cultura, Lucia Capaccio, fue parte del encuentro dado que tiene un punto central en el Complejo La Trocha, el espacio que en 2015 se recuper\u00f3 para toda la ciudad y se convirti\u00f3 en un eje cultural, tur\u00edstico y solidario. &nbsp;<\/p>\n\n\n\n<p>Vale recordar que tambi\u00e9n se articula y agradece a \u201cTrenes Argentinos Capital Humano, a su presidente, Daniel Contreras, quien tambi\u00e9n ha sido parte de las gestiones, como as\u00ed tambi\u00e9n al diputado Selva\u201d coment\u00f3 Boragno &nbsp;<\/p>\n\n\n\n<p>Los participantes coincidieron que fue \u201cuna excelente jornada con la presencia los actores que est\u00e1n definiendo el sue\u00f1o del tren tur\u00edstico. Relevamiento de obras, desmalezamiento de v\u00edas, pasos a nivel. Junta de v\u00edas para dar m\u00e1s seguridad, entre otros temas sumamente necesarios\u201d afirmaron. &nbsp;<\/p>\n\n\n\n<p>Estuvieron tambi\u00e9n presentes el jefe de gabinete, Juan Pablo L\u00f3pez Baggio, el diputado nacional Carlos Selva, Amigos del Belgrano, que son una pieza fundamental en el proyecto, trabajador y trabajadores de la municipalidad. Vale recordar que tanto turismo como cultura dependen de gobierno con lo cual la articulaci\u00f3n es constante en la planificaci\u00f3n &nbsp;<\/p>\n","protected":false},"excerpt":{"rendered":"<p>Una reuni\u00f3n de trabajo se llev\u00f3 a cabo entre la Municipalidad, Belgrano Cargas, Trenes Argentinos y Amigos del Belgrano. La &#8230; <a title=\"Tren Tur\u00edstico: Encuentro entre Belgrano Cargas, Trenes Argentinos, Amigos del Belgrano y Municipio\" class=\"read-more\" href=\"https:\/\/www.hoymercedes.com.ar\/principal\/2020\/11\/14\/tren-turistico-encuentro-entre-belgrano-cargas-trenes-argentinos-amigos-del-belgrano-y-municipio\/\" aria-label=\"Leer m\u00e1s sobre Tren Tur\u00edstico: Encuentro entre Belgrano Cargas, Trenes Argentinos, Amigos del Belgrano y Municipio\">Leer m\u00e1s<\/a><\/p>\n","protected":false},"author":1,"featured_media":120118,"comment_status":"closed","ping_status":"open","sticky":false,"template":"","format":"standard","meta":{"_monsterinsights_skip_tracking":false,"_monsterinsights_sitenote_active":false,"_monsterinsights_sitenote_note":"","_monsterinsights_sitenote_category":0,"jetpack_post_was_ever_published":false,"_jetpack_newsletter_access":"","_jetpack_dont_email_post_to_subs":false,"_jetpack_newsletter_tier_id":0,"_jetpack_memberships_contains_paywalled_content":false,"_jetpack_memberships_contains_paid_content":false,"footnotes":"","jetpack_publicize_message":"","jetpack_publicize_feature_enabled":true,"jetpack_social_post_already_shared":true,"jetpack_social_options":{"image_generator_settings":{"template":"highway","default_image_id":0,"font":"","enabled":false},"version":2},"_wpas_customize_per_network":false},"categories":[30],"tags":[],"class_list":["post-120117","post","type-post","status-publish","format-standard","has-post-thumbnail","hentry","category-municipio","generate-columns","tablet-grid-50","mobile-grid-100","grid-parent","grid-50"],"jetpack_publicize_connections":[],"jetpack_featured_media_url":"https:\/\/www.hoymercedes.com.ar\/principal\/wp-content\/uploads\/2020\/11\/13-reunion-belgrano-carga.jpeg","wps_subtitle":"En La Trocha","jetpack_sharing_enabled":true,"_links":{"self":[{"href":"https:\/\/www.hoymercedes.com.ar\/principal\/wp-json\/wp\/v2\/posts\/120117","targetHints":{"allow":["GET"]}}],"collection":[{"href":"https:\/\/www.hoymercedes.com.ar\/principal\/wp-json\/wp\/v2\/posts"}],"about":[{"href":"https:\/\/www.hoymercedes.com.ar\/principal\/wp-json\/wp\/v2\/types\/post"}],"author":[{"embeddable":true,"href":"https:\/\/www.hoymercedes.com.ar\/principal\/wp-json\/wp\/v2\/users\/1"}],"replies":[{"embeddable":true,"href":"https:\/\/www.hoymercedes.com.ar\/principal\/wp-json\/wp\/v2\/comments?post=120117"}],"version-history":[{"count":0,"href":"https:\/\/www.hoymercedes.com.ar\/principal\/wp-json\/wp\/v2\/posts\/120117\/revisions"}],"wp:featuredmedia":[{"embeddable":true,"href":"https:\/\/www.hoymercedes.com.ar\/principal\/wp-json\/wp\/v2\/media\/120118"}],"wp:attachment":[{"href":"https:\/\/www.hoymercedes.com.ar\/principal\/wp-json\/wp\/v2\/media?parent=120117"}],"wp:term":[{"taxonomy":"category","embeddable":true,"href":"https:\/\/www.hoymercedes.com.ar\/principal\/wp-json\/wp\/v2\/categories?post=120117"},{"taxonomy":"post_tag","embeddable":true,"href":"https:\/\/www.hoymercedes.com.ar\/principal\/wp-json\/wp\/v2\/tags?post=120117"}],"curies":[{"name":"wp","href":"https:\/\/api.w.org\/{rel}","templated":true}]}}