{"id":120148,"date":"2020-11-14T12:00:01","date_gmt":"2020-11-14T15:00:01","guid":{"rendered":"http:\/\/www.hoymercedes.com.ar\/principal\/?p=120148"},"modified":"2020-11-14T10:51:59","modified_gmt":"2020-11-14T13:51:59","slug":"ley-de-humedales-ya-15-proyectos-y-ninguna-ley","status":"publish","type":"post","link":"https:\/\/www.hoymercedes.com.ar\/principal\/2020\/11\/14\/ley-de-humedales-ya-15-proyectos-y-ninguna-ley\/","title":{"rendered":"\u00a1Ley de Humedales Ya!: 15 proyectos y ninguna ley"},"content":{"rendered":"\n<p>Ambientalistas de todo el pa\u00eds convocan a una semana de lucha para lograr el avance urgente del proyecto de Ley de Humedales. La recientemente conformada Red Nacional de Humedales inform\u00f3 acerca de la convocatoria a una \u201cSemana por los Humedales\u201d, comenzando el 14 de noviembre con una Jornada de Lucha y Visibilizaci\u00f3n del pedido de sanci\u00f3n de una ley de presupuestos m\u00ednimos para la protecci\u00f3n de los humedales.<\/p>\n\n\n\n<div class=\"wp-block-image\"><figure class=\"aligncenter size-large\"><img loading=\"lazy\" decoding=\"async\" width=\"800\" height=\"800\" data-attachment-id=\"120149\" data-permalink=\"https:\/\/www.hoymercedes.com.ar\/principal\/2020\/11\/14\/ley-de-humedales-ya-15-proyectos-y-ninguna-ley\/mail-2-2\/#main\" data-orig-file=\"https:\/\/www.hoymercedes.com.ar\/principal\/wp-content\/uploads\/2020\/11\/mail-2.jpeg\" data-orig-size=\"800,800\" data-comments-opened=\"0\" data-image-meta=\"{&quot;aperture&quot;:&quot;0&quot;,&quot;credit&quot;:&quot;&quot;,&quot;camera&quot;:&quot;&quot;,&quot;caption&quot;:&quot;&quot;,&quot;created_timestamp&quot;:&quot;0&quot;,&quot;copyright&quot;:&quot;&quot;,&quot;focal_length&quot;:&quot;0&quot;,&quot;iso&quot;:&quot;0&quot;,&quot;shutter_speed&quot;:&quot;0&quot;,&quot;title&quot;:&quot;&quot;,&quot;orientation&quot;:&quot;0&quot;}\" data-image-title=\"mail (2)\" data-image-description=\"\" data-image-caption=\"\" data-large-file=\"https:\/\/www.hoymercedes.com.ar\/principal\/wp-content\/uploads\/2020\/11\/mail-2.jpeg\" src=\"https:\/\/www.hoymercedes.com.ar\/principal\/wp-content\/uploads\/2020\/11\/mail-2.jpeg\" alt=\"\" class=\"wp-image-120149\" srcset=\"https:\/\/www.hoymercedes.com.ar\/principal\/wp-content\/uploads\/2020\/11\/mail-2.jpeg 800w, https:\/\/www.hoymercedes.com.ar\/principal\/wp-content\/uploads\/2020\/11\/mail-2-620x620.jpeg 620w, https:\/\/www.hoymercedes.com.ar\/principal\/wp-content\/uploads\/2020\/11\/mail-2-150x150.jpeg 150w\" sizes=\"auto, (max-width: 800px) 100vw, 800px\" \/><\/figure><\/div>\n\n\n\n<p>Entre los apoyos expl\u00edcitos con que cuenta el proyecto de Ley se destacan:<br>\u25cf La solicitud de 315 organizaciones de la sociedad civil, presentada a los diputados de la Comisi\u00f3n ad hoc el 30 de septiembre, por iniciativa del Programa Humedales sin Fronteras.<br>\u25cf El apoyo de 190 profesionales de distintos institutos y universidades de todo el pa\u00eds a instancias de una carta promovida por el Instituto 3iA de la UNSAM.<br>\u25cf M\u00e1s de 615 mil personas que hasta el momento han firmado las peticiones online que reclaman una Ley de Humedales Ya.<\/p>\n\n\n\n<p>\u00abEl apoyo a la sanci\u00f3n de la Ley de Humedales es tan abrumador como urgente. Pr\u00e1cticamente todos los humedales del pa\u00eds sufren fuertes presiones ante el avance del sector minero, forestal, la ganader\u00eda industrial, la agricultura intensiva, las urbanizaciones y el turismo, entre otros usos, que se est\u00e1n llevando adelante sin respetar a los humedales y sus pobladores. La Ley de humedales es una iniciativa ciudadana con 8 a\u00f1os de recorrido en el Congreso Nacional, y que ya ha obtenido dos medias sanciones por parte del Senado, (2013 y 2016), pero no se logr\u00f3 que fuera aprobada por la C\u00e1mara de Diputados\u00bb, expresan los ambientalistas de la regi\u00f3n.<\/p>\n\n\n\n<p>\u00abEste a\u00f1o al calor de los incendios que arrasaron cientos de miles de hect\u00e1reas de humedales y bosques en todo el pa\u00eds, pero con mayor intensidad en las provincias del litoral, proliferaron los proyectos de ley de humedales. Son 15 los proyectos que tienen estado parlamentario en las C\u00e1maras de Diputados y Senadores6. Durante los \u00faltimos meses se ha trabajado con esfuerzo en un texto de unificaci\u00f3n en el marco de la Comisi\u00f3n de Recursos Naturales y Conservaci\u00f3n del Ambiente Humano de la C\u00e1mara de Diputados. Sin embargo, no se avanz\u00f3 hasta ahora, siquiera con un dictamen de comisi\u00f3n para darle un respaldo institucional a la comprometida, intensa y pertinente participaci\u00f3n cient\u00edfica, ciudadana y de las organizaciones ambientales\u00bb, agregan.<\/p>\n\n\n\n<p>\u00abEste texto unificado es el que cuenta con el consenso y apoyo de tanto de los ambientalistas de la red, como de ONGs vinculadas a la tem\u00e1tica de humedales y de los principales especialistas del sistema acad\u00e9mico cient\u00edfico. Desde la ReNaHu queremos dejar en claro que, desde la sociedad se ha dado todo para lograr una ley necesaria y urgente Pero no hubo respuesta por parte del Congreso de la Naci\u00f3n y de los responsables pol\u00edticos de definir y avanzar hacia una ley de protecci\u00f3n de humedales. <\/p>\n\n\n\n<p>Para visibilizar la urgencia de la sanci\u00f3n de la Ley, organizaciones, asambleas, colectivos y grupos que integran la ReNaHu est\u00e1n convocando a diversas actividades locales para dar inicio a la Semana por los Humedales el d\u00eda s\u00e1bado 14 de noviembre: <\/p>\n\n\n\n<ul class=\"wp-block-list\"><li>Abrazo al R\u00edo Luj\u00e1n: Lugar: Panamericana, ramal Campana Km 59,5. Provincia de Buenos Aires. Horario: 11 hs. El evento trata de visibilizar la destrucci\u00f3n que sufrir\u00e1 el r\u00edo Luj\u00e1n y sus humedales debido a las obras hidr\u00e1ulicas que realizar\u00e1n en su cuenca y que se presentan como una soluci\u00f3n a las inundaciones. Convoca: Red del R\u00edo Luj\u00e1n<\/li><\/ul>\n\n\n\n<ul class=\"wp-block-list\"><li>Jornada n\u00e1utica por los humedales con Abrazo a las Islas Lechiguanas. Lugar: Salida desde Plaza del Estibador a las 8 hs el d\u00eda 14 de noviembre de 2020. Ramallo, Provincia de Buenos Aires. Convocatoria a veh\u00edculos n\u00e1uticos a vela, motor y remo. Convoca: ONG UPVA- Ramallo<\/li><\/ul>\n\n\n\n<ul class=\"wp-block-list\"><li>Abrazo al r\u00edo Paran\u00e1 y su ribera. Abrazo en conjunto entre organizaciones ecologistas pescadores artesanales artistas y sociedad civil. Lugar: Costanera de corrientes. 16hs. Ciudad de Corrientes. Convocan: Guardianes del Iber\u00e1 Gremio Mallonero (FeTraC) y organizaciones integrantes de la Campa\u00f1a Ley de Humedales Ya Corrientes.<\/li><\/ul>\n\n\n\n<ul class=\"wp-block-list\"><li>Deriva de semillas en el Paran\u00e1 y velas al r\u00edo Negro: durante la tarde navegaci\u00f3n, conversatorio en la isla Noguera y siembra de semillas en barquitos de papel al Paran\u00e1, restaurando la flora quemada. Intervenci\u00f3n nocturna y conversatorio en la desembocadura del r\u00edo Negro, soltando velas encendidas flotando, buscando iluminar las oscuras intenciones de los proyectos inmobiliarios sobre la ribera. Lugar. Club N\u00e1utico Barranqueras. Chaco. Convocan: Defensores del r\u00edo Negro.<\/li><\/ul>\n\n\n\n<ul class=\"wp-block-list\"><li>Caravana del fuego: marcha por calles principales de la ciudad de Rosario finalizando en Plaza San Mart\u00edn donde se encuentra actualmente el acampe. Lugar. A partir de las 19 horas desde Plaza L\u00f3pez hasta Plaza San Mart\u00edn, yendo por Av. Pellegrini, doblando en Bv Oro\u00f1o para llegar luego a la plaza. Convocan: Multisectorial Humedales, Paran\u00e1 No Se Toca, Autoconvocadxs por el Humedal, MOREDEHU (Movimiento Regional en Defensa de los Humedales).<\/li><\/ul>\n\n\n\n<ul class=\"wp-block-list\"><li>Vigilia por los humedales y por el acceso libre a las costas: Movida n\u00e1utica. Lugar: Playa del Puente. Gualeguaych\u00fa y Pueblo Belgrano, Entre R\u00edos. 18 hs. Mural colectivo y silueta de la fauna de los humedales \u00bfQu\u00e9 es el r\u00edo para vos? Convocan: Vecinos Asociaci\u00f3n por la Justicia Ambiental, Colectivo Me hago Cargo Guaba, Asamblea Abierta Liberar.nos y otras organizaciones de Gualeguaych\u00fa y Pueblo Belgrano.<\/li><\/ul>\n\n\n\n<ul class=\"wp-block-list\"><li>NO VENDAN LA COSTANERA: Intervenci\u00f3n en Parques P\u00fablicos de la Ciudad de Buenos Aires. Parque Las Heras 15hs. Plaza Clemente 16hs. Parque Saavedra 17hs. Lugar CABA. # Se pasa al domingo 15\/11 en caso de Lluvia. Convocan: Coordinadora \u00abLa Ciudad Somos Quienes La Habitamos \/ Observatorio del Derecho a la Ciudad. <\/li><\/ul>\n\n\n\n<ul class=\"wp-block-list\"><li>Inicio de intervenci\u00f3n art\u00edstica participativa: realizaremos un mural bajo la tem\u00e1tica \u00abAves del Humedal\u00bb dejando plasmado en \u00e9l, el hashtag #LeyDeHumedalesYa, e invitando a les vecines de la ciudad a sacarse una foto con el mismo y subir la foto en sus redes sociales con dicho hashtag. Lugar: Concepci\u00f3n del Uruguay, Entre R\u00edos. Convocan: artistas locales junto al COA G\u00fcir\u00e1 Pir\u00e1 y Vecinos por los Humedales del rio Uruguay. #Previamente a modo de vigilia; 9\u00b0 encuentro de la Ronda de Encuentros Virtuales \u00abConocer para proteger\u00bb organizada por Vecinos por los Humedales del r\u00edo Uruguay.<\/li><\/ul>\n\n\n\n<p>Otros d\u00edas de la semana que tendremos actividades:<\/p>\n\n\n\n<ul class=\"wp-block-list\"><li>15\/11. Intervenci\u00f3n art\u00edstica a las 13HS en las puertas del Congreso. CABA. Convoca: J\u00f3venes por el Clima<\/li><li>21\/11. Festival Artivista Isle\u00f1e por la Ley De Humedales Ya y la Vida en el humedal: en en el marco de la Campa\u00f1a \u00abCuidemos el Humedal en V\u00edsperas a un Verano Ardiente\u00bb. Lugar: 10 hs Marcha N\u00e1utica por r\u00edo Tigre, 11hs. Marcha desde Amarras Hugo del Carril a la Estaci\u00f3n Fluvial de Tigre, Provincia de Buenos Aires. 11.30 Festival art\u00edstico en la Estaci\u00f3n Fluvial: para visibilizar nuestras vidas diversas y disidentes en el humedal; las quemas de pajonales, contaminaci\u00f3n del r\u00edo, navegaci\u00f3n y turismo depredador. Convoca: Comunidad Isle\u00f1a<\/li><\/ul>\n\n\n\n<ul class=\"wp-block-list\"><li>20\/11. Movilizaci\u00f3n art\u00edstica en la plaza central de Mor\u00f3n Provincia de Bs. As. Mor\u00f3n. Convoca: Orga isla verde<\/li><\/ul>\n\n\n\n<p>Por \u00faltimo desde la ReNaHu se\u00f1alamos que si bien es de p\u00fablico conocimiento que son las presiones de las corporaciones mineras, del agro negocio, de las c\u00e1maras forestales e inmobiliarias las que inciden en el no avance de la ley; la responsabilidad pol\u00edtica es de los jefes de los frentes pol\u00edticos mayoritarios en la c\u00e1mara de diputados: \u00a1Ley de Humedales Ya!<\/p>\n","protected":false},"excerpt":{"rendered":"<p>Ambientalistas de todo el pa\u00eds convocan a una semana de lucha para lograr el avance urgente del proyecto de Ley &#8230; <a title=\"\u00a1Ley de Humedales Ya!: 15 proyectos y ninguna ley\" class=\"read-more\" href=\"https:\/\/www.hoymercedes.com.ar\/principal\/2020\/11\/14\/ley-de-humedales-ya-15-proyectos-y-ninguna-ley\/\" aria-label=\"Leer m\u00e1s sobre \u00a1Ley de Humedales Ya!: 15 proyectos y ninguna ley\">Leer m\u00e1s<\/a><\/p>\n","protected":false},"author":5,"featured_media":120149,"comment_status":"closed","ping_status":"open","sticky":false,"template":"","format":"standard","meta":{"_monsterinsights_skip_tracking":false,"_monsterinsights_sitenote_active":false,"_monsterinsights_sitenote_note":"","_monsterinsights_sitenote_category":0,"jetpack_post_was_ever_published":false,"_jetpack_newsletter_access":"","_jetpack_dont_email_post_to_subs":false,"_jetpack_newsletter_tier_id":0,"_jetpack_memberships_contains_paywalled_content":false,"_jetpack_memberships_contains_paid_content":false,"footnotes":"","jetpack_publicize_message":"","jetpack_publicize_feature_enabled":true,"jetpack_social_post_already_shared":true,"jetpack_social_options":{"image_generator_settings":{"template":"highway","default_image_id":0,"font":"","enabled":false},"version":2},"_wpas_customize_per_network":false},"categories":[5501],"tags":[],"class_list":["post-120148","post","type-post","status-publish","format-standard","has-post-thumbnail","hentry","category-region","generate-columns","tablet-grid-50","mobile-grid-100","grid-parent","grid-50"],"jetpack_publicize_connections":[],"jetpack_featured_media_url":"https:\/\/www.hoymercedes.com.ar\/principal\/wp-content\/uploads\/2020\/11\/mail-2.jpeg","wps_subtitle":"Informaci\u00f3n enviada por SOS H\u00e1bitat","jetpack_sharing_enabled":true,"_links":{"self":[{"href":"https:\/\/www.hoymercedes.com.ar\/principal\/wp-json\/wp\/v2\/posts\/120148","targetHints":{"allow":["GET"]}}],"collection":[{"href":"https:\/\/www.hoymercedes.com.ar\/principal\/wp-json\/wp\/v2\/posts"}],"about":[{"href":"https:\/\/www.hoymercedes.com.ar\/principal\/wp-json\/wp\/v2\/types\/post"}],"author":[{"embeddable":true,"href":"https:\/\/www.hoymercedes.com.ar\/principal\/wp-json\/wp\/v2\/users\/5"}],"replies":[{"embeddable":true,"href":"https:\/\/www.hoymercedes.com.ar\/principal\/wp-json\/wp\/v2\/comments?post=120148"}],"version-history":[{"count":0,"href":"https:\/\/www.hoymercedes.com.ar\/principal\/wp-json\/wp\/v2\/posts\/120148\/revisions"}],"wp:featuredmedia":[{"embeddable":true,"href":"https:\/\/www.hoymercedes.com.ar\/principal\/wp-json\/wp\/v2\/media\/120149"}],"wp:attachment":[{"href":"https:\/\/www.hoymercedes.com.ar\/principal\/wp-json\/wp\/v2\/media?parent=120148"}],"wp:term":[{"taxonomy":"category","embeddable":true,"href":"https:\/\/www.hoymercedes.com.ar\/principal\/wp-json\/wp\/v2\/categories?post=120148"},{"taxonomy":"post_tag","embeddable":true,"href":"https:\/\/www.hoymercedes.com.ar\/principal\/wp-json\/wp\/v2\/tags?post=120148"}],"curies":[{"name":"wp","href":"https:\/\/api.w.org\/{rel}","templated":true}]}}