{"id":120160,"date":"2020-11-14T20:00:41","date_gmt":"2020-11-14T23:00:41","guid":{"rendered":"http:\/\/www.hoymercedes.com.ar\/principal\/?p=120160"},"modified":"2020-11-14T18:54:20","modified_gmt":"2020-11-14T21:54:20","slug":"municipio-firma-convenio-con-cnrt-y-mercedes-contara-con-delegacion-regional-de-control-del-transporte","status":"publish","type":"post","link":"https:\/\/www.hoymercedes.com.ar\/principal\/2020\/11\/14\/municipio-firma-convenio-con-cnrt-y-mercedes-contara-con-delegacion-regional-de-control-del-transporte\/","title":{"rendered":"Municipio firma convenio con CNRT y Mercedes contar\u00e1 con Delegaci\u00f3n Regional de control del transporte"},"content":{"rendered":"\n<figure class=\"wp-block-image size-large\"><img loading=\"lazy\" decoding=\"async\" width=\"1024\" height=\"576\" data-attachment-id=\"120161\" data-permalink=\"https:\/\/www.hoymercedes.com.ar\/principal\/2020\/11\/14\/municipio-firma-convenio-con-cnrt-y-mercedes-contara-con-delegacion-regional-de-control-del-transporte\/cnrt-ustarroz-1\/#main\" data-orig-file=\"https:\/\/www.hoymercedes.com.ar\/principal\/wp-content\/uploads\/2020\/11\/CNRT-Ustarroz-1.jpg\" data-orig-size=\"1113,626\" data-comments-opened=\"0\" data-image-meta=\"{&quot;aperture&quot;:&quot;0&quot;,&quot;credit&quot;:&quot;&quot;,&quot;camera&quot;:&quot;&quot;,&quot;caption&quot;:&quot;&quot;,&quot;created_timestamp&quot;:&quot;0&quot;,&quot;copyright&quot;:&quot;&quot;,&quot;focal_length&quot;:&quot;0&quot;,&quot;iso&quot;:&quot;0&quot;,&quot;shutter_speed&quot;:&quot;0&quot;,&quot;title&quot;:&quot;&quot;,&quot;orientation&quot;:&quot;0&quot;}\" data-image-title=\"CNRT-Ustarroz-1\" data-image-description=\"\" data-image-caption=\"\" data-large-file=\"https:\/\/www.hoymercedes.com.ar\/principal\/wp-content\/uploads\/2020\/11\/CNRT-Ustarroz-1-1024x576.jpg\" src=\"https:\/\/www.hoymercedes.com.ar\/principal\/wp-content\/uploads\/2020\/11\/CNRT-Ustarroz-1-1024x576.jpg\" alt=\"\" class=\"wp-image-120161\" srcset=\"https:\/\/www.hoymercedes.com.ar\/principal\/wp-content\/uploads\/2020\/11\/CNRT-Ustarroz-1-1024x576.jpg 1024w, https:\/\/www.hoymercedes.com.ar\/principal\/wp-content\/uploads\/2020\/11\/CNRT-Ustarroz-1-630x354.jpg 630w, https:\/\/www.hoymercedes.com.ar\/principal\/wp-content\/uploads\/2020\/11\/CNRT-Ustarroz-1-150x84.jpg 150w, https:\/\/www.hoymercedes.com.ar\/principal\/wp-content\/uploads\/2020\/11\/CNRT-Ustarroz-1.jpg 1113w\" sizes=\"auto, (max-width: 1024px) 100vw, 1024px\" \/><\/figure>\n\n\n\n<p>\u201cEs un gran avance para nuestra comunidad\u201d, manifest\u00f3 Ustarroz. Con la presencia de Jos\u00e9 Arteaga,Director Ejecutivo de la Comisi\u00f3n Nacional de Regulaci\u00f3n del Transporte se firm\u00f3 el convenio en el Palacio Municipal para instalar una sede de la entidad en la Terminal de \u00d3mnibus. Estuvo presente el diputado nacional Carlos Selva, Francisco Sellares de la CNRT y Clara Zunino, secretaria de gobierno comunal. Recorrieron las obras de la terminal y luego rubricaron el convenio.<\/p>\n\n\n\n<p>En primer t\u00e9rmino la secretaria de gobierno sostuvo que \u201cestamos recibiendo a las autoridades de la Comisi\u00f3n Nacional de Regulaci\u00f3n del Transporte donde hemos gestionado y logrado gracias a la predispon\u00edan de las autoridades nacionales una Delegaci\u00f3n de la CNRT en la ciudad, lo que implica la jerarquizaci\u00f3n de los controles de carga de pasajeros y que vamos a poder seguir profundizando lo que es la pol\u00edtica de seguridad vial, sino tambi\u00e9n del cuidado del espacio p\u00fablico\u201d afirm\u00f3 la secretaria de gobierno, Clara Zunino, qui\u00e9n adem\u00e1s manifest\u00f3 que \u201ces una gran alegr\u00eda, agradecemos a Jos\u00e9, a Carlos, a Francisco por el acompa\u00f1amiento\u201d afirm\u00f3.<\/p>\n\n\n\n<p><strong>Logro<\/strong><\/p>\n\n\n\n<p>Jos\u00e9 Arteaga coment\u00f3: \u201cgracias por el recibiendo. Este fue un objetivo del ministro Meone conjuntamente con el ministro del interior Wado de Pedro en lograr una premisa del presidente Fern\u00e1ndez que los organismos nacionales sean cada vez federales, m\u00e1s cercanos a los vecinos, a los usuarios, m\u00e1s modernos y m\u00e1s eficaces, por eso en plena pandemia nos pusimos a trabajar en lo federal y nos toca ahora en la Provincia de Buenos Aires\u201d sostuvo el funcionario nacional y coment\u00f3 que \u201cpor eso visitamos la querida ciudad de Mercedes generando un convenio donde vamos a tener en muy breve, tras las autorizaciones de las autoridades sanitarias y la remodelaci\u00f3n en la terminal, la presencia f\u00edsica de este organismo de control en lo que significa Mercedes y las jurisdicciones de cercan\u00eda para el control del transporte interjuridiscacional, ferroviario y de carga\u201d sostuvo Jos\u00e9 Arteaga y reafirm\u00f3 \u00a0\u201cser\u00e1 para mayor seguridad\u201d.<\/p>\n\n\n\n<figure class=\"wp-block-image size-large\"><img loading=\"lazy\" decoding=\"async\" width=\"1024\" height=\"576\" data-attachment-id=\"120162\" data-permalink=\"https:\/\/www.hoymercedes.com.ar\/principal\/2020\/11\/14\/municipio-firma-convenio-con-cnrt-y-mercedes-contara-con-delegacion-regional-de-control-del-transporte\/cnrt-ustarroz-2\/#main\" data-orig-file=\"https:\/\/www.hoymercedes.com.ar\/principal\/wp-content\/uploads\/2020\/11\/CNRT-Ustarroz-2.jpg\" data-orig-size=\"1113,626\" data-comments-opened=\"0\" data-image-meta=\"{&quot;aperture&quot;:&quot;0&quot;,&quot;credit&quot;:&quot;&quot;,&quot;camera&quot;:&quot;&quot;,&quot;caption&quot;:&quot;&quot;,&quot;created_timestamp&quot;:&quot;0&quot;,&quot;copyright&quot;:&quot;&quot;,&quot;focal_length&quot;:&quot;0&quot;,&quot;iso&quot;:&quot;0&quot;,&quot;shutter_speed&quot;:&quot;0&quot;,&quot;title&quot;:&quot;&quot;,&quot;orientation&quot;:&quot;0&quot;}\" data-image-title=\"CNRT-Ustarroz-2\" data-image-description=\"\" data-image-caption=\"\" data-large-file=\"https:\/\/www.hoymercedes.com.ar\/principal\/wp-content\/uploads\/2020\/11\/CNRT-Ustarroz-2-1024x576.jpg\" src=\"https:\/\/www.hoymercedes.com.ar\/principal\/wp-content\/uploads\/2020\/11\/CNRT-Ustarroz-2-1024x576.jpg\" alt=\"\" class=\"wp-image-120162\" srcset=\"https:\/\/www.hoymercedes.com.ar\/principal\/wp-content\/uploads\/2020\/11\/CNRT-Ustarroz-2-1024x576.jpg 1024w, https:\/\/www.hoymercedes.com.ar\/principal\/wp-content\/uploads\/2020\/11\/CNRT-Ustarroz-2-630x354.jpg 630w, https:\/\/www.hoymercedes.com.ar\/principal\/wp-content\/uploads\/2020\/11\/CNRT-Ustarroz-2-150x84.jpg 150w, https:\/\/www.hoymercedes.com.ar\/principal\/wp-content\/uploads\/2020\/11\/CNRT-Ustarroz-2.jpg 1113w\" sizes=\"auto, (max-width: 1024px) 100vw, 1024px\" \/><\/figure>\n\n\n\n<p><strong>Trabajo<\/strong><\/p>\n\n\n\n<p>\u201cMuchas gracias por visitarnos y deseo agradecer al ministro Meoni con quien en el mes de febrero tuvimos una reuni\u00f3n y a pesar de la pandemia tuvimos una reuni\u00f3n con todos sus equipos t\u00e9cnicos y hoy logramos concretar este importante convenio entre el estado Naci\u00f3n y el Municipio que realmente tiene un proyecto integral muy sustancioso\u201d sostuvo y remarc\u00f3 el intendente Juan I. Ustarroz destacando que \u201ctambi\u00e9n en el d\u00eda de hoy hubo otras \u00e1reas trabajando por el trencito tur\u00edstico\u201d.<\/p>\n\n\n\n<p>\u201cContar con una nueva presencia del Estado Nacional en la ciudad nos jerarquiza, nos da m\u00e1s protesta, m\u00e1s incumbencia, mayor eficiencia para el transporte\u201d afirm\u00f3 el jefe comunal<\/p>\n\n\n\n<p>Estuvo presente tambi\u00e9n Francisco Sellares, Subgerente de Fiscalizaci\u00f3n de Delegaciones Regionales y Carlos Am\u00e9rico Selva, diputado nacional y mercedino, quien es parte de los acompa\u00f1amientos para lograr estas nuevas intervenciones nacionales en Mercedes.<\/p>\n\n\n\n<figure class=\"wp-block-embed-youtube wp-block-embed is-type-video is-provider-youtube wp-embed-aspect-16-9 wp-has-aspect-ratio\"><div class=\"wp-block-embed__wrapper\">\n<span class=\"embed-youtube\" style=\"text-align:center; display: block;\"><iframe loading=\"lazy\" class=\"youtube-player\" width=\"1200\" height=\"675\" src=\"https:\/\/www.youtube.com\/embed\/m6NUaNtx3V4?version=3&#038;rel=1&#038;showsearch=0&#038;showinfo=1&#038;iv_load_policy=1&#038;fs=1&#038;hl=es-ES&#038;autohide=2&#038;wmode=transparent\" allowfullscreen=\"true\" style=\"border:0;\" sandbox=\"allow-scripts allow-same-origin allow-popups allow-presentation allow-popups-to-escape-sandbox\"><\/iframe><\/span>\n<\/div><\/figure>\n\n\n\n<p><strong>Delegaci\u00f3n<\/strong><\/p>\n\n\n\n<p>Ustarroz, antes de finalizar, tambi\u00e9n subray\u00f3 que \u201ces un gran paso de generaci\u00f3n de recursos administrativos para los vecinos as\u00ed que agradezco enormemente a Jos\u00e9, al ministro Meoni, y al ministro Wado de Pedro por seguir impulsando y acompa\u00f1ando a nuestro pueblo\u201d afirm\u00f3.<\/p>\n\n\n\n<p>La Comisi\u00f3n Nacional de Regulaci\u00f3n del Transporte tendr\u00e1, de esta manera, una oficina en Mercedes que centralizar\u00e1 actividades para toda la regi\u00f3n. Se instalar\u00e1 no bien se finalicen las obras de jerarquizaci\u00f3n y ser\u00e1 en la planta baja del edificio.<\/p>\n\n\n\n<p>Data: Sec. de Gobierno<\/p>\n","protected":false},"excerpt":{"rendered":"<p>\u201cEs un gran avance para nuestra comunidad\u201d, manifest\u00f3 Ustarroz. Con la presencia de Jos\u00e9 Arteaga,Director Ejecutivo de la Comisi\u00f3n Nacional &#8230; <a title=\"Municipio firma convenio con CNRT y Mercedes contar\u00e1 con Delegaci\u00f3n Regional de control del transporte\" class=\"read-more\" href=\"https:\/\/www.hoymercedes.com.ar\/principal\/2020\/11\/14\/municipio-firma-convenio-con-cnrt-y-mercedes-contara-con-delegacion-regional-de-control-del-transporte\/\" aria-label=\"Leer m\u00e1s sobre Municipio firma convenio con CNRT y Mercedes contar\u00e1 con Delegaci\u00f3n Regional de control del transporte\">Leer m\u00e1s<\/a><\/p>\n","protected":false},"author":1,"featured_media":120161,"comment_status":"closed","ping_status":"open","sticky":false,"template":"","format":"standard","meta":{"_monsterinsights_skip_tracking":false,"_monsterinsights_sitenote_active":false,"_monsterinsights_sitenote_note":"","_monsterinsights_sitenote_category":0,"jetpack_post_was_ever_published":false,"_jetpack_newsletter_access":"","_jetpack_dont_email_post_to_subs":false,"_jetpack_newsletter_tier_id":0,"_jetpack_memberships_contains_paywalled_content":false,"_jetpack_memberships_contains_paid_content":false,"footnotes":"","jetpack_publicize_message":"","jetpack_publicize_feature_enabled":true,"jetpack_social_post_already_shared":true,"jetpack_social_options":{"image_generator_settings":{"template":"highway","default_image_id":0,"font":"","enabled":false},"version":2},"_wpas_customize_per_network":false},"categories":[30],"tags":[17285,17287,424],"class_list":["post-120160","post","type-post","status-publish","format-standard","has-post-thumbnail","hentry","category-municipio","tag-cnrt","tag-comision-nacional-de-regulacion-del-transporte","tag-ustarroz","generate-columns","tablet-grid-50","mobile-grid-100","grid-parent","grid-50"],"jetpack_publicize_connections":[],"jetpack_featured_media_url":"https:\/\/www.hoymercedes.com.ar\/principal\/wp-content\/uploads\/2020\/11\/CNRT-Ustarroz-1.jpg","wps_subtitle":"Gobierno Nacional en Mercedes ","jetpack_sharing_enabled":true,"_links":{"self":[{"href":"https:\/\/www.hoymercedes.com.ar\/principal\/wp-json\/wp\/v2\/posts\/120160","targetHints":{"allow":["GET"]}}],"collection":[{"href":"https:\/\/www.hoymercedes.com.ar\/principal\/wp-json\/wp\/v2\/posts"}],"about":[{"href":"https:\/\/www.hoymercedes.com.ar\/principal\/wp-json\/wp\/v2\/types\/post"}],"author":[{"embeddable":true,"href":"https:\/\/www.hoymercedes.com.ar\/principal\/wp-json\/wp\/v2\/users\/1"}],"replies":[{"embeddable":true,"href":"https:\/\/www.hoymercedes.com.ar\/principal\/wp-json\/wp\/v2\/comments?post=120160"}],"version-history":[{"count":0,"href":"https:\/\/www.hoymercedes.com.ar\/principal\/wp-json\/wp\/v2\/posts\/120160\/revisions"}],"wp:featuredmedia":[{"embeddable":true,"href":"https:\/\/www.hoymercedes.com.ar\/principal\/wp-json\/wp\/v2\/media\/120161"}],"wp:attachment":[{"href":"https:\/\/www.hoymercedes.com.ar\/principal\/wp-json\/wp\/v2\/media?parent=120160"}],"wp:term":[{"taxonomy":"category","embeddable":true,"href":"https:\/\/www.hoymercedes.com.ar\/principal\/wp-json\/wp\/v2\/categories?post=120160"},{"taxonomy":"post_tag","embeddable":true,"href":"https:\/\/www.hoymercedes.com.ar\/principal\/wp-json\/wp\/v2\/tags?post=120160"}],"curies":[{"name":"wp","href":"https:\/\/api.w.org\/{rel}","templated":true}]}}