{"id":120176,"date":"2020-11-14T21:51:03","date_gmt":"2020-11-15T00:51:03","guid":{"rendered":"http:\/\/www.hoymercedes.com.ar\/principal\/?p=120176"},"modified":"2020-11-14T21:51:10","modified_gmt":"2020-11-15T00:51:10","slug":"conmemoran-el-dia-mundial-de-las-victimas-de-siniestros-viales","status":"publish","type":"post","link":"https:\/\/www.hoymercedes.com.ar\/principal\/2020\/11\/14\/conmemoran-el-dia-mundial-de-las-victimas-de-siniestros-viales\/","title":{"rendered":"Conmemoran el D\u00eda Mundial de las V\u00edctimas de siniestros viales"},"content":{"rendered":"\n<p>Este domingo 15 de noviembre, por ser el tercer domingo del mes de noviembre, se conmemora el D\u00eda Mundial de las V\u00edctimas fatales por siniestros viales. Por este motivo, este domingo, en Mercedes sonar\u00e1n las sirenas de los Bomberos Voluntarios al mediod\u00eda y a partir de la hora 17 se realizar\u00e1 una caravana desde la Plaza San Luis (esquina de 22 y 15) donde se encuentra el monumento y la estrella amarilla creada por uno de los familiares de Estrellas Amarillas Mercedes. <\/p>\n\n\n\n<div class=\"wp-block-image\"><figure class=\"aligncenter size-large\"><img loading=\"lazy\" decoding=\"async\" width=\"800\" height=\"534\" data-attachment-id=\"120178\" data-permalink=\"https:\/\/www.hoymercedes.com.ar\/principal\/2020\/11\/14\/conmemoran-el-dia-mundial-de-las-victimas-de-siniestros-viales\/125249931_10222827494309967_4279807367672370555_o\/#main\" data-orig-file=\"https:\/\/www.hoymercedes.com.ar\/principal\/wp-content\/uploads\/2020\/11\/125249931_10222827494309967_4279807367672370555_o.jpg\" data-orig-size=\"800,534\" data-comments-opened=\"0\" data-image-meta=\"{&quot;aperture&quot;:&quot;0&quot;,&quot;credit&quot;:&quot;&quot;,&quot;camera&quot;:&quot;&quot;,&quot;caption&quot;:&quot;&quot;,&quot;created_timestamp&quot;:&quot;1605390164&quot;,&quot;copyright&quot;:&quot;&quot;,&quot;focal_length&quot;:&quot;0&quot;,&quot;iso&quot;:&quot;0&quot;,&quot;shutter_speed&quot;:&quot;0&quot;,&quot;title&quot;:&quot;&quot;,&quot;orientation&quot;:&quot;1&quot;}\" data-image-title=\"125249931_10222827494309967_4279807367672370555_o\" data-image-description=\"\" data-image-caption=\"\" data-large-file=\"https:\/\/www.hoymercedes.com.ar\/principal\/wp-content\/uploads\/2020\/11\/125249931_10222827494309967_4279807367672370555_o.jpg\" src=\"https:\/\/www.hoymercedes.com.ar\/principal\/wp-content\/uploads\/2020\/11\/125249931_10222827494309967_4279807367672370555_o.jpg\" alt=\"\" class=\"wp-image-120178\" srcset=\"https:\/\/www.hoymercedes.com.ar\/principal\/wp-content\/uploads\/2020\/11\/125249931_10222827494309967_4279807367672370555_o.jpg 800w, https:\/\/www.hoymercedes.com.ar\/principal\/wp-content\/uploads\/2020\/11\/125249931_10222827494309967_4279807367672370555_o-630x421.jpg 630w, https:\/\/www.hoymercedes.com.ar\/principal\/wp-content\/uploads\/2020\/11\/125249931_10222827494309967_4279807367672370555_o-150x100.jpg 150w\" sizes=\"auto, (max-width: 800px) 100vw, 800px\" \/><\/figure><\/div>\n\n\n\n<p>En el marco de las acciones realizadas para recordar a las v\u00edctimas fatales de siniestros viales, se repint\u00f3 y acomod\u00f3 el espacio dedicado a las v\u00edctimas y al Grupo Estrellas Amarillas Mercedes en la Plaza San Luis. En ese sector de la plaza, est\u00e1 la escultura creada por Jorge Blanco e inaugurado a\u00f1os atr\u00e1s. El artista pl\u00e1stico, este a\u00f1o, pint\u00f3 un mural en el pared\u00f3n del Corral\u00f3n Municipal con un camino de estrellas amarillas. <\/p>\n\n\n\n<p>Por el mural tambi\u00e9n pasar\u00e1 la caravana que recorrer\u00e1 la ciudad en la tarde del domingo 15. La caravana que saldr\u00e1 desde el monumento, pasar\u00e1 por el mural y terminar\u00e1 a la orilla del R\u00edo Luj\u00e1n donde se encuentra el Bosque de la Conciencia a la altura del puente veh\u00edcular que cruza el r\u00edo para ingresar al sector nuevo del Parque Municipal. <\/p>\n\n\n\n<p>\u00abEn el marco por la conmemoraci\u00f3n del dia mundial por las v\u00edctimas por siniestros viales, recordamos acciones cuidando protocolo de distanciamiento social. Agradecemos al cuerpo de Bomberos Voluntarios de nuestra ciudad por el toque de sirena a la hora 12 como en todo el pa\u00eds. A las 17 hs comenzaremos nuestra caravana con el siguiente recorrido, monumento, mural y bosque de la conciencia. Ser\u00e1n actividades breves. Recordamos que qui\u00e9n asista en moto, el conductor y su acompa\u00f1ante vayan con cascos. Adem\u00e1s, deben asistir con cubrebocas y cuidando el distaciamiento social\u00bb, dijeron desde el Grupo Estrellas Amarillas. <\/p>\n\n\n\n<p>En el marco de la conmemoraci\u00f3n del domingo 15, el grupo adem\u00e1s, participa del curso virtual \u00abMi Primera Licencia\u00bb para j\u00f3venes de establecimientos educativos, elaborar\u00e1 un video que recuerde a las v\u00edctimas fatales y se acondicionar\u00e1 y replantar\u00e1n \u00e1rboles en el Bosque de la Conciencia. <\/p>\n\n\n\n<div class=\"wp-block-image\"><figure class=\"aligncenter size-large\"><img loading=\"lazy\" decoding=\"async\" width=\"800\" height=\"533\" data-attachment-id=\"120179\" data-permalink=\"https:\/\/www.hoymercedes.com.ar\/principal\/2020\/11\/14\/conmemoran-el-dia-mundial-de-las-victimas-de-siniestros-viales\/img_20201114_174527518\/#main\" data-orig-file=\"https:\/\/www.hoymercedes.com.ar\/principal\/wp-content\/uploads\/2020\/11\/IMG_20201114_174527518.jpg\" data-orig-size=\"800,533\" data-comments-opened=\"0\" data-image-meta=\"{&quot;aperture&quot;:&quot;0&quot;,&quot;credit&quot;:&quot;&quot;,&quot;camera&quot;:&quot;&quot;,&quot;caption&quot;:&quot;&quot;,&quot;created_timestamp&quot;:&quot;1605375928&quot;,&quot;copyright&quot;:&quot;&quot;,&quot;focal_length&quot;:&quot;0&quot;,&quot;iso&quot;:&quot;0&quot;,&quot;shutter_speed&quot;:&quot;0&quot;,&quot;title&quot;:&quot;&quot;,&quot;orientation&quot;:&quot;1&quot;}\" data-image-title=\"IMG_20201114_174527518\" data-image-description=\"\" data-image-caption=\"\" data-large-file=\"https:\/\/www.hoymercedes.com.ar\/principal\/wp-content\/uploads\/2020\/11\/IMG_20201114_174527518.jpg\" src=\"https:\/\/www.hoymercedes.com.ar\/principal\/wp-content\/uploads\/2020\/11\/IMG_20201114_174527518.jpg\" alt=\"\" class=\"wp-image-120179\" srcset=\"https:\/\/www.hoymercedes.com.ar\/principal\/wp-content\/uploads\/2020\/11\/IMG_20201114_174527518.jpg 800w, https:\/\/www.hoymercedes.com.ar\/principal\/wp-content\/uploads\/2020\/11\/IMG_20201114_174527518-630x420.jpg 630w, https:\/\/www.hoymercedes.com.ar\/principal\/wp-content\/uploads\/2020\/11\/IMG_20201114_174527518-150x100.jpg 150w, https:\/\/www.hoymercedes.com.ar\/principal\/wp-content\/uploads\/2020\/11\/IMG_20201114_174527518-700x465.jpg 700w\" sizes=\"auto, (max-width: 800px) 100vw, 800px\" \/><\/figure><\/div>\n","protected":false},"excerpt":{"rendered":"<p>Este domingo 15 de noviembre, por ser el tercer domingo del mes de noviembre, se conmemora el D\u00eda Mundial de &#8230; <a title=\"Conmemoran el D\u00eda Mundial de las V\u00edctimas de siniestros viales\" class=\"read-more\" href=\"https:\/\/www.hoymercedes.com.ar\/principal\/2020\/11\/14\/conmemoran-el-dia-mundial-de-las-victimas-de-siniestros-viales\/\" aria-label=\"Leer m\u00e1s sobre Conmemoran el D\u00eda Mundial de las V\u00edctimas de siniestros viales\">Leer m\u00e1s<\/a><\/p>\n","protected":false},"author":1,"featured_media":120179,"comment_status":"closed","ping_status":"open","sticky":false,"template":"","format":"standard","meta":{"_monsterinsights_skip_tracking":false,"_monsterinsights_sitenote_active":false,"_monsterinsights_sitenote_note":"","_monsterinsights_sitenote_category":0,"jetpack_post_was_ever_published":false,"_jetpack_newsletter_access":"","_jetpack_dont_email_post_to_subs":false,"_jetpack_newsletter_tier_id":0,"_jetpack_memberships_contains_paywalled_content":false,"_jetpack_memberships_contains_paid_content":false,"footnotes":"","jetpack_publicize_message":"","jetpack_publicize_feature_enabled":true,"jetpack_social_post_already_shared":true,"jetpack_social_options":{"image_generator_settings":{"template":"highway","default_image_id":0,"font":"","enabled":false},"version":2},"_wpas_customize_per_network":false},"categories":[8],"tags":[],"class_list":["post-120176","post","type-post","status-publish","format-standard","has-post-thumbnail","hentry","category-sociedad","generate-columns","tablet-grid-50","mobile-grid-100","grid-parent","grid-50"],"jetpack_publicize_connections":[],"jetpack_featured_media_url":"https:\/\/www.hoymercedes.com.ar\/principal\/wp-content\/uploads\/2020\/11\/IMG_20201114_174527518.jpg","wps_subtitle":"","jetpack_sharing_enabled":true,"_links":{"self":[{"href":"https:\/\/www.hoymercedes.com.ar\/principal\/wp-json\/wp\/v2\/posts\/120176","targetHints":{"allow":["GET"]}}],"collection":[{"href":"https:\/\/www.hoymercedes.com.ar\/principal\/wp-json\/wp\/v2\/posts"}],"about":[{"href":"https:\/\/www.hoymercedes.com.ar\/principal\/wp-json\/wp\/v2\/types\/post"}],"author":[{"embeddable":true,"href":"https:\/\/www.hoymercedes.com.ar\/principal\/wp-json\/wp\/v2\/users\/1"}],"replies":[{"embeddable":true,"href":"https:\/\/www.hoymercedes.com.ar\/principal\/wp-json\/wp\/v2\/comments?post=120176"}],"version-history":[{"count":0,"href":"https:\/\/www.hoymercedes.com.ar\/principal\/wp-json\/wp\/v2\/posts\/120176\/revisions"}],"wp:featuredmedia":[{"embeddable":true,"href":"https:\/\/www.hoymercedes.com.ar\/principal\/wp-json\/wp\/v2\/media\/120179"}],"wp:attachment":[{"href":"https:\/\/www.hoymercedes.com.ar\/principal\/wp-json\/wp\/v2\/media?parent=120176"}],"wp:term":[{"taxonomy":"category","embeddable":true,"href":"https:\/\/www.hoymercedes.com.ar\/principal\/wp-json\/wp\/v2\/categories?post=120176"},{"taxonomy":"post_tag","embeddable":true,"href":"https:\/\/www.hoymercedes.com.ar\/principal\/wp-json\/wp\/v2\/tags?post=120176"}],"curies":[{"name":"wp","href":"https:\/\/api.w.org\/{rel}","templated":true}]}}