{"id":120188,"date":"2020-11-15T11:01:00","date_gmt":"2020-11-15T14:01:00","guid":{"rendered":"http:\/\/www.hoymercedes.com.ar\/principal\/?p=120188"},"modified":"2020-11-15T11:06:24","modified_gmt":"2020-11-15T14:06:24","slug":"los-fotografos-de-plazas-se-encontraron-desde-la-virtualidad","status":"publish","type":"post","link":"https:\/\/www.hoymercedes.com.ar\/principal\/2020\/11\/15\/los-fotografos-de-plazas-se-encontraron-desde-la-virtualidad\/","title":{"rendered":"Los Fot\u00f3grafos de Plazas se encontraron desde la virtualidad"},"content":{"rendered":"\n<p>Durante la tarde del s\u00e1bado \u00faltimo, los fot\u00f3grafos de plaza y con \u00abc\u00e1maras minuteras\u00bb llevaron adelante el 6\u00b0 Encuentro. Este a\u00f1o con una particularidad, desde la virtualidad cada asistente estaba en la plaza de su ciudad mostrando c\u00f3mo trabajaban, compartiendo experiencias y conociendo las historias de los expositores invitados. <\/p>\n\n\n\n<div class=\"wp-block-jetpack-slideshow aligncenter\" data-effect=\"slide\"><div class=\"wp-block-jetpack-slideshow_container swiper-container\"><ul class=\"wp-block-jetpack-slideshow_swiper-wrapper swiper-wrapper\"><li class=\"wp-block-jetpack-slideshow_slide swiper-slide\"><figure><img loading=\"lazy\" decoding=\"async\" width=\"800\" height=\"533\" alt=\"\" class=\"wp-block-jetpack-slideshow_image wp-image-120194\" data-id=\"120194\" src=\"https:\/\/www.hoymercedes.com.ar\/principal\/wp-content\/uploads\/2020\/11\/15-foto-plaza-1.jpg\" srcset=\"https:\/\/www.hoymercedes.com.ar\/principal\/wp-content\/uploads\/2020\/11\/15-foto-plaza-1.jpg 800w, https:\/\/www.hoymercedes.com.ar\/principal\/wp-content\/uploads\/2020\/11\/15-foto-plaza-1-630x420.jpg 630w, https:\/\/www.hoymercedes.com.ar\/principal\/wp-content\/uploads\/2020\/11\/15-foto-plaza-1-150x100.jpg 150w, https:\/\/www.hoymercedes.com.ar\/principal\/wp-content\/uploads\/2020\/11\/15-foto-plaza-1-700x465.jpg 700w\" sizes=\"(max-width: 800px) 100vw, 800px\" \/><figcaption class=\"wp-block-jetpack-slideshow_caption gallery-caption\">Desde Mercedes, fue coordinado el encuentro de fot\u00f3grados que anualmente se hace en la ciudad. <\/figcaption><\/figure><\/li><li class=\"wp-block-jetpack-slideshow_slide swiper-slide\"><figure><img loading=\"lazy\" decoding=\"async\" width=\"800\" height=\"465\" alt=\"\" class=\"wp-block-jetpack-slideshow_image wp-image-120193\" data-id=\"120193\" src=\"https:\/\/www.hoymercedes.com.ar\/principal\/wp-content\/uploads\/2020\/11\/15-foto-plaza-2.jpg\" srcset=\"https:\/\/www.hoymercedes.com.ar\/principal\/wp-content\/uploads\/2020\/11\/15-foto-plaza-2.jpg 800w, https:\/\/www.hoymercedes.com.ar\/principal\/wp-content\/uploads\/2020\/11\/15-foto-plaza-2-630x366.jpg 630w, https:\/\/www.hoymercedes.com.ar\/principal\/wp-content\/uploads\/2020\/11\/15-foto-plaza-2-150x87.jpg 150w\" sizes=\"(max-width: 800px) 100vw, 800px\" \/><figcaption class=\"wp-block-jetpack-slideshow_caption gallery-caption\">Desde Parque Oliver, La Pampa<\/figcaption><\/figure><\/li><li class=\"wp-block-jetpack-slideshow_slide swiper-slide\"><figure><img loading=\"lazy\" decoding=\"async\" width=\"720\" height=\"534\" alt=\"\" class=\"wp-block-jetpack-slideshow_image wp-image-120196\" data-id=\"120196\" src=\"https:\/\/www.hoymercedes.com.ar\/principal\/wp-content\/uploads\/2020\/11\/15-foto-plaza-5.jpg\" srcset=\"https:\/\/www.hoymercedes.com.ar\/principal\/wp-content\/uploads\/2020\/11\/15-foto-plaza-5.jpg 720w, https:\/\/www.hoymercedes.com.ar\/principal\/wp-content\/uploads\/2020\/11\/15-foto-plaza-5-630x467.jpg 630w, https:\/\/www.hoymercedes.com.ar\/principal\/wp-content\/uploads\/2020\/11\/15-foto-plaza-5-150x111.jpg 150w\" sizes=\"(max-width: 720px) 100vw, 720px\" \/><figcaption class=\"wp-block-jetpack-slideshow_caption gallery-caption\">Desde Mataderos hicieron su aporte al Encuentro<\/figcaption><\/figure><\/li><li class=\"wp-block-jetpack-slideshow_slide swiper-slide\"><figure><img loading=\"lazy\" decoding=\"async\" width=\"534\" height=\"800\" alt=\"\" class=\"wp-block-jetpack-slideshow_image wp-image-120191\" data-id=\"120191\" src=\"https:\/\/www.hoymercedes.com.ar\/principal\/wp-content\/uploads\/2020\/11\/15-foto-plaza-4.jpg\" srcset=\"https:\/\/www.hoymercedes.com.ar\/principal\/wp-content\/uploads\/2020\/11\/15-foto-plaza-4.jpg 534w, https:\/\/www.hoymercedes.com.ar\/principal\/wp-content\/uploads\/2020\/11\/15-foto-plaza-4-414x620.jpg 414w, https:\/\/www.hoymercedes.com.ar\/principal\/wp-content\/uploads\/2020\/11\/15-foto-plaza-4-100x150.jpg 100w\" sizes=\"(max-width: 534px) 100vw, 534px\" \/><figcaption class=\"wp-block-jetpack-slideshow_caption gallery-caption\">Desde temprano en Uruguay con Jorge Millan comenzaron las actividades<\/figcaption><\/figure><\/li><li class=\"wp-block-jetpack-slideshow_slide swiper-slide\"><figure><img loading=\"lazy\" decoding=\"async\" width=\"800\" height=\"599\" alt=\"\" class=\"wp-block-jetpack-slideshow_image wp-image-120192\" data-id=\"120192\" src=\"https:\/\/www.hoymercedes.com.ar\/principal\/wp-content\/uploads\/2020\/11\/15-foto-plaza-3.jpg\" srcset=\"https:\/\/www.hoymercedes.com.ar\/principal\/wp-content\/uploads\/2020\/11\/15-foto-plaza-3.jpg 800w, https:\/\/www.hoymercedes.com.ar\/principal\/wp-content\/uploads\/2020\/11\/15-foto-plaza-3-630x472.jpg 630w, https:\/\/www.hoymercedes.com.ar\/principal\/wp-content\/uploads\/2020\/11\/15-foto-plaza-3-150x112.jpg 150w\" sizes=\"(max-width: 800px) 100vw, 800px\" \/><figcaption class=\"wp-block-jetpack-slideshow_caption gallery-caption\">En el play\u00f3n del Club Atl\u00e9tico Velez Sarfield tambien se vivi\u00f3 el Encuentro de Fot\u00f3grafos<\/figcaption><\/figure><\/li><\/ul><a class=\"wp-block-jetpack-slideshow_button-prev swiper-button-prev swiper-button-white\" role=\"button\"><\/a><a class=\"wp-block-jetpack-slideshow_button-next swiper-button-next swiper-button-white\" role=\"button\"><\/a><a aria-label=\"Pause Slideshow\" class=\"wp-block-jetpack-slideshow_button-pause\" role=\"button\"><\/a><div class=\"wp-block-jetpack-slideshow_pagination swiper-pagination swiper-pagination-white\"><\/div><\/div><\/div>\n\n\n\n<p>Tal como se proyect\u00f3, promediando la tarde del s\u00e1bado, los fot\u00f3grafos de plaza de Mercedes se reunieron en el Centro Cultural La Trocha para darle forma al Sexto Encuentro que anualmente se realiza en nuestra ciudad con visitante de fotografos de otra localidades y paises. Este a\u00f1o fue diferente. El encuentro los hicieron presencial en sus plazas, pero virtual entre ellos. <\/p>\n\n\n\n<p>Cada uno, desde un lugar representativo de su ciudad, instal\u00f3 la c\u00e1mara minutera (las cl\u00e1sicas de caj\u00f3n que utilizaban los fot\u00f3grafos en la primera mitad del siglo XX), y a su lado una computadora con acceso a internet les permit\u00eda conversar con los otros fot\u00f3grafos. <\/p>\n\n\n\n<p>Durante el encuentro virtual tambi\u00e9n hubo charla entre los participantes. Ximena Astudillo desde Colombia tuvo un mano a mano con Guillermo Alvarez, al igual que desde Cuba, Maikel Plasencia, as\u00ed como con el argentino Ismael Caberta, con la brasilera C\u00e1ssia Xavier, y Michi Rodriguez desde Espa\u00f1a. <\/p>\n","protected":false},"excerpt":{"rendered":"<p>Durante la tarde del s\u00e1bado \u00faltimo, los fot\u00f3grafos de plaza y con \u00abc\u00e1maras minuteras\u00bb llevaron adelante el 6\u00b0 Encuentro. Este &#8230; <a title=\"Los Fot\u00f3grafos de Plazas se encontraron desde la virtualidad\" class=\"read-more\" href=\"https:\/\/www.hoymercedes.com.ar\/principal\/2020\/11\/15\/los-fotografos-de-plazas-se-encontraron-desde-la-virtualidad\/\" aria-label=\"Leer m\u00e1s sobre Los Fot\u00f3grafos de Plazas se encontraron desde la virtualidad\">Leer m\u00e1s<\/a><\/p>\n","protected":false},"author":1,"featured_media":120195,"comment_status":"closed","ping_status":"open","sticky":false,"template":"","format":"standard","meta":{"_monsterinsights_skip_tracking":false,"_monsterinsights_sitenote_active":false,"_monsterinsights_sitenote_note":"","_monsterinsights_sitenote_category":0,"jetpack_post_was_ever_published":false,"_jetpack_newsletter_access":"","_jetpack_dont_email_post_to_subs":false,"_jetpack_newsletter_tier_id":0,"_jetpack_memberships_contains_paywalled_content":false,"_jetpack_memberships_contains_paid_content":false,"footnotes":"","jetpack_publicize_message":"","jetpack_publicize_feature_enabled":true,"jetpack_social_post_already_shared":true,"jetpack_social_options":{"image_generator_settings":{"template":"highway","default_image_id":0,"font":"","enabled":false},"version":2},"_wpas_customize_per_network":false},"categories":[104],"tags":[12213,7805,2538,17247],"class_list":["post-120188","post","type-post","status-publish","format-standard","has-post-thumbnail","hentry","category-cultura","tag-camaras-minuteras","tag-cultura","tag-encuentro","tag-fotografo-de-plazas","generate-columns","tablet-grid-50","mobile-grid-100","grid-parent","grid-50"],"jetpack_publicize_connections":[],"jetpack_featured_media_url":"https:\/\/www.hoymercedes.com.ar\/principal\/wp-content\/uploads\/2020\/11\/IMG_20201114_180044800.jpg","wps_subtitle":"En la jornada del s\u00e1bado","jetpack_sharing_enabled":true,"_links":{"self":[{"href":"https:\/\/www.hoymercedes.com.ar\/principal\/wp-json\/wp\/v2\/posts\/120188","targetHints":{"allow":["GET"]}}],"collection":[{"href":"https:\/\/www.hoymercedes.com.ar\/principal\/wp-json\/wp\/v2\/posts"}],"about":[{"href":"https:\/\/www.hoymercedes.com.ar\/principal\/wp-json\/wp\/v2\/types\/post"}],"author":[{"embeddable":true,"href":"https:\/\/www.hoymercedes.com.ar\/principal\/wp-json\/wp\/v2\/users\/1"}],"replies":[{"embeddable":true,"href":"https:\/\/www.hoymercedes.com.ar\/principal\/wp-json\/wp\/v2\/comments?post=120188"}],"version-history":[{"count":0,"href":"https:\/\/www.hoymercedes.com.ar\/principal\/wp-json\/wp\/v2\/posts\/120188\/revisions"}],"wp:featuredmedia":[{"embeddable":true,"href":"https:\/\/www.hoymercedes.com.ar\/principal\/wp-json\/wp\/v2\/media\/120195"}],"wp:attachment":[{"href":"https:\/\/www.hoymercedes.com.ar\/principal\/wp-json\/wp\/v2\/media?parent=120188"}],"wp:term":[{"taxonomy":"category","embeddable":true,"href":"https:\/\/www.hoymercedes.com.ar\/principal\/wp-json\/wp\/v2\/categories?post=120188"},{"taxonomy":"post_tag","embeddable":true,"href":"https:\/\/www.hoymercedes.com.ar\/principal\/wp-json\/wp\/v2\/tags?post=120188"}],"curies":[{"name":"wp","href":"https:\/\/api.w.org\/{rel}","templated":true}]}}