{"id":120206,"date":"2020-11-15T12:30:35","date_gmt":"2020-11-15T15:30:35","guid":{"rendered":"http:\/\/www.hoymercedes.com.ar\/principal\/?p=120206"},"modified":"2020-11-16T16:15:11","modified_gmt":"2020-11-16T19:15:11","slug":"arrancan-los-streaming-de-bandas-y-solistas-locales","status":"publish","type":"post","link":"https:\/\/www.hoymercedes.com.ar\/principal\/2020\/11\/15\/arrancan-los-streaming-de-bandas-y-solistas-locales\/","title":{"rendered":"Arrancan los streaming de bandas y solistas locales"},"content":{"rendered":"\n<p>Tras la convocatoria realizada por la Direcci\u00f3n de Cultura se confirm\u00f3 que fueron 28 las bandas y artistas que se inscribieron. Ya se realiz\u00f3 el sorteo y la semana pr\u00f3xima arrancan las presentaciones. Se efectuar\u00e1n con los protocolos correspondientes.<\/p>\n\n\n\n<p>La directora de cultura, Luc\u00eda Capaccio, confirm\u00f3 que \u201cestamos cerrando los aspectos t\u00e9cnicos. Utilizaremos la sala principal del teatro argentino por infraestructura, capacidades de realizaci\u00f3n, y posibilidad de respetar los protocolos\u201d inform\u00f3 la funcionaria.<\/p>\n\n\n\n<p>Tambi\u00e9n destac\u00f3 que \u201cestaremos publicando en los sitios oficiales de la municipalidad y del \u00e1rea de cultura las fechas, horarios y cronograma, son bandas y solistas que, tras inscribirse y realizarse el sorteo en vivo por las redes sociales tendr\u00e1n la chance de efectuar una presentaci\u00f3n que ser\u00e1 filmada y reproducida para que disfrutaremos todos los vecinos y vecinas\u201d<\/p>\n","protected":false},"excerpt":{"rendered":"<p>Tras la convocatoria realizada por la Direcci\u00f3n de Cultura se confirm\u00f3 que fueron 28 las bandas y artistas que se &#8230; <a title=\"Arrancan los streaming de bandas y solistas locales\" class=\"read-more\" href=\"https:\/\/www.hoymercedes.com.ar\/principal\/2020\/11\/15\/arrancan-los-streaming-de-bandas-y-solistas-locales\/\" aria-label=\"Leer m\u00e1s sobre Arrancan los streaming de bandas y solistas locales\">Leer m\u00e1s<\/a><\/p>\n","protected":false},"author":1,"featured_media":71344,"comment_status":"closed","ping_status":"open","sticky":false,"template":"","format":"standard","meta":{"_monsterinsights_skip_tracking":false,"_monsterinsights_sitenote_active":false,"_monsterinsights_sitenote_note":"","_monsterinsights_sitenote_category":0,"jetpack_post_was_ever_published":false,"_jetpack_newsletter_access":"","_jetpack_dont_email_post_to_subs":false,"_jetpack_newsletter_tier_id":0,"_jetpack_memberships_contains_paywalled_content":false,"_jetpack_memberships_contains_paid_content":false,"footnotes":"","jetpack_publicize_message":"","jetpack_publicize_feature_enabled":true,"jetpack_social_post_already_shared":true,"jetpack_social_options":{"image_generator_settings":{"template":"highway","default_image_id":0,"font":"","enabled":false},"version":2},"_wpas_customize_per_network":false},"categories":[104],"tags":[10960,7805,244,17292],"class_list":["post-120206","post","type-post","status-publish","format-standard","has-post-thumbnail","hentry","category-cultura","tag-bandas","tag-cultura","tag-municipio-2","tag-streaming","generate-columns","tablet-grid-50","mobile-grid-100","grid-parent","grid-50"],"jetpack_publicize_connections":[],"jetpack_featured_media_url":"https:\/\/www.hoymercedes.com.ar\/principal\/wp-content\/uploads\/2018\/01\/LuciaCapaccio.jpg","wps_subtitle":"Se transmitir\u00e1n desde las redes oficiales","jetpack_sharing_enabled":true,"_links":{"self":[{"href":"https:\/\/www.hoymercedes.com.ar\/principal\/wp-json\/wp\/v2\/posts\/120206","targetHints":{"allow":["GET"]}}],"collection":[{"href":"https:\/\/www.hoymercedes.com.ar\/principal\/wp-json\/wp\/v2\/posts"}],"about":[{"href":"https:\/\/www.hoymercedes.com.ar\/principal\/wp-json\/wp\/v2\/types\/post"}],"author":[{"embeddable":true,"href":"https:\/\/www.hoymercedes.com.ar\/principal\/wp-json\/wp\/v2\/users\/1"}],"replies":[{"embeddable":true,"href":"https:\/\/www.hoymercedes.com.ar\/principal\/wp-json\/wp\/v2\/comments?post=120206"}],"version-history":[{"count":0,"href":"https:\/\/www.hoymercedes.com.ar\/principal\/wp-json\/wp\/v2\/posts\/120206\/revisions"}],"wp:featuredmedia":[{"embeddable":true,"href":"https:\/\/www.hoymercedes.com.ar\/principal\/wp-json\/wp\/v2\/media\/71344"}],"wp:attachment":[{"href":"https:\/\/www.hoymercedes.com.ar\/principal\/wp-json\/wp\/v2\/media?parent=120206"}],"wp:term":[{"taxonomy":"category","embeddable":true,"href":"https:\/\/www.hoymercedes.com.ar\/principal\/wp-json\/wp\/v2\/categories?post=120206"},{"taxonomy":"post_tag","embeddable":true,"href":"https:\/\/www.hoymercedes.com.ar\/principal\/wp-json\/wp\/v2\/tags?post=120206"}],"curies":[{"name":"wp","href":"https:\/\/api.w.org\/{rel}","templated":true}]}}