{"id":120217,"date":"2020-11-15T22:06:38","date_gmt":"2020-11-16T01:06:38","guid":{"rendered":"http:\/\/www.hoymercedes.com.ar\/principal\/?p=120217"},"modified":"2020-11-16T16:17:50","modified_gmt":"2020-11-16T19:17:50","slug":"coronavirus-cierre-del-domingo-con-un-caso-positivo-mas-en-mercedes","status":"publish","type":"post","link":"https:\/\/www.hoymercedes.com.ar\/principal\/2020\/11\/15\/coronavirus-cierre-del-domingo-con-un-caso-positivo-mas-en-mercedes\/","title":{"rendered":"Coronavirus: cierre del domingo con un caso positivo m\u00e1s en Mercedes"},"content":{"rendered":"\n<p>Informe Sanitario de Mercedes: En el d\u00eda de la fecha el Laboratorio de Virolog\u00eda Molecular Municipal por medio de los procesos cient\u00edficos que lleva adelante cotidianamente detect\u00f3 un nuevo caso positivo de covid-19.<br>Al d\u00eda de la fecha tenemos 54 casos activos. Por su parte 1670 casos se registraron desde iniciada la pandemia con 1581 pacientes recuperados del virus. 2 pacientes obtuvieron el alta m\u00e9dica en el d\u00eda de la fecha. <br>En cuanto al Centro de Aislamiento Sanitario II con todas las normas socio sanitarias y un fuerte trabajo de Salud, Protecci\u00f3n Civil, SAME, Seguridad, Desarrollo Social y Servicios P\u00fablicos no tiene pacientes alojados, aislados y monitoreados.<\/p>\n\n\n\n<div class=\"wp-block-image\"><figure class=\"aligncenter size-large\"><img loading=\"lazy\" decoding=\"async\" width=\"800\" height=\"800\" data-attachment-id=\"120224\" data-permalink=\"https:\/\/www.hoymercedes.com.ar\/principal\/2020\/11\/15\/coronavirus-cierre-del-domingo-con-un-caso-positivo-mas-en-mercedes\/whatsapp-image-2020-11-15-at-21-19-10\/#main\" data-orig-file=\"https:\/\/www.hoymercedes.com.ar\/principal\/wp-content\/uploads\/2020\/11\/WhatsApp-Image-2020-11-15-at-21.19.10.jpeg\" data-orig-size=\"800,800\" data-comments-opened=\"0\" data-image-meta=\"{&quot;aperture&quot;:&quot;0&quot;,&quot;credit&quot;:&quot;&quot;,&quot;camera&quot;:&quot;&quot;,&quot;caption&quot;:&quot;&quot;,&quot;created_timestamp&quot;:&quot;0&quot;,&quot;copyright&quot;:&quot;&quot;,&quot;focal_length&quot;:&quot;0&quot;,&quot;iso&quot;:&quot;0&quot;,&quot;shutter_speed&quot;:&quot;0&quot;,&quot;title&quot;:&quot;&quot;,&quot;orientation&quot;:&quot;0&quot;}\" data-image-title=\"WhatsApp Image 2020-11-15 at 21.19.10\" data-image-description=\"\" data-image-caption=\"\" data-large-file=\"https:\/\/www.hoymercedes.com.ar\/principal\/wp-content\/uploads\/2020\/11\/WhatsApp-Image-2020-11-15-at-21.19.10.jpeg\" src=\"https:\/\/www.hoymercedes.com.ar\/principal\/wp-content\/uploads\/2020\/11\/WhatsApp-Image-2020-11-15-at-21.19.10.jpeg\" alt=\"\" class=\"wp-image-120224\" srcset=\"https:\/\/www.hoymercedes.com.ar\/principal\/wp-content\/uploads\/2020\/11\/WhatsApp-Image-2020-11-15-at-21.19.10.jpeg 800w, https:\/\/www.hoymercedes.com.ar\/principal\/wp-content\/uploads\/2020\/11\/WhatsApp-Image-2020-11-15-at-21.19.10-620x620.jpeg 620w, https:\/\/www.hoymercedes.com.ar\/principal\/wp-content\/uploads\/2020\/11\/WhatsApp-Image-2020-11-15-at-21.19.10-150x150.jpeg 150w\" sizes=\"auto, (max-width: 800px) 100vw, 800px\" \/><\/figure><\/div>\n\n\n\n<p>Informe nacional: Fueron confirmados 5.645 nuevos casos de COVID-19. Con estos registros, suman 1.310.491 positivos en el pa\u00eds, de los cuales 1.129.102 son pacientes recuperados y 145.953 son casos confirmados activos. En las \u00faltimas 24 hs fueron realizados 17.718 testeos y desde el inicio del brote se realizaron 3.452.519 pruebas diagn\u00f3sticas para esta enfermedad, lo que equivale a 76.085 muestras por mill\u00f3n de habitantes. <br>Detalle por provincia (N\u00ba de confirmados | N\u00ba de acumulados): Buenos Aires 1.446 | 589.254 Ciudad de Buenos Aires 297 | 153.785 Catamarca 45 | 1.466 Chaco 130 | 16.318 Chubut 159 | 19.191 C\u00f3rdoba 832 | 102.462 Corrientes 93 | 3.716 Entre R\u00edos 180 | 20.046 Formosa 0 | 168 Jujuy 21 | 18.168 La Pampa 65 | 4.708 La Rioja 24 | 8.180 Mendoza 94 | 53.087 Misiones 3 | 375 Neuqu\u00e9n 234 | 26.908 R\u00edo Negro 132 | 28.444 Salta 67 | 20.192 San Juan 29 | 4.449 San Luis 180 | 11.374 Santa Cruz 186 | 12.655 Santa Fe 685 | 128.133 Santiago del Estero 251 | 13.119 Tierra del Fuego* 89 | 14.261 y Tucum\u00e1n 403 | 60.032<br>En las \u00faltimas 24 horas, se notificaron 129 nuevas muertes, son 74 hombres y 55 mujeres. Al momento la cantidad de personas fallecidas es 35.436.<\/p>\n","protected":false},"excerpt":{"rendered":"<p>Informe Sanitario de Mercedes: En el d\u00eda de la fecha el Laboratorio de Virolog\u00eda Molecular Municipal por medio de los &#8230; <a title=\"Coronavirus: cierre del domingo con un caso positivo m\u00e1s en Mercedes\" class=\"read-more\" href=\"https:\/\/www.hoymercedes.com.ar\/principal\/2020\/11\/15\/coronavirus-cierre-del-domingo-con-un-caso-positivo-mas-en-mercedes\/\" aria-label=\"Leer m\u00e1s sobre Coronavirus: cierre del domingo con un caso positivo m\u00e1s en Mercedes\">Leer m\u00e1s<\/a><\/p>\n","protected":false},"author":1,"featured_media":120224,"comment_status":"closed","ping_status":"open","sticky":false,"template":"","format":"standard","meta":{"_monsterinsights_skip_tracking":false,"_monsterinsights_sitenote_active":false,"_monsterinsights_sitenote_note":"","_monsterinsights_sitenote_category":0,"jetpack_post_was_ever_published":false,"_jetpack_newsletter_access":"","_jetpack_dont_email_post_to_subs":false,"_jetpack_newsletter_tier_id":0,"_jetpack_memberships_contains_paywalled_content":false,"_jetpack_memberships_contains_paid_content":false,"footnotes":"","jetpack_publicize_message":"","jetpack_publicize_feature_enabled":true,"jetpack_social_post_already_shared":true,"jetpack_social_options":{"image_generator_settings":{"template":"highway","default_image_id":0,"font":"","enabled":false},"version":2},"_wpas_customize_per_network":false},"categories":[9791],"tags":[16428,16175,16313,134],"class_list":["post-120217","post","type-post","status-publish","format-standard","has-post-thumbnail","hentry","category-salud","tag-casos-positivos","tag-coronavirus","tag-covid-19","tag-salud","generate-columns","tablet-grid-50","mobile-grid-100","grid-parent","grid-50"],"jetpack_publicize_connections":[],"jetpack_featured_media_url":"https:\/\/www.hoymercedes.com.ar\/principal\/wp-content\/uploads\/2020\/11\/WhatsApp-Image-2020-11-15-at-21.19.10.jpeg","wps_subtitle":"Cierre del d\u00eda","jetpack_sharing_enabled":true,"_links":{"self":[{"href":"https:\/\/www.hoymercedes.com.ar\/principal\/wp-json\/wp\/v2\/posts\/120217","targetHints":{"allow":["GET"]}}],"collection":[{"href":"https:\/\/www.hoymercedes.com.ar\/principal\/wp-json\/wp\/v2\/posts"}],"about":[{"href":"https:\/\/www.hoymercedes.com.ar\/principal\/wp-json\/wp\/v2\/types\/post"}],"author":[{"embeddable":true,"href":"https:\/\/www.hoymercedes.com.ar\/principal\/wp-json\/wp\/v2\/users\/1"}],"replies":[{"embeddable":true,"href":"https:\/\/www.hoymercedes.com.ar\/principal\/wp-json\/wp\/v2\/comments?post=120217"}],"version-history":[{"count":0,"href":"https:\/\/www.hoymercedes.com.ar\/principal\/wp-json\/wp\/v2\/posts\/120217\/revisions"}],"wp:featuredmedia":[{"embeddable":true,"href":"https:\/\/www.hoymercedes.com.ar\/principal\/wp-json\/wp\/v2\/media\/120224"}],"wp:attachment":[{"href":"https:\/\/www.hoymercedes.com.ar\/principal\/wp-json\/wp\/v2\/media?parent=120217"}],"wp:term":[{"taxonomy":"category","embeddable":true,"href":"https:\/\/www.hoymercedes.com.ar\/principal\/wp-json\/wp\/v2\/categories?post=120217"},{"taxonomy":"post_tag","embeddable":true,"href":"https:\/\/www.hoymercedes.com.ar\/principal\/wp-json\/wp\/v2\/tags?post=120217"}],"curies":[{"name":"wp","href":"https:\/\/api.w.org\/{rel}","templated":true}]}}