{"id":120228,"date":"2020-11-15T22:58:01","date_gmt":"2020-11-16T01:58:01","guid":{"rendered":"http:\/\/www.hoymercedes.com.ar\/principal\/?p=120228"},"modified":"2020-11-16T16:18:21","modified_gmt":"2020-11-16T19:18:21","slug":"roban-escapan-pero-son-atrapados-por-la-policia-comunal","status":"publish","type":"post","link":"https:\/\/www.hoymercedes.com.ar\/principal\/2020\/11\/15\/roban-escapan-pero-son-atrapados-por-la-policia-comunal\/","title":{"rendered":"Roban, escapan pero son atrapados por la Polic\u00eda Comunal"},"content":{"rendered":"\n<p>Tras una comunicaci\u00f3n al sistema de emergencias 911 se inici\u00f3 un operativo para dar con los autores de un robo en un almac\u00e9n en Acceso Sur y 150. Los efectivos policiales realizaron un procedimiento cerrojo que finalmente permiti\u00f3 detener a los autores. Hubo seguimiento y verificaci\u00f3n desde el Centro de Monitoreo Municipal constituyendo elemento de prueba.<\/p>\n\n\n\n<p>El pasado s\u00e1bado robaron dinero en efectivo y algunos insumos. El propietario del comercio dio aviso a las fuerzas de seguridad que iniciaron el proceso que permiti\u00f3 detener a un masculino de 20 a\u00f1os de edad y una femenina de 24 a\u00f1os de edad.<\/p>\n\n\n\n<p>Los acusados hab\u00edan intentado ocultarse entre pastizales, en un descampado de 150 y 61, pero tras la extensiva b\u00fasqueda se los pudo aprehender.<\/p>\n\n\n\n<p>Intervino la UFI N\u00aa2 del Departamento Judicial Mercedes. Los bienes sustra\u00eddos fueron restituidos a su leg\u00edtimo propietario.<\/p>\n","protected":false},"excerpt":{"rendered":"<p>Tras una comunicaci\u00f3n al sistema de emergencias 911 se inici\u00f3 un operativo para dar con los autores de un robo &#8230; <a title=\"Roban, escapan pero son atrapados por la Polic\u00eda Comunal\" class=\"read-more\" href=\"https:\/\/www.hoymercedes.com.ar\/principal\/2020\/11\/15\/roban-escapan-pero-son-atrapados-por-la-policia-comunal\/\" aria-label=\"Leer m\u00e1s sobre Roban, escapan pero son atrapados por la Polic\u00eda Comunal\">Leer m\u00e1s<\/a><\/p>\n","protected":false},"author":1,"featured_media":119942,"comment_status":"closed","ping_status":"open","sticky":false,"template":"","format":"standard","meta":{"_monsterinsights_skip_tracking":false,"_monsterinsights_sitenote_active":false,"_monsterinsights_sitenote_note":"","_monsterinsights_sitenote_category":0,"jetpack_post_was_ever_published":false,"_jetpack_newsletter_access":"","_jetpack_dont_email_post_to_subs":false,"_jetpack_newsletter_tier_id":0,"_jetpack_memberships_contains_paywalled_content":false,"_jetpack_memberships_contains_paid_content":false,"footnotes":"","jetpack_publicize_message":"","jetpack_publicize_feature_enabled":true,"jetpack_social_post_already_shared":true,"jetpack_social_options":{"image_generator_settings":{"template":"highway","default_image_id":0,"font":"","enabled":false},"version":2},"_wpas_customize_per_network":false},"categories":[85],"tags":[10352,5766,96],"class_list":["post-120228","post","type-post","status-publish","format-standard","has-post-thumbnail","hentry","category-policial","tag-detencion","tag-policia-comunal","tag-policial-2","generate-columns","tablet-grid-50","mobile-grid-100","grid-parent","grid-50"],"jetpack_publicize_connections":[],"jetpack_featured_media_url":"https:\/\/www.hoymercedes.com.ar\/principal\/wp-content\/uploads\/2020\/11\/11-policia-patrullero-1024x768-1-e1605113575314.jpg","wps_subtitle":"Operativo policial","jetpack_sharing_enabled":true,"_links":{"self":[{"href":"https:\/\/www.hoymercedes.com.ar\/principal\/wp-json\/wp\/v2\/posts\/120228","targetHints":{"allow":["GET"]}}],"collection":[{"href":"https:\/\/www.hoymercedes.com.ar\/principal\/wp-json\/wp\/v2\/posts"}],"about":[{"href":"https:\/\/www.hoymercedes.com.ar\/principal\/wp-json\/wp\/v2\/types\/post"}],"author":[{"embeddable":true,"href":"https:\/\/www.hoymercedes.com.ar\/principal\/wp-json\/wp\/v2\/users\/1"}],"replies":[{"embeddable":true,"href":"https:\/\/www.hoymercedes.com.ar\/principal\/wp-json\/wp\/v2\/comments?post=120228"}],"version-history":[{"count":0,"href":"https:\/\/www.hoymercedes.com.ar\/principal\/wp-json\/wp\/v2\/posts\/120228\/revisions"}],"wp:featuredmedia":[{"embeddable":true,"href":"https:\/\/www.hoymercedes.com.ar\/principal\/wp-json\/wp\/v2\/media\/119942"}],"wp:attachment":[{"href":"https:\/\/www.hoymercedes.com.ar\/principal\/wp-json\/wp\/v2\/media?parent=120228"}],"wp:term":[{"taxonomy":"category","embeddable":true,"href":"https:\/\/www.hoymercedes.com.ar\/principal\/wp-json\/wp\/v2\/categories?post=120228"},{"taxonomy":"post_tag","embeddable":true,"href":"https:\/\/www.hoymercedes.com.ar\/principal\/wp-json\/wp\/v2\/tags?post=120228"}],"curies":[{"name":"wp","href":"https:\/\/api.w.org\/{rel}","templated":true}]}}