{"id":120250,"date":"2020-11-16T12:11:08","date_gmt":"2020-11-16T15:11:08","guid":{"rendered":"http:\/\/www.hoymercedes.com.ar\/principal\/?p=120250"},"modified":"2020-11-16T12:12:32","modified_gmt":"2020-11-16T15:12:32","slug":"segundo-y-cuarto-las-posiciones-de-otra-doble-fecha-del-turismo-4000-argentino-para-javier-funcia","status":"publish","type":"post","link":"https:\/\/www.hoymercedes.com.ar\/principal\/2020\/11\/16\/segundo-y-cuarto-las-posiciones-de-otra-doble-fecha-del-turismo-4000-argentino-para-javier-funcia\/","title":{"rendered":"Segundo y cuarto, las posiciones de otra doble fecha del Turismo 4000 Argentino para Javier Funcia"},"content":{"rendered":"\n<p>En el circuito Mouras de La Plata se corri\u00f3 la quinta y sexta fecha del Turismo 4000 Argentino donde Javier Funcia fue protagonista en ambas jornadas. Todo comenz\u00f3 el viernes cuando se iniciaron las clasificaciones con las pruebas libre y entrenamientos quedando en la jornada de hoy la clasificaci\u00f3n m\u00e1s final.<\/p>\n\n\n\n<div class=\"wp-block-image\"><figure class=\"aligncenter size-large\"><img loading=\"lazy\" decoding=\"async\" width=\"640\" height=\"505\" data-attachment-id=\"120251\" data-permalink=\"https:\/\/www.hoymercedes.com.ar\/principal\/2020\/11\/16\/segundo-y-cuarto-las-posiciones-de-otra-doble-fecha-del-turismo-4000-argentino-para-javier-funcia\/javier-funcia-podio-2\/#main\" data-orig-file=\"https:\/\/www.hoymercedes.com.ar\/principal\/wp-content\/uploads\/2020\/11\/Javier-Funcia-Podio.jpg\" data-orig-size=\"640,505\" data-comments-opened=\"0\" data-image-meta=\"{&quot;aperture&quot;:&quot;0&quot;,&quot;credit&quot;:&quot;&quot;,&quot;camera&quot;:&quot;&quot;,&quot;caption&quot;:&quot;&quot;,&quot;created_timestamp&quot;:&quot;0&quot;,&quot;copyright&quot;:&quot;&quot;,&quot;focal_length&quot;:&quot;0&quot;,&quot;iso&quot;:&quot;0&quot;,&quot;shutter_speed&quot;:&quot;0&quot;,&quot;title&quot;:&quot;&quot;,&quot;orientation&quot;:&quot;0&quot;}\" data-image-title=\"Javier-Funcia-Podio\" data-image-description=\"\" data-image-caption=\"\" data-large-file=\"https:\/\/www.hoymercedes.com.ar\/principal\/wp-content\/uploads\/2020\/11\/Javier-Funcia-Podio.jpg\" src=\"https:\/\/www.hoymercedes.com.ar\/principal\/wp-content\/uploads\/2020\/11\/Javier-Funcia-Podio.jpg\" alt=\"\" class=\"wp-image-120251\" srcset=\"https:\/\/www.hoymercedes.com.ar\/principal\/wp-content\/uploads\/2020\/11\/Javier-Funcia-Podio.jpg 640w, https:\/\/www.hoymercedes.com.ar\/principal\/wp-content\/uploads\/2020\/11\/Javier-Funcia-Podio-630x497.jpg 630w, https:\/\/www.hoymercedes.com.ar\/principal\/wp-content\/uploads\/2020\/11\/Javier-Funcia-Podio-150x118.jpg 150w\" sizes=\"auto, (max-width: 640px) 100vw, 640px\" \/><\/figure><\/div>\n\n\n\n<p>Javier Funcia, a bordo del Ford n\u00famero 8 larg\u00f3 en el segundo lugar, quedando como escolta de Quijeiro tras doce vueltas disputadas por los diez autos participantes. <\/p>\n\n\n\n<p><strong>Final<\/strong> de s\u00e1bado<br>1\u00b0 Nereo Queijeiro 19\u2019 49\u201d.<br>2\u00b0 Javier Funcia 19\u2019 51\u201d.<br>3\u00b0 Germ\u00e1n Pietranera 20\u2019 10\u201d.<\/p>\n\n\n\n<p>El domingo fueron 11 los competidores, donde por reglamento Funcia se vio obligado a largar \u00faltimo. Germ\u00e1n Pietranera fue el ganador, mientras que el mercedino termin\u00f3 cuarto.<\/p>\n\n\n\n<p><strong>Final<\/strong> &#8211; Domingo<br>1\u00b0 Germ\u00e1n Petranera (San Justo-Torino).<br>2\u00b0 Nereo Queijeiro (Villa Insuperable-Dodge).<br>3\u00b0 Ayrton Miserda (Salto-Ford).<br>4\u00b0 Javier Funcia (Mercedes-Ford).<\/p>\n","protected":false},"excerpt":{"rendered":"<p>En el circuito Mouras de La Plata se corri\u00f3 la quinta y sexta fecha del Turismo 4000 Argentino donde Javier &#8230; <a title=\"Segundo y cuarto, las posiciones de otra doble fecha del Turismo 4000 Argentino para Javier Funcia\" class=\"read-more\" href=\"https:\/\/www.hoymercedes.com.ar\/principal\/2020\/11\/16\/segundo-y-cuarto-las-posiciones-de-otra-doble-fecha-del-turismo-4000-argentino-para-javier-funcia\/\" aria-label=\"Leer m\u00e1s sobre Segundo y cuarto, las posiciones de otra doble fecha del Turismo 4000 Argentino para Javier Funcia\">Leer m\u00e1s<\/a><\/p>\n","protected":false},"author":1,"featured_media":120251,"comment_status":"closed","ping_status":"open","sticky":false,"template":"","format":"standard","meta":{"_monsterinsights_skip_tracking":false,"_monsterinsights_sitenote_active":false,"_monsterinsights_sitenote_note":"","_monsterinsights_sitenote_category":0,"jetpack_post_was_ever_published":false,"_jetpack_newsletter_access":"","_jetpack_dont_email_post_to_subs":false,"_jetpack_newsletter_tier_id":0,"_jetpack_memberships_contains_paywalled_content":false,"_jetpack_memberships_contains_paid_content":false,"footnotes":"","jetpack_publicize_message":"","jetpack_publicize_feature_enabled":true,"jetpack_social_post_already_shared":true,"jetpack_social_options":{"image_generator_settings":{"template":"highway","default_image_id":0,"font":"","enabled":false},"version":2},"_wpas_customize_per_network":false},"categories":[21],"tags":[7858],"class_list":["post-120250","post","type-post","status-publish","format-standard","has-post-thumbnail","hentry","category-deportes","tag-turismo-4000-argentino","generate-columns","tablet-grid-50","mobile-grid-100","grid-parent","grid-50"],"jetpack_publicize_connections":[],"jetpack_featured_media_url":"https:\/\/www.hoymercedes.com.ar\/principal\/wp-content\/uploads\/2020\/11\/Javier-Funcia-Podio.jpg","wps_subtitle":"Automovilismo","jetpack_sharing_enabled":true,"_links":{"self":[{"href":"https:\/\/www.hoymercedes.com.ar\/principal\/wp-json\/wp\/v2\/posts\/120250","targetHints":{"allow":["GET"]}}],"collection":[{"href":"https:\/\/www.hoymercedes.com.ar\/principal\/wp-json\/wp\/v2\/posts"}],"about":[{"href":"https:\/\/www.hoymercedes.com.ar\/principal\/wp-json\/wp\/v2\/types\/post"}],"author":[{"embeddable":true,"href":"https:\/\/www.hoymercedes.com.ar\/principal\/wp-json\/wp\/v2\/users\/1"}],"replies":[{"embeddable":true,"href":"https:\/\/www.hoymercedes.com.ar\/principal\/wp-json\/wp\/v2\/comments?post=120250"}],"version-history":[{"count":0,"href":"https:\/\/www.hoymercedes.com.ar\/principal\/wp-json\/wp\/v2\/posts\/120250\/revisions"}],"wp:featuredmedia":[{"embeddable":true,"href":"https:\/\/www.hoymercedes.com.ar\/principal\/wp-json\/wp\/v2\/media\/120251"}],"wp:attachment":[{"href":"https:\/\/www.hoymercedes.com.ar\/principal\/wp-json\/wp\/v2\/media?parent=120250"}],"wp:term":[{"taxonomy":"category","embeddable":true,"href":"https:\/\/www.hoymercedes.com.ar\/principal\/wp-json\/wp\/v2\/categories?post=120250"},{"taxonomy":"post_tag","embeddable":true,"href":"https:\/\/www.hoymercedes.com.ar\/principal\/wp-json\/wp\/v2\/tags?post=120250"}],"curies":[{"name":"wp","href":"https:\/\/api.w.org\/{rel}","templated":true}]}}