{"id":120255,"date":"2020-11-16T12:20:33","date_gmt":"2020-11-16T15:20:33","guid":{"rendered":"http:\/\/www.hoymercedes.com.ar\/principal\/?p=120255"},"modified":"2020-11-16T12:20:55","modified_gmt":"2020-11-16T15:20:55","slug":"mira-el-gol-de-chilena-de-facundo-lescano-en-la-serie-c-de-italia","status":"publish","type":"post","link":"https:\/\/www.hoymercedes.com.ar\/principal\/2020\/11\/16\/mira-el-gol-de-chilena-de-facundo-lescano-en-la-serie-c-de-italia\/","title":{"rendered":"Mir\u00e1 el gol de chilena de Facundo Lescano en la Serie C de Italia"},"content":{"rendered":"\n<p>La und\u00e9cima fecha del Grupo B de la Serie C de Italia tuvo la victoria de Sambenedettese por 2 a 0 ante P\u00e9saro, encuentro que se jug\u00f3 en la Riviera de Las Palmeras. Facundo Lescano, quien con el nuevo entrenador logr\u00f3 la titularidad, pag\u00f3 con un golazo la fe que puso el DT en \u00e9l.<\/p>\n\n\n\n<div class=\"wp-block-image\"><figure class=\"aligncenter size-large\"><img loading=\"lazy\" decoding=\"async\" width=\"640\" height=\"516\" data-attachment-id=\"120256\" data-permalink=\"https:\/\/www.hoymercedes.com.ar\/principal\/2020\/11\/16\/mira-el-gol-de-chilena-de-facundo-lescano-en-la-serie-c-de-italia\/facundo-lescano-chilena\/#main\" data-orig-file=\"https:\/\/www.hoymercedes.com.ar\/principal\/wp-content\/uploads\/2020\/11\/Facundo-Lescano-Chilena.jpg\" data-orig-size=\"640,516\" data-comments-opened=\"0\" data-image-meta=\"{&quot;aperture&quot;:&quot;0&quot;,&quot;credit&quot;:&quot;&quot;,&quot;camera&quot;:&quot;&quot;,&quot;caption&quot;:&quot;&quot;,&quot;created_timestamp&quot;:&quot;0&quot;,&quot;copyright&quot;:&quot;&quot;,&quot;focal_length&quot;:&quot;0&quot;,&quot;iso&quot;:&quot;0&quot;,&quot;shutter_speed&quot;:&quot;0&quot;,&quot;title&quot;:&quot;&quot;,&quot;orientation&quot;:&quot;0&quot;}\" data-image-title=\"Facundo-Lescano-Chilena\" data-image-description=\"\" data-image-caption=\"\" data-large-file=\"https:\/\/www.hoymercedes.com.ar\/principal\/wp-content\/uploads\/2020\/11\/Facundo-Lescano-Chilena.jpg\" src=\"https:\/\/www.hoymercedes.com.ar\/principal\/wp-content\/uploads\/2020\/11\/Facundo-Lescano-Chilena.jpg\" alt=\"\" class=\"wp-image-120256\" srcset=\"https:\/\/www.hoymercedes.com.ar\/principal\/wp-content\/uploads\/2020\/11\/Facundo-Lescano-Chilena.jpg 640w, https:\/\/www.hoymercedes.com.ar\/principal\/wp-content\/uploads\/2020\/11\/Facundo-Lescano-Chilena-630x508.jpg 630w, https:\/\/www.hoymercedes.com.ar\/principal\/wp-content\/uploads\/2020\/11\/Facundo-Lescano-Chilena-150x121.jpg 150w\" sizes=\"auto, (max-width: 640px) 100vw, 640px\" \/><\/figure><\/div>\n\n\n\n<p>A los 27 minutos del primer tiempo el delantero mercedino marc\u00f3 el 1 a 0 luego de una buena jugada colectiva que termin\u00f3 con  una chilena cruzada e imposible para el arquero rival. Luego lleg\u00f3 el 2 a 0 que sell\u00f3 el partido antes del final de esa etapa.<\/p>\n\n\n\n<p>Con este triunfo \u00abSamb\u00bb alcanz\u00f3 los 16 puntos y est\u00e1 noveno en la tabla y a siete unidades del l\u00edder Padova y con un encuentro pendiente.<\/p>\n\n\n\n<figure class=\"wp-block-embed-youtube wp-block-embed is-type-video is-provider-youtube wp-embed-aspect-4-3 wp-has-aspect-ratio\"><div class=\"wp-block-embed__wrapper\">\n<span class=\"embed-youtube\" style=\"text-align:center; display: block;\"><iframe loading=\"lazy\" class=\"youtube-player\" width=\"1200\" height=\"675\" src=\"https:\/\/www.youtube.com\/embed\/s64oBOH7iFQ?version=3&#038;rel=1&#038;showsearch=0&#038;showinfo=1&#038;iv_load_policy=1&#038;fs=1&#038;hl=es-ES&#038;autohide=2&#038;wmode=transparent\" allowfullscreen=\"true\" style=\"border:0;\" sandbox=\"allow-scripts allow-same-origin allow-popups allow-presentation allow-popups-to-escape-sandbox\"><\/iframe><\/span>\n<\/div><\/figure>\n","protected":false},"excerpt":{"rendered":"<p>La und\u00e9cima fecha del Grupo B de la Serie C de Italia tuvo la victoria de Sambenedettese por 2 a &#8230; <a title=\"Mir\u00e1 el gol de chilena de Facundo Lescano en la Serie C de Italia\" class=\"read-more\" href=\"https:\/\/www.hoymercedes.com.ar\/principal\/2020\/11\/16\/mira-el-gol-de-chilena-de-facundo-lescano-en-la-serie-c-de-italia\/\" aria-label=\"Leer m\u00e1s sobre Mir\u00e1 el gol de chilena de Facundo Lescano en la Serie C de Italia\">Leer m\u00e1s<\/a><\/p>\n","protected":false},"author":1,"featured_media":120256,"comment_status":"closed","ping_status":"open","sticky":false,"template":"","format":"standard","meta":{"_monsterinsights_skip_tracking":false,"_monsterinsights_sitenote_active":false,"_monsterinsights_sitenote_note":"","_monsterinsights_sitenote_category":0,"jetpack_post_was_ever_published":false,"_jetpack_newsletter_access":"","_jetpack_dont_email_post_to_subs":false,"_jetpack_newsletter_tier_id":0,"_jetpack_memberships_contains_paywalled_content":false,"_jetpack_memberships_contains_paid_content":false,"footnotes":"","jetpack_publicize_message":"","jetpack_publicize_feature_enabled":true,"jetpack_social_post_already_shared":true,"jetpack_social_options":{"image_generator_settings":{"template":"highway","default_image_id":0,"font":"","enabled":false},"version":2},"_wpas_customize_per_network":false},"categories":[21],"tags":[6809,15596],"class_list":["post-120255","post","type-post","status-publish","format-standard","has-post-thumbnail","hentry","category-deportes","tag-facundo-lescano","tag-serie-c","generate-columns","tablet-grid-50","mobile-grid-100","grid-parent","grid-50"],"jetpack_publicize_connections":[],"jetpack_featured_media_url":"https:\/\/www.hoymercedes.com.ar\/principal\/wp-content\/uploads\/2020\/11\/Facundo-Lescano-Chilena.jpg","wps_subtitle":"La Legi\u00f3n","jetpack_sharing_enabled":true,"_links":{"self":[{"href":"https:\/\/www.hoymercedes.com.ar\/principal\/wp-json\/wp\/v2\/posts\/120255","targetHints":{"allow":["GET"]}}],"collection":[{"href":"https:\/\/www.hoymercedes.com.ar\/principal\/wp-json\/wp\/v2\/posts"}],"about":[{"href":"https:\/\/www.hoymercedes.com.ar\/principal\/wp-json\/wp\/v2\/types\/post"}],"author":[{"embeddable":true,"href":"https:\/\/www.hoymercedes.com.ar\/principal\/wp-json\/wp\/v2\/users\/1"}],"replies":[{"embeddable":true,"href":"https:\/\/www.hoymercedes.com.ar\/principal\/wp-json\/wp\/v2\/comments?post=120255"}],"version-history":[{"count":0,"href":"https:\/\/www.hoymercedes.com.ar\/principal\/wp-json\/wp\/v2\/posts\/120255\/revisions"}],"wp:featuredmedia":[{"embeddable":true,"href":"https:\/\/www.hoymercedes.com.ar\/principal\/wp-json\/wp\/v2\/media\/120256"}],"wp:attachment":[{"href":"https:\/\/www.hoymercedes.com.ar\/principal\/wp-json\/wp\/v2\/media?parent=120255"}],"wp:term":[{"taxonomy":"category","embeddable":true,"href":"https:\/\/www.hoymercedes.com.ar\/principal\/wp-json\/wp\/v2\/categories?post=120255"},{"taxonomy":"post_tag","embeddable":true,"href":"https:\/\/www.hoymercedes.com.ar\/principal\/wp-json\/wp\/v2\/tags?post=120255"}],"curies":[{"name":"wp","href":"https:\/\/api.w.org\/{rel}","templated":true}]}}