{"id":120263,"date":"2020-11-16T09:28:46","date_gmt":"2020-11-16T12:28:46","guid":{"rendered":"http:\/\/www.hoymercedes.com.ar\/principal\/?p=120263"},"modified":"2020-11-16T16:19:10","modified_gmt":"2020-11-16T19:19:10","slug":"realizaran-un-nuevo-encuentro-del-foro-estrategico-equidad-territorial","status":"publish","type":"post","link":"https:\/\/www.hoymercedes.com.ar\/principal\/2020\/11\/16\/realizaran-un-nuevo-encuentro-del-foro-estrategico-equidad-territorial\/","title":{"rendered":"Realizar\u00e1n un nuevo encuentro del Foro Estrat\u00e9gico \u00abEquidad Territorial\u00bb"},"content":{"rendered":"\n<p>El pr\u00f3ximo 18 de noviembre se llevar\u00e1 a cabo un nuevo foro de trabajo en el marco de la convocatoria efectuada por la Municipalidad de Mercedes por el \u201cPlan Estrat\u00e9gico Institucional\u201d. En esta ocasi\u00f3n ser\u00e1 el eje del encuentro la \u201cEquidad Territorial\u201d y se buscar\u00e1 el debate, intercambio de ideas, proyectos y construcci\u00f3n colectiva de uno de los temas m\u00e1s importantes de la actualidad. &nbsp;<\/p>\n\n\n\n<p>La arquitecta Luc\u00eda R\u00edos cont\u00f3 que se trabajar\u00e1 sobre&nbsp;<em>\u201c<\/em><em>Desarrollo equilibrado de los Pueblos del partido, Los Pueblos rurales y el turismo\/Crecimiento, Medios de Transporte y Comunicaciones entre cabecera y Pueblos, Infraestructura de servicios p\u00fablicos y equipamiento urbano y Zonas de Reserva Urbana\/Espacios verdes y recreativos\u201d<\/em>&nbsp;&nbsp;<\/p>\n\n\n\n<p>La convocatoria es a las 10.00hs y ser\u00e1 en el Complejo Cultural La Trocha. &nbsp;<\/p>\n\n\n\n<p>La funcionaria tambi\u00e9n sostuvo que \u201cen base a la apertura de los foros que se d\u00edas atr\u00e1s, en la cual particip\u00f3 el intendente y diferentes autoridades de los gobiernos nacional y provincial se convoca a continuar trabajando juntos\u201d afirmo. &nbsp;<\/p>\n\n\n\n<p>Participar\u00e1n diferentes funcionarios del municipio, colegios de profesionales, organizaciones vecinales, y vecinos y vecinas que se han tambi\u00e9n inscripto a trav\u00e9s de la p\u00e1gina de la Secretar\u00eda de Gobierno a cargo de Clara Zunino. &nbsp;<\/p>\n\n\n\n<p>Va a ser el primer foro y su primera mesa de trabajo tras el lanzamiento, con la posibilidad y fomento de potenciar otras mesas de trabajo. &nbsp;<\/p>\n\n\n\n<p>Para quienes quieran inscribirse se sigue teniendo la l\u00ednea de contacto en gobierno.mercedes.gob.ar, donde hay un formulario de contacto y datos de inter\u00e9s. &nbsp;<\/p>\n\n\n\n<p>Se recuerda que los foros son: Ejes: Equidad territorial, ciudad inclusiva, ambiente y movilidad urbana sustentable, desarrollo econ\u00f3mico, gobernanza y fortalecimiento institucional.<\/p>\n\n\n\n<p>Fuente: Prensa Municipal<br><\/p>\n","protected":false},"excerpt":{"rendered":"<p>El pr\u00f3ximo 18 de noviembre se llevar\u00e1 a cabo un nuevo foro de trabajo en el marco de la convocatoria &#8230; <a title=\"Realizar\u00e1n un nuevo encuentro del Foro Estrat\u00e9gico \u00abEquidad Territorial\u00bb\" class=\"read-more\" href=\"https:\/\/www.hoymercedes.com.ar\/principal\/2020\/11\/16\/realizaran-un-nuevo-encuentro-del-foro-estrategico-equidad-territorial\/\" aria-label=\"Leer m\u00e1s sobre Realizar\u00e1n un nuevo encuentro del Foro Estrat\u00e9gico \u00abEquidad Territorial\u00bb\">Leer m\u00e1s<\/a><\/p>\n","protected":false},"author":1,"featured_media":120264,"comment_status":"closed","ping_status":"open","sticky":false,"template":"","format":"standard","meta":{"_monsterinsights_skip_tracking":false,"_monsterinsights_sitenote_active":false,"_monsterinsights_sitenote_note":"","_monsterinsights_sitenote_category":0,"jetpack_post_was_ever_published":false,"_jetpack_newsletter_access":"","_jetpack_dont_email_post_to_subs":false,"_jetpack_newsletter_tier_id":0,"_jetpack_memberships_contains_paywalled_content":false,"_jetpack_memberships_contains_paid_content":false,"footnotes":"","jetpack_publicize_message":"","jetpack_publicize_feature_enabled":true,"jetpack_social_post_already_shared":true,"jetpack_social_options":{"image_generator_settings":{"template":"highway","default_image_id":0,"font":"","enabled":false},"version":2},"_wpas_customize_per_network":false},"categories":[30],"tags":[17293,244],"class_list":["post-120263","post","type-post","status-publish","format-standard","has-post-thumbnail","hentry","category-municipio","tag-foro-territorial","tag-municipio-2","generate-columns","tablet-grid-50","mobile-grid-100","grid-parent","grid-50"],"jetpack_publicize_connections":[],"jetpack_featured_media_url":"https:\/\/www.hoymercedes.com.ar\/principal\/wp-content\/uploads\/2020\/11\/DSC08722.jpg","wps_subtitle":"Para el d\u00eda mi\u00e9rcoles 18","jetpack_sharing_enabled":true,"_links":{"self":[{"href":"https:\/\/www.hoymercedes.com.ar\/principal\/wp-json\/wp\/v2\/posts\/120263","targetHints":{"allow":["GET"]}}],"collection":[{"href":"https:\/\/www.hoymercedes.com.ar\/principal\/wp-json\/wp\/v2\/posts"}],"about":[{"href":"https:\/\/www.hoymercedes.com.ar\/principal\/wp-json\/wp\/v2\/types\/post"}],"author":[{"embeddable":true,"href":"https:\/\/www.hoymercedes.com.ar\/principal\/wp-json\/wp\/v2\/users\/1"}],"replies":[{"embeddable":true,"href":"https:\/\/www.hoymercedes.com.ar\/principal\/wp-json\/wp\/v2\/comments?post=120263"}],"version-history":[{"count":0,"href":"https:\/\/www.hoymercedes.com.ar\/principal\/wp-json\/wp\/v2\/posts\/120263\/revisions"}],"wp:featuredmedia":[{"embeddable":true,"href":"https:\/\/www.hoymercedes.com.ar\/principal\/wp-json\/wp\/v2\/media\/120264"}],"wp:attachment":[{"href":"https:\/\/www.hoymercedes.com.ar\/principal\/wp-json\/wp\/v2\/media?parent=120263"}],"wp:term":[{"taxonomy":"category","embeddable":true,"href":"https:\/\/www.hoymercedes.com.ar\/principal\/wp-json\/wp\/v2\/categories?post=120263"},{"taxonomy":"post_tag","embeddable":true,"href":"https:\/\/www.hoymercedes.com.ar\/principal\/wp-json\/wp\/v2\/tags?post=120263"}],"curies":[{"name":"wp","href":"https:\/\/api.w.org\/{rel}","templated":true}]}}