{"id":120285,"date":"2020-11-16T20:53:38","date_gmt":"2020-11-16T23:53:38","guid":{"rendered":"http:\/\/www.hoymercedes.com.ar\/principal\/?p=120285"},"modified":"2020-11-16T17:02:06","modified_gmt":"2020-11-16T20:02:06","slug":"un-impuesto-a-la-energia-eolica","status":"publish","type":"post","link":"https:\/\/www.hoymercedes.com.ar\/principal\/2020\/11\/16\/un-impuesto-a-la-energia-eolica\/","title":{"rendered":"Un impuesto a la energ\u00eda e\u00f3lica"},"content":{"rendered":"\n<p>Por Cristi\u00e1n\u00a0Frers* &#8211; M\u00e1s impuestos. \u00bfHay d\u00e9ficit?\u202fM\u00e1s impuestos. \u00bfLas empresas est\u00e1n ganando dinero? Pueden pagar m\u00e1s. \u00bfEl precio de la soja subi\u00f3? Suben las retenciones. El Estado argentino ha aplicado la misma\u202ff\u00f3rmula<strong>\u202f<\/strong>durante d\u00e9cadas y se niega a ver el resultado.\u202fDesinversi\u00f3n, trabajo en negro, desempleo y un aparato p\u00fablico que sigue creciendo con los fondos que logra recaudar.\u202f\u00a0<\/p>\n\n\n\n<p>Argentina se destaca por contar en&nbsp;la Patagonia con&nbsp;una de las zonas con mayor potencial e\u00f3lico del planeta, pero adem\u00e1s cuenta con recursos e\u00f3licos adecuados en otros sitios espec\u00edficos de todo el pa\u00eds, como la Puna,&nbsp;la&nbsp;pre cordillera&nbsp;y en la costa atl\u00e1ntica de la provincia de Buenos Aires.\u202fOtro factor&nbsp;&nbsp;es la posibilidad de que los distintos parques e\u00f3licos puedan conectarse a la red el\u00e9ctrica, ya que la intermitencia del viento hace que esta fuente sea complementaria de las otras formas de generaci\u00f3n el\u00e9ctrica. En los \u00faltimos tiempos, Argentina ha implementado&nbsp;un&nbsp;sistema interconectado nacional, lo que brinda la infraestructura necesaria para el desarrollo de la energ\u00eda e\u00f3lica.&nbsp;<\/p>\n\n\n\n<p>No es l\u00f3gico poner un impuesto al viento al ser un recurso renovable que no se degrada con su&nbsp;utilizaci\u00f3n al generar energ\u00eda&nbsp;e\u00f3lica.&nbsp;<\/p>\n\n\n\n<p>El Concejo Deliberante de la ciudad de Puerto&nbsp;Madryn&nbsp;confirm\u00f3 la creaci\u00f3n del&nbsp;impuesto al viento. Se trata de un tributo que pagar\u00e1n las empresas que produzcan\u202fenerg\u00eda e\u00f3lica\u202fy que ser\u00e1 para todas las que se establezcan en el municipio. Si bien en un principio la medida fue aprobada en enero de este a\u00f1o, recientemente se adhiri\u00f3 al presupuesto aprobado de manera un\u00e1nime a modo de\u202fgravamen<strong>.<\/strong>&nbsp;<\/p>\n\n\n\n<p>Este\u202fimpuesto<strong>,<\/strong>\u202foriginalmente deb\u00eda ser pagado por las<strong>\u202f<\/strong>empresas productoras de dicha energ\u00eda y equivaldr\u00eda a un 4,5% de la facturaci\u00f3n<strong>.<\/strong>&nbsp;Esto provoc\u00f3 varias cr\u00edticas del empresariado, lo cual devino en un cambio en la decisi\u00f3n del monto. Este \u00faltimo se definir\u00e1 por la superficie y no por facturaci\u00f3n a las firmas en general.&nbsp;<\/p>\n\n\n\n<p>Sin embargo, las quejas continuaron, ya que desde las m\u00e1ximas autoridades de la<strong>\u202f<\/strong>C\u00e1mara Argentina de Energ\u00edas Renovables (CADER)<strong>\u202f<\/strong>se expresaron en contra de la medida. Desde&nbsp;la Comisi\u00f3n Directiva se&nbsp;expres\u00f3&nbsp;que la \u201cmodificaci\u00f3n o instauraci\u00f3n de un nuevo impuesto, canon o tasa, que implique mayor carga fiscal para el sector de las energ\u00edas renovables,&nbsp;amenazan seriamente su desarrollo y continuidad en nuestro pa\u00eds\u201d.&nbsp;<\/p>\n\n\n\n<p>La ilegalidad manifiesta de la iniciativa de Puerto&nbsp;Madryn&nbsp;radica en que se traduce en una enorme carga para los proyectos renovables, obstruyendo gravemente la continuidad de los proyectos construidos, en construcci\u00f3n y en desarrollo, v\u00eda por la cual se comprueba su arbitrariedad y se demuestra el desconocimiento de derechos constitucionales&nbsp;<\/p>\n\n\n\n<p>Vivimos en un pa\u00eds en el que se desalienta el pago con tarjeta de d\u00e9bito a pesar de que formaliza las operaciones. En un pa\u00eds en el que se aprueba una ley de teletrabajo que en lugar de fomentarlo, lo vuelve inviable.&nbsp;<\/p>\n\n\n\n<p>Un\u202f&nbsp;pa\u00eds que defiende los derechos de los trabajadores pero no genera&nbsp;trabajo. Millones de trabajadores en negro empujados a la informalidad por un mont\u00f3n de leyes que supuestamente deber\u00edan beneficiarlos. En los papeles la legislaci\u00f3n laboral est\u00e1 pensada desde la \u00f3ptica del empleado, pero los hechos demuestran lo contrario.&nbsp;<\/p>\n\n\n\n<p>Se siguen creando impuestos para recaudar, cuando en realidad lo que hay que generar son oportunidades. Oportunidades para que surjan nuevos emprendimientos. Para que los empresarios exitosos sean a\u00fan m\u00e1s exitosos. Cuanto m\u00e1s crezcan m\u00e1s crezcan las econom\u00edas locales, regionales y del&nbsp;pa\u00eds. M\u00e1s empleo generaran.&nbsp;<\/p>\n\n\n\n<p>Generar&nbsp;cambios en las reglas de juego sobre la marcha&nbsp;nunca es bueno si se busca dar un marco de estabilidad para las inversiones. Es entendible la necesidad de recaudaci\u00f3n de los municipios en el contexto post Pandemia del Coronavirus, pero debe entender&nbsp;que de esta forma no van a atraer inversiones a futuro.&nbsp;<\/p>\n\n\n\n<p>Pareciera&nbsp;que nos encontramos&nbsp;frente a una burocracia-pol\u00edtica estatal m\u00e1s interesada en perpetuarse en vez de estar al servicio de quienes los votaron. Pol\u00edticos y bur\u00f3cratas insisten&nbsp;en generar ingresos para el estado sin preocuparse por los perjuicios que causan a los ciudadanos, sobre todo a aquellos que cuentan con menores recursos econ\u00f3micos\u2026&nbsp;<\/p>\n\n\n\n<p>*Cristi\u00e1n\u00a0Frers\u00a0\u2013\u00a0T\u00e9cnico\u00a0Superior en\u00a0Gesti\u00f3n\u00a0Ambiental y\u00a0T\u00e9cnico\u00a0Superior en Comunicaci\u00f3n Social (Periodista)<\/p>\n","protected":false},"excerpt":{"rendered":"<p>Por Cristi\u00e1n\u00a0Frers* &#8211; M\u00e1s impuestos. \u00bfHay d\u00e9ficit?\u202fM\u00e1s impuestos. \u00bfLas empresas est\u00e1n ganando dinero? Pueden pagar m\u00e1s. \u00bfEl precio de la &#8230; <a title=\"Un impuesto a la energ\u00eda e\u00f3lica\" class=\"read-more\" href=\"https:\/\/www.hoymercedes.com.ar\/principal\/2020\/11\/16\/un-impuesto-a-la-energia-eolica\/\" aria-label=\"Leer m\u00e1s sobre Un impuesto a la energ\u00eda e\u00f3lica\">Leer m\u00e1s<\/a><\/p>\n","protected":false},"author":1,"featured_media":120286,"comment_status":"closed","ping_status":"open","sticky":false,"template":"","format":"standard","meta":{"_monsterinsights_skip_tracking":false,"_monsterinsights_sitenote_active":false,"_monsterinsights_sitenote_note":"","_monsterinsights_sitenote_category":0,"jetpack_post_was_ever_published":false,"_jetpack_newsletter_access":"","_jetpack_dont_email_post_to_subs":false,"_jetpack_newsletter_tier_id":0,"_jetpack_memberships_contains_paywalled_content":false,"_jetpack_memberships_contains_paid_content":false,"footnotes":"","jetpack_publicize_message":"","jetpack_publicize_feature_enabled":true,"jetpack_social_post_already_shared":true,"jetpack_social_options":{"image_generator_settings":{"template":"highway","default_image_id":0,"font":"","enabled":false},"version":2},"_wpas_customize_per_network":false},"categories":[1],"tags":[],"class_list":["post-120285","post","type-post","status-publish","format-standard","has-post-thumbnail","hentry","category-opinion","generate-columns","tablet-grid-50","mobile-grid-100","grid-parent","grid-50"],"jetpack_publicize_connections":[],"jetpack_featured_media_url":"https:\/\/www.hoymercedes.com.ar\/principal\/wp-content\/uploads\/2020\/11\/16-eolica-ambiente.jpg","wps_subtitle":"Debate nacional","jetpack_sharing_enabled":true,"_links":{"self":[{"href":"https:\/\/www.hoymercedes.com.ar\/principal\/wp-json\/wp\/v2\/posts\/120285","targetHints":{"allow":["GET"]}}],"collection":[{"href":"https:\/\/www.hoymercedes.com.ar\/principal\/wp-json\/wp\/v2\/posts"}],"about":[{"href":"https:\/\/www.hoymercedes.com.ar\/principal\/wp-json\/wp\/v2\/types\/post"}],"author":[{"embeddable":true,"href":"https:\/\/www.hoymercedes.com.ar\/principal\/wp-json\/wp\/v2\/users\/1"}],"replies":[{"embeddable":true,"href":"https:\/\/www.hoymercedes.com.ar\/principal\/wp-json\/wp\/v2\/comments?post=120285"}],"version-history":[{"count":0,"href":"https:\/\/www.hoymercedes.com.ar\/principal\/wp-json\/wp\/v2\/posts\/120285\/revisions"}],"wp:featuredmedia":[{"embeddable":true,"href":"https:\/\/www.hoymercedes.com.ar\/principal\/wp-json\/wp\/v2\/media\/120286"}],"wp:attachment":[{"href":"https:\/\/www.hoymercedes.com.ar\/principal\/wp-json\/wp\/v2\/media?parent=120285"}],"wp:term":[{"taxonomy":"category","embeddable":true,"href":"https:\/\/www.hoymercedes.com.ar\/principal\/wp-json\/wp\/v2\/categories?post=120285"},{"taxonomy":"post_tag","embeddable":true,"href":"https:\/\/www.hoymercedes.com.ar\/principal\/wp-json\/wp\/v2\/tags?post=120285"}],"curies":[{"name":"wp","href":"https:\/\/api.w.org\/{rel}","templated":true}]}}