{"id":120315,"date":"2020-11-17T19:13:09","date_gmt":"2020-11-17T22:13:09","guid":{"rendered":"http:\/\/www.hoymercedes.com.ar\/principal\/?p=120315"},"modified":"2020-11-17T21:22:56","modified_gmt":"2020-11-18T00:22:56","slug":"provincia-simone-expuso-sobre-los-alcances-del-presupuesto-2021-en-la-camara-de-diputados","status":"publish","type":"post","link":"https:\/\/www.hoymercedes.com.ar\/principal\/2020\/11\/17\/provincia-simone-expuso-sobre-los-alcances-del-presupuesto-2021-en-la-camara-de-diputados\/","title":{"rendered":"Provincia: Simone expuso sobre los alcances del Presupuesto 2021 en la C\u00e1mara de Diputados"},"content":{"rendered":"\n<p><em>Present\u00f3 la planificaci\u00f3n de la partida presupuestaria en infraestructura ante las comisiones de Presupuesto y Obras P\u00fablicas.<\/em> <em>Destac\u00f3 que est\u00e1 presupuestado $1.510.000.000\u00a0en el\u00a0Plan de Manejo Integral de la Cuenca del R\u00edo Luj\u00e1n \u2013 Etapa I\u00a0que beneficiar\u00e1 a los municipios de\u00a0Pilar,\u00a0Exaltaci\u00f3n de la Cruz,\u00a0 Luj\u00e1n, Mercedes y\u00a0Campana. <\/em><\/p>\n\n\n\n<div class=\"wp-block-image\"><figure class=\"aligncenter size-large\"><img loading=\"lazy\" decoding=\"async\" width=\"800\" height=\"533\" data-attachment-id=\"120316\" data-permalink=\"https:\/\/www.hoymercedes.com.ar\/principal\/2020\/11\/17\/provincia-simone-expuso-sobre-los-alcances-del-presupuesto-2021-en-la-camara-de-diputados\/17-simone\/#main\" data-orig-file=\"https:\/\/www.hoymercedes.com.ar\/principal\/wp-content\/uploads\/2020\/11\/17-simone.jpeg\" data-orig-size=\"800,533\" data-comments-opened=\"0\" data-image-meta=\"{&quot;aperture&quot;:&quot;0&quot;,&quot;credit&quot;:&quot;&quot;,&quot;camera&quot;:&quot;&quot;,&quot;caption&quot;:&quot;&quot;,&quot;created_timestamp&quot;:&quot;0&quot;,&quot;copyright&quot;:&quot;&quot;,&quot;focal_length&quot;:&quot;0&quot;,&quot;iso&quot;:&quot;0&quot;,&quot;shutter_speed&quot;:&quot;0&quot;,&quot;title&quot;:&quot;&quot;,&quot;orientation&quot;:&quot;0&quot;}\" data-image-title=\"17-simone\" data-image-description=\"\" data-image-caption=\"\" data-large-file=\"https:\/\/www.hoymercedes.com.ar\/principal\/wp-content\/uploads\/2020\/11\/17-simone.jpeg\" src=\"https:\/\/www.hoymercedes.com.ar\/principal\/wp-content\/uploads\/2020\/11\/17-simone.jpeg\" alt=\"\" class=\"wp-image-120316\" srcset=\"https:\/\/www.hoymercedes.com.ar\/principal\/wp-content\/uploads\/2020\/11\/17-simone.jpeg 800w, https:\/\/www.hoymercedes.com.ar\/principal\/wp-content\/uploads\/2020\/11\/17-simone-630x420.jpeg 630w, https:\/\/www.hoymercedes.com.ar\/principal\/wp-content\/uploads\/2020\/11\/17-simone-150x100.jpeg 150w, https:\/\/www.hoymercedes.com.ar\/principal\/wp-content\/uploads\/2020\/11\/17-simone-700x465.jpeg 700w\" sizes=\"auto, (max-width: 800px) 100vw, 800px\" \/><\/figure><\/div>\n\n\n\n<p>El ministro de Infraestructura y Servicios P\u00fablicos de la Provincia . ex funcionario del \u00e1rea de Econom\u00eda del Municipio de Mercedes &#8211; , Agust\u00edn Simone, expuso sobre los alcances del proyecto de Ley del Presupuesto 2021 ante la C\u00e1mara de Diputados bonaerense, en relaci\u00f3n a las partidas asignadas a este ministerio.<\/p>\n\n\n\n<p>Simone, que estuvo acompa\u00f1ado por los subsecretarios de Recursos H\u00eddricos, Guillermo Jelinski; Obras P\u00fablicas, Ernesto Selzer; Transporte, Alejo Supply; Energ\u00eda, Gast\u00f3n Ghioni; Administrativo, Fernando Maresca; y Planificaci\u00f3n y Evaluaci\u00f3n de Infraestructura, Ignacio Negroni, repas\u00f3 junto al senador Marcelo Feli\u00fa, las pautas y objetivos de la gesti\u00f3n para el a\u00f1o pr\u00f3ximo, frente a las comisiones de Presupuesto y Obras P\u00fablicas de Diputados.<\/p>\n\n\n\n<p>Durante su exposici\u00f3n, el ministro detall\u00f3 los principales aspectos y brind\u00f3 detalles de la gesti\u00f3n que lleva la cartera de Infraestructura, as\u00ed como tambi\u00e9n las proyecciones trazadas en el Presupuesto 2021. En ese sentido, destac\u00f3 la fuerte inversi\u00f3n en obra p\u00fablica prevista para el a\u00f1o pr\u00f3ximo por parte del Ejecutivo bonaerense, con el fin de reactivar la econom\u00eda y el empleo en la provincia de Buenos Aires.<\/p>\n\n\n\n<p>Al respecto, Simone expres\u00f3: \u00abEste presupuesto busca solucionar los problemas que tuvo la provincia los \u00faltimos a\u00f1os. Buscamos dinamizar la obra p\u00fablica, con perspectiva de g\u00e9nero y ayudando a todos los bonaerenses sin distinci\u00f3n pol\u00edtica\u00bb. Y sostuvo: \u00abHubo un golpe muy fuerte para la infraestructura en los a\u00f1os 2018 y 2019. Nos encontramos con obras paralizadas y endeudadas. Este a\u00f1o nos hicimos cargo y pudimos ejecutar 125 obras sanitarias durante la pandemia\u00bb. Por otra parte, el Ministro destac\u00f3 que \u00abcon el Plan Quinquenal 2020\u20132024 buscamos que se generen m\u00e1s de 120 mil puestos de trabajo\u00bb.<\/p>\n\n\n\n<p>Cabe destacar que este proyecto de Presupuesto para el a\u00f1o entrante en cuanto al Ministerio de Infraestructura y sus organismos descentralizados alcanza los 115.000 millones de pesos y contempla la realizaci\u00f3n de 1735 obras en todo el territorio bonaerense. Esta inversi\u00f3n supone la generaci\u00f3n de m\u00e1s de 39.000 puestos de trabajo directos y 79.000 indirectos, lo que representa una creaci\u00f3n de m\u00e1s de 118.000 fuentes laborales que impactar\u00e1n fuertemente en la econom\u00eda provincial.<\/p>\n\n\n\n<p><strong>Vivienda:<\/strong>\u00a0Se invertir\u00e1n m\u00e1s de\u00a0 13.180 millones de pesos, distribuidos en la totalidad de los municipios, para la construcci\u00f3n y\u00a0 terminaci\u00f3n de alrededor de 10.900 viviendas. Cabe destacar que esta cantidad es cinco veces mayor a la que se promedi\u00f3 en la gesti\u00f3n anterior (2000 casas por a\u00f1o) y que al comienzo del a\u00f1o 2020 se encontraron m\u00e1s de 5000 construcciones paralizadas. Tambi\u00e9n se asignar\u00e1n 1.240 millones de pesos para trabajos de infraestructura.\u00a0<\/p>\n\n\n\n<p><strong>Vialidad:<\/strong>\u00a0 Para el \u00e1rea de Vialidad, se destinar\u00e1n casi 38.000 millones de pesos de las arcas provinciales y entre las obras m\u00e1s importantes se proyecta la reactivaci\u00f3n de las Semi-autopistas en tres tramos de las Rutas 11 y 56, que integran el sistema del corredor del atl\u00e1ntico.\u00a0Tambi\u00e9n se har\u00e1n trabajos de repavimentaci\u00f3n en las Rutas 11, 51 y 31, una intervenci\u00f3n integral de la Ruta 6, la construcci\u00f3n de la segunda calzada de la Ruta 41 y una rehabilitaci\u00f3n hist\u00f3rica de caminos rurales, entre otros.\u00a0<\/p>\n\n\n\n<p><strong>Energ\u00eda<\/strong>: En este casi se invertir\u00e1n\u00a0$ 1.740.000.000\u00a0en\u00a010 obras nuevas\u00a0que mejorar\u00e1n la\u00a0calidad del abastecimiento del suministro el\u00e9ctrico de las localidades y evitar\u00e1n\u00a0que se generen restricciones de demanda. Tambi\u00e9n se eliminar\u00e1\u00a0la generaci\u00f3n t\u00e9rmica m\u00f3vil usada para el sostenimiento del suministro el\u00e9ctrico. Estas obras generar\u00e1n\u00a0nueva potencia disponible para el desarrollo de mayor demanda (crecimiento de la econom\u00eda local y regional, desarrollo de nuevos emprendimientos\/industrias en la zona, etc.)\u00a0<\/p>\n\n\n\n<p><strong>Obras H\u00eddricas<\/strong>\u00a0: En esta \u00e1rea se buscar\u00e1 prevenir las crecidas, manejar controladamente los caudales y morigerar el efecto de las inundaciones principalmente sobre\u00a0los cascos urbanos. Para ello se invertir\u00e1n\u00a0$ 1.435.202.250\u00a0en\u00a0Cuenca del R\u00edo\u00a0Areco\u00a0y Arroyo Pergamino; $1.510.000.000\u00a0en el\u00a0Plan de Manejo Integral de la Cuenca del R\u00edo Luj\u00e1n \u2013 Etapa I\u00a0que beneficiar\u00e1 a los municipios de\u00a0Pilar,\u00a0Exaltaci\u00f3n de la Cruz,\u00a0 Luj\u00e1n\u00a0,Mercedes y\u00a0Campana.\u00a0Adem\u00e1s se continuar\u00e1 con las obras que ya est\u00e1n en ejecuci\u00f3n como la\u00a0Ampliaci\u00f3n del canal Santa Mar\u00eda, en Campana; la\u00a0Obra de Adecuaci\u00f3n del Cauce del Tramo Medio del R\u00edo Luj\u00e1n \u2013 Tramo FFCC BELGRANO NORTE \u2013 RP N\u00b06; y se destinar\u00e1n $ 5.190.000.000 para la Cuenca del Rio Salado; y\u00a0\u00a0$ 417.722.750\u00a0en la\u00a0Cuenca R\u00edo de la Plata y Conurbano (Arroyo Duppy &#8211; Etapa I y II).\u00a0<\/p>\n\n\n\n<p><strong>COMIREC<\/strong>\u00a0: En cuanto a las\u00a0Obras del Comit\u00e9 de Cuenca del R\u00edo Reconquista (COMIREC),\u00a0tienen\u00a0como objetivo recuperar la calidad ambiental de la Cuenca a trav\u00e9s de la implementaci\u00f3n de un plan de gesti\u00f3n integral que prioriza inversiones en \u00e1reas de riesgo sanitario, contribuyendo a aumentar la cobertura de agua, alcantarillado y tratamiento de aguas residuales; mejorar la gesti\u00f3n integrada de residuos s\u00f3lidos; mejorar la conectividad y acceso a barrios perif\u00e9ricos asentados en \u00e1reas de dif\u00edcil acceso; y fortalecer la gesti\u00f3n operativa del Comit\u00e9.\u00a0<br>La superficie de la Cuenca del R\u00edo Reconquista es de 175.000 hect\u00e1reas y abarca los siguientes municipios del \u00e1rea metropolitana de Buenos Aires: Merlo, Moreno, Luj\u00e1n, General Rodr\u00edguez, General Las Heras, Marcos Paz,\u00a0Malvinas Argentinas, San Miguel, General San Mart\u00edn, Tres de Febrero, Mor\u00f3n, Ituzaing\u00f3, Jos\u00e9 C. Paz, Hurlingham,\u00a0Tigre, Vicente L\u00f3pez, San Isidro, San Fernando.\u00a0<\/p>\n\n\n\n<p><strong>Agua y Cloacas<\/strong>\u00a0: Entre las obras m\u00e1s trascendentales se encuentran la construcci\u00f3n de la Planta Potabilizadora de La Plata, Berisso y Ensenada, que beneficiar\u00e1 a un mill\u00f3n de habitantes y representa una inversi\u00f3n de m\u00e1s de 2.400 millones de pesos.\u00a0Tambi\u00e9n se har\u00e1n intervenciones en las redes cloacales de General Arenales, San Miguel,\u00a0Guamin\u00ed\u00a0y Marcos Paz, entre otros. Por \u00faltimo, se har\u00e1n trabajos en la red de agua de Villa\u00a0Gesell\u00a0 para proveer de agua potable a las localidades de Las Gaviotas, Mar de las Pampas y Mar Azul.\u00a0<\/p>\n\n\n\n<p><strong>Arquitectura<\/strong>\u00a0: Las obras m\u00e1s sobresalientes son la adecuaci\u00f3n y remodelaci\u00f3n de diferentes hospitales provinciales como el Allende en General\u00a0Pueyrredon, el Jos\u00e9\u00a0Penna\u00a0de Bah\u00eda Blanca, el\u00a0O\u00f1ativia\u00a0de Almirante Brown y el Sor Mar\u00eda\u00a0Ludovica\u00a0de La Plata, entre otros.\u00a0Adem\u00e1s, se realizar\u00e1n obras de transformaci\u00f3n urbana en barrios vulnerables en los municipios de Lan\u00fas, La Matanza, Tigre, Gral. San Mart\u00edn, Gral. Pueyrred\u00f3n,\u00a0 San Isidro, Quilmes y\u00a0Alte. Brown por un total de 623 millones de pesos.\u00a0<\/p>\n\n\n\n<p>Fuente: Prensa Infraestructura de la provincia de Buenos Aires<\/p>\n","protected":false},"excerpt":{"rendered":"<p>Present\u00f3 la planificaci\u00f3n de la partida presupuestaria en infraestructura ante las comisiones de Presupuesto y Obras P\u00fablicas. Destac\u00f3 que est\u00e1 &#8230; <a title=\"Provincia: Simone expuso sobre los alcances del Presupuesto 2021 en la C\u00e1mara de Diputados\" class=\"read-more\" href=\"https:\/\/www.hoymercedes.com.ar\/principal\/2020\/11\/17\/provincia-simone-expuso-sobre-los-alcances-del-presupuesto-2021-en-la-camara-de-diputados\/\" aria-label=\"Leer m\u00e1s sobre Provincia: Simone expuso sobre los alcances del Presupuesto 2021 en la C\u00e1mara de Diputados\">Leer m\u00e1s<\/a><\/p>\n","protected":false},"author":5,"featured_media":120316,"comment_status":"closed","ping_status":"open","sticky":false,"template":"","format":"standard","meta":{"_monsterinsights_skip_tracking":false,"_monsterinsights_sitenote_active":false,"_monsterinsights_sitenote_note":"","_monsterinsights_sitenote_category":0,"jetpack_post_was_ever_published":false,"_jetpack_newsletter_access":"","_jetpack_dont_email_post_to_subs":false,"_jetpack_newsletter_tier_id":0,"_jetpack_memberships_contains_paywalled_content":false,"_jetpack_memberships_contains_paid_content":false,"footnotes":"","jetpack_publicize_message":"","jetpack_publicize_feature_enabled":true,"jetpack_social_post_already_shared":true,"jetpack_social_options":{"image_generator_settings":{"template":"highway","default_image_id":0,"font":"","enabled":false},"version":2},"_wpas_customize_per_network":false},"categories":[8881],"tags":[],"class_list":["post-120315","post","type-post","status-publish","format-standard","has-post-thumbnail","hentry","category-provincia","generate-columns","tablet-grid-50","mobile-grid-100","grid-parent","grid-50"],"jetpack_publicize_connections":[],"jetpack_featured_media_url":"https:\/\/www.hoymercedes.com.ar\/principal\/wp-content\/uploads\/2020\/11\/17-simone.jpeg","wps_subtitle":"","jetpack_sharing_enabled":true,"_links":{"self":[{"href":"https:\/\/www.hoymercedes.com.ar\/principal\/wp-json\/wp\/v2\/posts\/120315","targetHints":{"allow":["GET"]}}],"collection":[{"href":"https:\/\/www.hoymercedes.com.ar\/principal\/wp-json\/wp\/v2\/posts"}],"about":[{"href":"https:\/\/www.hoymercedes.com.ar\/principal\/wp-json\/wp\/v2\/types\/post"}],"author":[{"embeddable":true,"href":"https:\/\/www.hoymercedes.com.ar\/principal\/wp-json\/wp\/v2\/users\/5"}],"replies":[{"embeddable":true,"href":"https:\/\/www.hoymercedes.com.ar\/principal\/wp-json\/wp\/v2\/comments?post=120315"}],"version-history":[{"count":0,"href":"https:\/\/www.hoymercedes.com.ar\/principal\/wp-json\/wp\/v2\/posts\/120315\/revisions"}],"wp:featuredmedia":[{"embeddable":true,"href":"https:\/\/www.hoymercedes.com.ar\/principal\/wp-json\/wp\/v2\/media\/120316"}],"wp:attachment":[{"href":"https:\/\/www.hoymercedes.com.ar\/principal\/wp-json\/wp\/v2\/media?parent=120315"}],"wp:term":[{"taxonomy":"category","embeddable":true,"href":"https:\/\/www.hoymercedes.com.ar\/principal\/wp-json\/wp\/v2\/categories?post=120315"},{"taxonomy":"post_tag","embeddable":true,"href":"https:\/\/www.hoymercedes.com.ar\/principal\/wp-json\/wp\/v2\/tags?post=120315"}],"curies":[{"name":"wp","href":"https:\/\/api.w.org\/{rel}","templated":true}]}}