{"id":120328,"date":"2020-11-17T23:02:46","date_gmt":"2020-11-18T02:02:46","guid":{"rendered":"http:\/\/www.hoymercedes.com.ar\/principal\/?p=120328"},"modified":"2020-11-17T22:10:42","modified_gmt":"2020-11-18T01:10:42","slug":"ponen-en-valor-y-jerarquizan-la-sede-envion-del-barrio-obrero","status":"publish","type":"post","link":"https:\/\/www.hoymercedes.com.ar\/principal\/2020\/11\/17\/ponen-en-valor-y-jerarquizan-la-sede-envion-del-barrio-obrero\/","title":{"rendered":"Ponen en valor y jerarquizan la Sede Envi\u00f3n del Barrio Obrero"},"content":{"rendered":"\n<p>Desde la Subdirecci\u00f3n de Juventud de la Secretar\u00eda de Desarrollo Social de la Municipalidad y en conjunto con las Cooperativas PotenciAR del Centro de Referencia del Ministerio de Desarrollo Social de Naci\u00f3n se est\u00e1 llevando adelante una obra de refacci\u00f3n y puesta en valor de la sede \u201cEnvi\u00f3n Comunitario\u201d en el Barrio Obrero. \u00a0<\/p>\n\n\n\n<div class=\"wp-block-image\"><figure class=\"aligncenter size-large\"><img loading=\"lazy\" decoding=\"async\" width=\"800\" height=\"533\" data-attachment-id=\"120329\" data-permalink=\"https:\/\/www.hoymercedes.com.ar\/principal\/2020\/11\/17\/ponen-en-valor-y-jerarquizan-la-sede-envion-del-barrio-obrero\/81-1\/#main\" data-orig-file=\"https:\/\/www.hoymercedes.com.ar\/principal\/wp-content\/uploads\/2020\/11\/81-1.jpeg\" data-orig-size=\"800,533\" data-comments-opened=\"0\" data-image-meta=\"{&quot;aperture&quot;:&quot;0&quot;,&quot;credit&quot;:&quot;&quot;,&quot;camera&quot;:&quot;&quot;,&quot;caption&quot;:&quot;&quot;,&quot;created_timestamp&quot;:&quot;1605650528&quot;,&quot;copyright&quot;:&quot;&quot;,&quot;focal_length&quot;:&quot;0&quot;,&quot;iso&quot;:&quot;0&quot;,&quot;shutter_speed&quot;:&quot;0&quot;,&quot;title&quot;:&quot;&quot;,&quot;orientation&quot;:&quot;1&quot;}\" data-image-title=\"81 (1)\" data-image-description=\"\" data-image-caption=\"\" data-large-file=\"https:\/\/www.hoymercedes.com.ar\/principal\/wp-content\/uploads\/2020\/11\/81-1.jpeg\" src=\"https:\/\/www.hoymercedes.com.ar\/principal\/wp-content\/uploads\/2020\/11\/81-1.jpeg\" alt=\"\" class=\"wp-image-120329\" srcset=\"https:\/\/www.hoymercedes.com.ar\/principal\/wp-content\/uploads\/2020\/11\/81-1.jpeg 800w, https:\/\/www.hoymercedes.com.ar\/principal\/wp-content\/uploads\/2020\/11\/81-1-630x420.jpeg 630w, https:\/\/www.hoymercedes.com.ar\/principal\/wp-content\/uploads\/2020\/11\/81-1-150x100.jpeg 150w, https:\/\/www.hoymercedes.com.ar\/principal\/wp-content\/uploads\/2020\/11\/81-1-700x465.jpeg 700w\" sizes=\"auto, (max-width: 800px) 100vw, 800px\" \/><\/figure><\/div>\n\n\n\n<p>El programa Envi\u00f3n es un programa de inclusi\u00f3n social que envuelve a j\u00f3venes de 12 a 21 a\u00f1os de los barrios Obrero, Blandengues y Almafuerte. &nbsp;<\/p>\n\n\n\n<p>En el mismo se desarrollan talleres de recreaci\u00f3n, deporte y formaci\u00f3n de acuerdo a los intereses de las juventudes. Tambi\u00e9n se trabaja el eje salud como prioridad. &nbsp;<\/p>\n\n\n\n<p>Esta obra tiene como objetivo acondicionar el espacio para la vuelta de talleres y actividades del programa. &nbsp;<\/p>\n\n\n\n<p>El Intendente Juan Ignacio Ustarroz sostuvo \u201ces muy importante poner en valor los espacios de pertenencia de la juventud y sumar equipamientos que consoliden cada programa Envi\u00f3n, destaco el compromiso de los trabajadores municipales y cooperativas Potenciar en esta obra\u201d &nbsp;<\/p>\n\n\n\n<p>La Coordinadora del \u201cPrograma Envi\u00f3n\u201d, Clara Panessi expres\u00f3 \u201cUno de los objetivos en esta Pandemia fue fortalecer los espacios f\u00edsicos que concurren diariamente las juventudes de Envi\u00f3n para que la vuelta sea en las mejores condiciones\u201d. &nbsp;<\/p>\n\n\n\n<p>Por su parte, la Subdirectora de Pol\u00edticas Juveniles manifest\u00f3 \u201cEs un orgullo darle vida y contenido a cada espacio juvenil de nuestra Ciudad, trabajamos diariamente para garantizar el acceso de las juventudes a sus espacios\u201d \u00a0<\/p>\n\n\n\n<p>Fuente: Prensa Municipal<\/p>\n\n\n\n<div class=\"wp-block-image\"><figure class=\"aligncenter size-large\"><img loading=\"lazy\" decoding=\"async\" width=\"800\" height=\"534\" data-attachment-id=\"120330\" data-permalink=\"https:\/\/www.hoymercedes.com.ar\/principal\/2020\/11\/17\/ponen-en-valor-y-jerarquizan-la-sede-envion-del-barrio-obrero\/attachment\/82\/#main\" data-orig-file=\"https:\/\/www.hoymercedes.com.ar\/principal\/wp-content\/uploads\/2020\/11\/82.jpeg\" data-orig-size=\"800,534\" data-comments-opened=\"0\" data-image-meta=\"{&quot;aperture&quot;:&quot;0&quot;,&quot;credit&quot;:&quot;&quot;,&quot;camera&quot;:&quot;&quot;,&quot;caption&quot;:&quot;&quot;,&quot;created_timestamp&quot;:&quot;1605650468&quot;,&quot;copyright&quot;:&quot;&quot;,&quot;focal_length&quot;:&quot;0&quot;,&quot;iso&quot;:&quot;0&quot;,&quot;shutter_speed&quot;:&quot;0&quot;,&quot;title&quot;:&quot;&quot;,&quot;orientation&quot;:&quot;1&quot;}\" data-image-title=\"82\" data-image-description=\"\" data-image-caption=\"\" data-large-file=\"https:\/\/www.hoymercedes.com.ar\/principal\/wp-content\/uploads\/2020\/11\/82.jpeg\" src=\"https:\/\/www.hoymercedes.com.ar\/principal\/wp-content\/uploads\/2020\/11\/82.jpeg\" alt=\"\" class=\"wp-image-120330\" srcset=\"https:\/\/www.hoymercedes.com.ar\/principal\/wp-content\/uploads\/2020\/11\/82.jpeg 800w, https:\/\/www.hoymercedes.com.ar\/principal\/wp-content\/uploads\/2020\/11\/82-630x421.jpeg 630w, https:\/\/www.hoymercedes.com.ar\/principal\/wp-content\/uploads\/2020\/11\/82-150x100.jpeg 150w\" sizes=\"auto, (max-width: 800px) 100vw, 800px\" \/><\/figure><\/div>\n","protected":false},"excerpt":{"rendered":"<p>Desde la Subdirecci\u00f3n de Juventud de la Secretar\u00eda de Desarrollo Social de la Municipalidad y en conjunto con las Cooperativas &#8230; <a title=\"Ponen en valor y jerarquizan la Sede Envi\u00f3n del Barrio Obrero\" class=\"read-more\" href=\"https:\/\/www.hoymercedes.com.ar\/principal\/2020\/11\/17\/ponen-en-valor-y-jerarquizan-la-sede-envion-del-barrio-obrero\/\" aria-label=\"Leer m\u00e1s sobre Ponen en valor y jerarquizan la Sede Envi\u00f3n del Barrio Obrero\">Leer m\u00e1s<\/a><\/p>\n","protected":false},"author":5,"featured_media":120330,"comment_status":"closed","ping_status":"open","sticky":false,"template":"","format":"standard","meta":{"_monsterinsights_skip_tracking":false,"_monsterinsights_sitenote_active":false,"_monsterinsights_sitenote_note":"","_monsterinsights_sitenote_category":0,"jetpack_post_was_ever_published":false,"_jetpack_newsletter_access":"","_jetpack_dont_email_post_to_subs":false,"_jetpack_newsletter_tier_id":0,"_jetpack_memberships_contains_paywalled_content":false,"_jetpack_memberships_contains_paid_content":false,"footnotes":"","jetpack_publicize_message":"","jetpack_publicize_feature_enabled":true,"jetpack_social_post_already_shared":true,"jetpack_social_options":{"image_generator_settings":{"template":"highway","default_image_id":0,"font":"","enabled":false},"version":2},"_wpas_customize_per_network":false},"categories":[30],"tags":[],"class_list":["post-120328","post","type-post","status-publish","format-standard","has-post-thumbnail","hentry","category-municipio","generate-columns","tablet-grid-50","mobile-grid-100","grid-parent","grid-50"],"jetpack_publicize_connections":[],"jetpack_featured_media_url":"https:\/\/www.hoymercedes.com.ar\/principal\/wp-content\/uploads\/2020\/11\/82.jpeg","wps_subtitle":"","jetpack_sharing_enabled":true,"_links":{"self":[{"href":"https:\/\/www.hoymercedes.com.ar\/principal\/wp-json\/wp\/v2\/posts\/120328","targetHints":{"allow":["GET"]}}],"collection":[{"href":"https:\/\/www.hoymercedes.com.ar\/principal\/wp-json\/wp\/v2\/posts"}],"about":[{"href":"https:\/\/www.hoymercedes.com.ar\/principal\/wp-json\/wp\/v2\/types\/post"}],"author":[{"embeddable":true,"href":"https:\/\/www.hoymercedes.com.ar\/principal\/wp-json\/wp\/v2\/users\/5"}],"replies":[{"embeddable":true,"href":"https:\/\/www.hoymercedes.com.ar\/principal\/wp-json\/wp\/v2\/comments?post=120328"}],"version-history":[{"count":0,"href":"https:\/\/www.hoymercedes.com.ar\/principal\/wp-json\/wp\/v2\/posts\/120328\/revisions"}],"wp:featuredmedia":[{"embeddable":true,"href":"https:\/\/www.hoymercedes.com.ar\/principal\/wp-json\/wp\/v2\/media\/120330"}],"wp:attachment":[{"href":"https:\/\/www.hoymercedes.com.ar\/principal\/wp-json\/wp\/v2\/media?parent=120328"}],"wp:term":[{"taxonomy":"category","embeddable":true,"href":"https:\/\/www.hoymercedes.com.ar\/principal\/wp-json\/wp\/v2\/categories?post=120328"},{"taxonomy":"post_tag","embeddable":true,"href":"https:\/\/www.hoymercedes.com.ar\/principal\/wp-json\/wp\/v2\/tags?post=120328"}],"curies":[{"name":"wp","href":"https:\/\/api.w.org\/{rel}","templated":true}]}}