{"id":120332,"date":"2020-11-18T07:51:33","date_gmt":"2020-11-18T10:51:33","guid":{"rendered":"http:\/\/www.hoymercedes.com.ar\/principal\/?p=120332"},"modified":"2020-11-18T10:04:45","modified_gmt":"2020-11-18T13:04:45","slug":"servicios-publicos-continuan-con-el-trabajo-en-espacios-compartidos","status":"publish","type":"post","link":"https:\/\/www.hoymercedes.com.ar\/principal\/2020\/11\/18\/servicios-publicos-continuan-con-el-trabajo-en-espacios-compartidos\/","title":{"rendered":"Servicios p\u00fablicos contin\u00faan con el trabajo en espacios compartidos"},"content":{"rendered":"\n<p>El \u00e1rea de Servicios P\u00fablicos comunal contin\u00faa activamente desarrollando tareas en toda la ciudad. De esta manera, atendiendo necesidades de los vecinos que van desde el mantenimiento de la v\u00eda p\u00fablica, embellecimiento y cambio de luminarias. \u00a0<\/p>\n\n\n\n<div class=\"wp-block-image\"><figure class=\"aligncenter size-large\"><img loading=\"lazy\" decoding=\"async\" width=\"800\" height=\"533\" data-attachment-id=\"120333\" data-permalink=\"https:\/\/www.hoymercedes.com.ar\/principal\/2020\/11\/18\/servicios-publicos-continuan-con-el-trabajo-en-espacios-compartidos\/18-muni\/#main\" data-orig-file=\"https:\/\/www.hoymercedes.com.ar\/principal\/wp-content\/uploads\/2020\/11\/18-muni.jpg\" data-orig-size=\"800,533\" data-comments-opened=\"0\" data-image-meta=\"{&quot;aperture&quot;:&quot;0&quot;,&quot;credit&quot;:&quot;&quot;,&quot;camera&quot;:&quot;&quot;,&quot;caption&quot;:&quot;&quot;,&quot;created_timestamp&quot;:&quot;0&quot;,&quot;copyright&quot;:&quot;&quot;,&quot;focal_length&quot;:&quot;0&quot;,&quot;iso&quot;:&quot;0&quot;,&quot;shutter_speed&quot;:&quot;0&quot;,&quot;title&quot;:&quot;&quot;,&quot;orientation&quot;:&quot;0&quot;}\" data-image-title=\"18 muni\" data-image-description=\"\" data-image-caption=\"\" data-large-file=\"https:\/\/www.hoymercedes.com.ar\/principal\/wp-content\/uploads\/2020\/11\/18-muni.jpg\" src=\"https:\/\/www.hoymercedes.com.ar\/principal\/wp-content\/uploads\/2020\/11\/18-muni.jpg\" alt=\"\" class=\"wp-image-120333\" srcset=\"https:\/\/www.hoymercedes.com.ar\/principal\/wp-content\/uploads\/2020\/11\/18-muni.jpg 800w, https:\/\/www.hoymercedes.com.ar\/principal\/wp-content\/uploads\/2020\/11\/18-muni-630x420.jpg 630w, https:\/\/www.hoymercedes.com.ar\/principal\/wp-content\/uploads\/2020\/11\/18-muni-150x100.jpg 150w, https:\/\/www.hoymercedes.com.ar\/principal\/wp-content\/uploads\/2020\/11\/18-muni-700x465.jpg 700w\" sizes=\"auto, (max-width: 800px) 100vw, 800px\" \/><\/figure><\/div>\n\n\n\n<p>El subsecretario de Servicios P\u00fablicos, Luis Ponce se\u00f1al\u00f3 \u201clos trabajadores del \u00e1rea vienen desarrollando mejoras integrales, mantenimiento de espacios verdes y embellecimiento en las principales avenidas de la ciudad, as\u00ed como en plazas y lugares comunes\u201d y agreg\u00f3 \u201cesto es gracias, adem\u00e1s, a todo lo realizado en el vivero biotecnol\u00f3gico que nos provee de una gran cantidad de plantas, plantines, flores, etc. Misma que si tuvi\u00e9ramos que salir a comprar hoy, nos ser\u00eda imposible\u201d. &nbsp;<\/p>\n\n\n\n<p>En este sentido, Ponce cont\u00f3 \u201ctambi\u00e9n el equipo de limpieza urbana viene realizando recolecci\u00f3n de ramas y residuos en el casco de la ciudad. Lo cual, todo suma para que la ciudad se vea no s\u00f3lo m\u00e1s limpia, sino, adem\u00e1s, se eviten microbasurales\u201d. &nbsp;<\/p>\n\n\n\n<p>Por otro lado, el subsecretario de Servicios P\u00fablicos se\u00f1al\u00f3 \u201cadem\u00e1s, y dentro de lo que es plan integral de bacheo, los trabajadores del \u00e1rea vienen efectuando el relleno y sellado de fisuras y juntas con el objetivo de lograr mayor seguridad en la circulaci\u00f3n y prolongar la vida \u00fatil del asfalto\u201d y agreg\u00f3 \u201ccomo as\u00ed tambi\u00e9n, a medida que vamos identificando, grietas o baches, entran en la agenda de trabajo que vamos solucionando todos los d\u00edas\u201d.&nbsp;&nbsp;&nbsp;<\/p>\n\n\n\n<p>Conjuntamente, Luis Ponce, describi\u00f3 \u201cen el acceso Manuel Sanmart\u00edn realizamos una gran intervenci\u00f3n cambiando la luminaria, por luces led, lo que implica m\u00e1s seguridad, menos consumo, m\u00e1s ahorro, y fundamentalmente cuidado del medioambiente\u201d. &nbsp;<\/p>\n\n\n\n<p>De esta manera y de forma planificada los trabajadores y maquinaria comunal realizan trabajos que no s\u00f3lo mantienen el normal curso de la ciudad, sino que, mejoran y brindan mayor comodidad y seguridad a los vecinos. \u00a0<\/p>\n\n\n\n<p>Fuente: Prensa Municipal<\/p>\n","protected":false},"excerpt":{"rendered":"<p>El \u00e1rea de Servicios P\u00fablicos comunal contin\u00faa activamente desarrollando tareas en toda la ciudad. De esta manera, atendiendo necesidades de &#8230; <a title=\"Servicios p\u00fablicos contin\u00faan con el trabajo en espacios compartidos\" class=\"read-more\" href=\"https:\/\/www.hoymercedes.com.ar\/principal\/2020\/11\/18\/servicios-publicos-continuan-con-el-trabajo-en-espacios-compartidos\/\" aria-label=\"Leer m\u00e1s sobre Servicios p\u00fablicos contin\u00faan con el trabajo en espacios compartidos\">Leer m\u00e1s<\/a><\/p>\n","protected":false},"author":1,"featured_media":120333,"comment_status":"closed","ping_status":"open","sticky":false,"template":"","format":"standard","meta":{"_monsterinsights_skip_tracking":false,"_monsterinsights_sitenote_active":false,"_monsterinsights_sitenote_note":"","_monsterinsights_sitenote_category":0,"jetpack_post_was_ever_published":false,"_jetpack_newsletter_access":"","_jetpack_dont_email_post_to_subs":false,"_jetpack_newsletter_tier_id":0,"_jetpack_memberships_contains_paywalled_content":false,"_jetpack_memberships_contains_paid_content":false,"footnotes":"","jetpack_publicize_message":"","jetpack_publicize_feature_enabled":true,"jetpack_social_post_already_shared":true,"jetpack_social_options":{"image_generator_settings":{"template":"highway","default_image_id":0,"font":"","enabled":false},"version":2},"_wpas_customize_per_network":false},"categories":[30],"tags":[],"class_list":["post-120332","post","type-post","status-publish","format-standard","has-post-thumbnail","hentry","category-municipio","generate-columns","tablet-grid-50","mobile-grid-100","grid-parent","grid-50"],"jetpack_publicize_connections":[],"jetpack_featured_media_url":"https:\/\/www.hoymercedes.com.ar\/principal\/wp-content\/uploads\/2020\/11\/18-muni.jpg","wps_subtitle":"","jetpack_sharing_enabled":true,"_links":{"self":[{"href":"https:\/\/www.hoymercedes.com.ar\/principal\/wp-json\/wp\/v2\/posts\/120332","targetHints":{"allow":["GET"]}}],"collection":[{"href":"https:\/\/www.hoymercedes.com.ar\/principal\/wp-json\/wp\/v2\/posts"}],"about":[{"href":"https:\/\/www.hoymercedes.com.ar\/principal\/wp-json\/wp\/v2\/types\/post"}],"author":[{"embeddable":true,"href":"https:\/\/www.hoymercedes.com.ar\/principal\/wp-json\/wp\/v2\/users\/1"}],"replies":[{"embeddable":true,"href":"https:\/\/www.hoymercedes.com.ar\/principal\/wp-json\/wp\/v2\/comments?post=120332"}],"version-history":[{"count":0,"href":"https:\/\/www.hoymercedes.com.ar\/principal\/wp-json\/wp\/v2\/posts\/120332\/revisions"}],"wp:featuredmedia":[{"embeddable":true,"href":"https:\/\/www.hoymercedes.com.ar\/principal\/wp-json\/wp\/v2\/media\/120333"}],"wp:attachment":[{"href":"https:\/\/www.hoymercedes.com.ar\/principal\/wp-json\/wp\/v2\/media?parent=120332"}],"wp:term":[{"taxonomy":"category","embeddable":true,"href":"https:\/\/www.hoymercedes.com.ar\/principal\/wp-json\/wp\/v2\/categories?post=120332"},{"taxonomy":"post_tag","embeddable":true,"href":"https:\/\/www.hoymercedes.com.ar\/principal\/wp-json\/wp\/v2\/tags?post=120332"}],"curies":[{"name":"wp","href":"https:\/\/api.w.org\/{rel}","templated":true}]}}