{"id":120350,"date":"2020-11-18T11:40:11","date_gmt":"2020-11-18T14:40:11","guid":{"rendered":"http:\/\/www.hoymercedes.com.ar\/principal\/?p=120350"},"modified":"2020-11-18T11:44:01","modified_gmt":"2020-11-18T14:44:01","slug":"mercedinos-presente-en-capacitacion-virtual-de-korfball","status":"publish","type":"post","link":"https:\/\/www.hoymercedes.com.ar\/principal\/2020\/11\/18\/mercedinos-presente-en-capacitacion-virtual-de-korfball\/","title":{"rendered":"Mercedinos presente en capacitaci\u00f3n virtual de Korfball"},"content":{"rendered":"\n<p>Se realiz\u00f3 la capacitaci\u00f3n virtual de korfball en Mercedes, donde m\u00e1s de 60 alumnos y profesores del Instituto Superior Ciudad de Mercedes, junto al referente local Damian Altieri e invitados del Instituto Mignone de Lujan estuvieron cerca de 2 horas con el conversatorio virtual gratuito, descubriendo el korfball, un deporte mixto donde mujeres y hombres comparten un mismo equipo. <\/p>\n\n\n\n<div class=\"wp-block-image\"><figure class=\"aligncenter size-large\"><img loading=\"lazy\" decoding=\"async\" width=\"720\" height=\"842\" data-attachment-id=\"120355\" data-permalink=\"https:\/\/www.hoymercedes.com.ar\/principal\/2020\/11\/18\/mercedinos-presente-en-capacitacion-virtual-de-korfball\/korfball\/#main\" data-orig-file=\"https:\/\/www.hoymercedes.com.ar\/principal\/wp-content\/uploads\/2020\/11\/Korfball.jpg\" data-orig-size=\"720,842\" data-comments-opened=\"0\" data-image-meta=\"{&quot;aperture&quot;:&quot;0&quot;,&quot;credit&quot;:&quot;&quot;,&quot;camera&quot;:&quot;&quot;,&quot;caption&quot;:&quot;&quot;,&quot;created_timestamp&quot;:&quot;0&quot;,&quot;copyright&quot;:&quot;&quot;,&quot;focal_length&quot;:&quot;0&quot;,&quot;iso&quot;:&quot;0&quot;,&quot;shutter_speed&quot;:&quot;0&quot;,&quot;title&quot;:&quot;&quot;,&quot;orientation&quot;:&quot;0&quot;}\" data-image-title=\"Korfball\" data-image-description=\"\" data-image-caption=\"\" data-large-file=\"https:\/\/www.hoymercedes.com.ar\/principal\/wp-content\/uploads\/2020\/11\/Korfball.jpg\" src=\"https:\/\/www.hoymercedes.com.ar\/principal\/wp-content\/uploads\/2020\/11\/Korfball.jpg\" alt=\"\" class=\"wp-image-120355\" srcset=\"https:\/\/www.hoymercedes.com.ar\/principal\/wp-content\/uploads\/2020\/11\/Korfball.jpg 720w, https:\/\/www.hoymercedes.com.ar\/principal\/wp-content\/uploads\/2020\/11\/Korfball-530x620.jpg 530w, https:\/\/www.hoymercedes.com.ar\/principal\/wp-content\/uploads\/2020\/11\/Korfball-128x150.jpg 128w\" sizes=\"auto, (max-width: 720px) 100vw, 720px\" \/><\/figure><\/div>\n\n\n\n<p>En la charla aparte de las ciudades nombradas hab\u00eda representantes de Suipacha y San Andr\u00e9s de Giles, una zona con mucha actividad deportiva zonal y que qued\u00f3 pr\u00f3ximo a un encuentro presencial con la vuelta de las actividades.<\/p>\n","protected":false},"excerpt":{"rendered":"<p>Se realiz\u00f3 la capacitaci\u00f3n virtual de korfball en Mercedes, donde m\u00e1s de 60 alumnos y profesores del Instituto Superior Ciudad &#8230; <a title=\"Mercedinos presente en capacitaci\u00f3n virtual de Korfball\" class=\"read-more\" href=\"https:\/\/www.hoymercedes.com.ar\/principal\/2020\/11\/18\/mercedinos-presente-en-capacitacion-virtual-de-korfball\/\" aria-label=\"Leer m\u00e1s sobre Mercedinos presente en capacitaci\u00f3n virtual de Korfball\">Leer m\u00e1s<\/a><\/p>\n","protected":false},"author":1,"featured_media":120355,"comment_status":"closed","ping_status":"open","sticky":false,"template":"","format":"standard","meta":{"_monsterinsights_skip_tracking":false,"_monsterinsights_sitenote_active":false,"_monsterinsights_sitenote_note":"","_monsterinsights_sitenote_category":0,"jetpack_post_was_ever_published":false,"_jetpack_newsletter_access":"","_jetpack_dont_email_post_to_subs":false,"_jetpack_newsletter_tier_id":0,"_jetpack_memberships_contains_paywalled_content":false,"_jetpack_memberships_contains_paid_content":false,"footnotes":"","jetpack_publicize_message":"","jetpack_publicize_feature_enabled":true,"jetpack_social_post_already_shared":true,"jetpack_social_options":{"image_generator_settings":{"template":"highway","default_image_id":0,"font":"","enabled":false},"version":2},"_wpas_customize_per_network":false},"categories":[21],"tags":[9581,17294],"class_list":["post-120350","post","type-post","status-publish","format-standard","has-post-thumbnail","hentry","category-deportes","tag-damian-altieri","tag-korfball","generate-columns","tablet-grid-50","mobile-grid-100","grid-parent","grid-50"],"jetpack_publicize_connections":[],"jetpack_featured_media_url":"https:\/\/www.hoymercedes.com.ar\/principal\/wp-content\/uploads\/2020\/11\/Korfball.jpg","wps_subtitle":"Korfball","jetpack_sharing_enabled":true,"_links":{"self":[{"href":"https:\/\/www.hoymercedes.com.ar\/principal\/wp-json\/wp\/v2\/posts\/120350","targetHints":{"allow":["GET"]}}],"collection":[{"href":"https:\/\/www.hoymercedes.com.ar\/principal\/wp-json\/wp\/v2\/posts"}],"about":[{"href":"https:\/\/www.hoymercedes.com.ar\/principal\/wp-json\/wp\/v2\/types\/post"}],"author":[{"embeddable":true,"href":"https:\/\/www.hoymercedes.com.ar\/principal\/wp-json\/wp\/v2\/users\/1"}],"replies":[{"embeddable":true,"href":"https:\/\/www.hoymercedes.com.ar\/principal\/wp-json\/wp\/v2\/comments?post=120350"}],"version-history":[{"count":0,"href":"https:\/\/www.hoymercedes.com.ar\/principal\/wp-json\/wp\/v2\/posts\/120350\/revisions"}],"wp:featuredmedia":[{"embeddable":true,"href":"https:\/\/www.hoymercedes.com.ar\/principal\/wp-json\/wp\/v2\/media\/120355"}],"wp:attachment":[{"href":"https:\/\/www.hoymercedes.com.ar\/principal\/wp-json\/wp\/v2\/media?parent=120350"}],"wp:term":[{"taxonomy":"category","embeddable":true,"href":"https:\/\/www.hoymercedes.com.ar\/principal\/wp-json\/wp\/v2\/categories?post=120350"},{"taxonomy":"post_tag","embeddable":true,"href":"https:\/\/www.hoymercedes.com.ar\/principal\/wp-json\/wp\/v2\/tags?post=120350"}],"curies":[{"name":"wp","href":"https:\/\/api.w.org\/{rel}","templated":true}]}}