{"id":120358,"date":"2020-11-18T13:41:20","date_gmt":"2020-11-18T16:41:20","guid":{"rendered":"http:\/\/www.hoymercedes.com.ar\/principal\/?p=120358"},"modified":"2020-11-18T11:55:42","modified_gmt":"2020-11-18T14:55:42","slug":"diputado-selva-definio-la-sesion-del-martes-como-historica","status":"publish","type":"post","link":"https:\/\/www.hoymercedes.com.ar\/principal\/2020\/11\/18\/diputado-selva-definio-la-sesion-del-martes-como-historica\/","title":{"rendered":"Diputado Selva defini\u00f3 la sesi\u00f3n del martes como \u201chist\u00f3rica\u201d"},"content":{"rendered":"\n<p>El legislador del Frente de Todos,\u00a0<strong>Carlos Selva<\/strong>, como parte de la Honorable C\u00e1mara de Diputados de la Naci\u00f3n Argentina, defini\u00f3 a la \u00faltima sesi\u00f3n como \u201chist\u00f3rica\u201d. En tratamiento estuvieron temas como el Presupuesto 2021, la Ley de Aporte Solidario y Extraordinario, la Ley de Fuego y la Ley Yolanda.<\/p>\n\n\n\n<div class=\"wp-block-image\"><figure class=\"aligncenter size-large\"><img loading=\"lazy\" decoding=\"async\" width=\"800\" height=\"533\" data-attachment-id=\"120360\" data-permalink=\"https:\/\/www.hoymercedes.com.ar\/principal\/2020\/11\/18\/diputado-selva-definio-la-sesion-del-martes-como-historica\/18-selva-sesion-2\/#main\" data-orig-file=\"https:\/\/www.hoymercedes.com.ar\/principal\/wp-content\/uploads\/2020\/11\/18-selva-sesion-2.jpg\" data-orig-size=\"800,533\" data-comments-opened=\"0\" data-image-meta=\"{&quot;aperture&quot;:&quot;0&quot;,&quot;credit&quot;:&quot;&quot;,&quot;camera&quot;:&quot;&quot;,&quot;caption&quot;:&quot;&quot;,&quot;created_timestamp&quot;:&quot;1605699648&quot;,&quot;copyright&quot;:&quot;&quot;,&quot;focal_length&quot;:&quot;0&quot;,&quot;iso&quot;:&quot;0&quot;,&quot;shutter_speed&quot;:&quot;0&quot;,&quot;title&quot;:&quot;&quot;,&quot;orientation&quot;:&quot;1&quot;}\" data-image-title=\"18 selva sesion 2\" data-image-description=\"\" data-image-caption=\"\" data-large-file=\"https:\/\/www.hoymercedes.com.ar\/principal\/wp-content\/uploads\/2020\/11\/18-selva-sesion-2.jpg\" src=\"https:\/\/www.hoymercedes.com.ar\/principal\/wp-content\/uploads\/2020\/11\/18-selva-sesion-2.jpg\" alt=\"\" class=\"wp-image-120360\" srcset=\"https:\/\/www.hoymercedes.com.ar\/principal\/wp-content\/uploads\/2020\/11\/18-selva-sesion-2.jpg 800w, https:\/\/www.hoymercedes.com.ar\/principal\/wp-content\/uploads\/2020\/11\/18-selva-sesion-2-630x420.jpg 630w, https:\/\/www.hoymercedes.com.ar\/principal\/wp-content\/uploads\/2020\/11\/18-selva-sesion-2-150x100.jpg 150w, https:\/\/www.hoymercedes.com.ar\/principal\/wp-content\/uploads\/2020\/11\/18-selva-sesion-2-700x465.jpg 700w\" sizes=\"auto, (max-width: 800px) 100vw, 800px\" \/><\/figure><\/div>\n\n\n\n<p>\u201cJunto con el Presupuesto aprobamos dos leyes fundamentales para el cuidado del ambiente, entendiendo que cuidar el ambiente es cuidarnos a todos\u201d, dijo Selva.<\/p>\n\n\n\n<p>Adem\u00e1s, diputadas y diputados aprobaron en Sesi\u00f3n Especial el Aporte Solidario y Extraordinario para las grandes fortunas, impulsado por el bloque del Frente de Todos, luego de sancionarse la iniciativa en la C\u00e1mara Baja.<\/p>\n\n\n\n<p>\u201cTambi\u00e9n dimos media sanci\u00f3n al Aporte Solidario de las grandes fortunas reafirmando el compromiso que tomamos cuando asumimos de hacer un pa\u00eds m\u00e1s justo. Todas estas medidas son un paso m\u00e1s para poner a la Argentina de pie\u201d, expres\u00f3 el diputado nacional.<\/p>\n\n\n\n<p>Fuente: Prensa Carlos Selva <\/p>\n\n\n\n<p><\/p>\n","protected":false},"excerpt":{"rendered":"<p>El legislador del Frente de Todos,\u00a0Carlos Selva, como parte de la Honorable C\u00e1mara de Diputados de la Naci\u00f3n Argentina, defini\u00f3 &#8230; <a title=\"Diputado Selva defini\u00f3 la sesi\u00f3n del martes como \u201chist\u00f3rica\u201d\" class=\"read-more\" href=\"https:\/\/www.hoymercedes.com.ar\/principal\/2020\/11\/18\/diputado-selva-definio-la-sesion-del-martes-como-historica\/\" aria-label=\"Leer m\u00e1s sobre Diputado Selva defini\u00f3 la sesi\u00f3n del martes como \u201chist\u00f3rica\u201d\">Leer m\u00e1s<\/a><\/p>\n","protected":false},"author":5,"featured_media":120361,"comment_status":"closed","ping_status":"open","sticky":false,"template":"","format":"standard","meta":{"_monsterinsights_skip_tracking":false,"_monsterinsights_sitenote_active":false,"_monsterinsights_sitenote_note":"","_monsterinsights_sitenote_category":0,"jetpack_post_was_ever_published":false,"_jetpack_newsletter_access":"","_jetpack_dont_email_post_to_subs":false,"_jetpack_newsletter_tier_id":0,"_jetpack_memberships_contains_paywalled_content":false,"_jetpack_memberships_contains_paid_content":false,"footnotes":"","jetpack_publicize_message":"","jetpack_publicize_feature_enabled":true,"jetpack_social_post_already_shared":true,"jetpack_social_options":{"image_generator_settings":{"template":"highway","default_image_id":0,"font":"","enabled":false},"version":2},"_wpas_customize_per_network":false},"categories":[5210],"tags":[39,10113],"class_list":["post-120358","post","type-post","status-publish","format-standard","has-post-thumbnail","hentry","category-politica-nacional","tag-carlos-selva","tag-politica-nacional","generate-columns","tablet-grid-50","mobile-grid-100","grid-parent","grid-50"],"jetpack_publicize_connections":[],"jetpack_featured_media_url":"https:\/\/www.hoymercedes.com.ar\/principal\/wp-content\/uploads\/2020\/11\/18-selva-sesion-1.jpg","wps_subtitle":"C\u00e1mara de Diputados de la Naci\u00f3n","jetpack_sharing_enabled":true,"_links":{"self":[{"href":"https:\/\/www.hoymercedes.com.ar\/principal\/wp-json\/wp\/v2\/posts\/120358","targetHints":{"allow":["GET"]}}],"collection":[{"href":"https:\/\/www.hoymercedes.com.ar\/principal\/wp-json\/wp\/v2\/posts"}],"about":[{"href":"https:\/\/www.hoymercedes.com.ar\/principal\/wp-json\/wp\/v2\/types\/post"}],"author":[{"embeddable":true,"href":"https:\/\/www.hoymercedes.com.ar\/principal\/wp-json\/wp\/v2\/users\/5"}],"replies":[{"embeddable":true,"href":"https:\/\/www.hoymercedes.com.ar\/principal\/wp-json\/wp\/v2\/comments?post=120358"}],"version-history":[{"count":0,"href":"https:\/\/www.hoymercedes.com.ar\/principal\/wp-json\/wp\/v2\/posts\/120358\/revisions"}],"wp:featuredmedia":[{"embeddable":true,"href":"https:\/\/www.hoymercedes.com.ar\/principal\/wp-json\/wp\/v2\/media\/120361"}],"wp:attachment":[{"href":"https:\/\/www.hoymercedes.com.ar\/principal\/wp-json\/wp\/v2\/media?parent=120358"}],"wp:term":[{"taxonomy":"category","embeddable":true,"href":"https:\/\/www.hoymercedes.com.ar\/principal\/wp-json\/wp\/v2\/categories?post=120358"},{"taxonomy":"post_tag","embeddable":true,"href":"https:\/\/www.hoymercedes.com.ar\/principal\/wp-json\/wp\/v2\/tags?post=120358"}],"curies":[{"name":"wp","href":"https:\/\/api.w.org\/{rel}","templated":true}]}}