{"id":120391,"date":"2020-11-18T18:20:29","date_gmt":"2020-11-18T21:20:29","guid":{"rendered":"http:\/\/www.hoymercedes.com.ar\/principal\/?p=120391"},"modified":"2020-11-19T08:59:13","modified_gmt":"2020-11-19T11:59:13","slug":"regreso-restaurado-el-carruaje-historico-para-el-miguez","status":"publish","type":"post","link":"https:\/\/www.hoymercedes.com.ar\/principal\/2020\/11\/18\/regreso-restaurado-el-carruaje-historico-para-el-miguez\/","title":{"rendered":"Regres\u00f3 restaurado el carruaje hist\u00f3rico para el Miguez"},"content":{"rendered":"\n<p>En la jornada del mi\u00e9rcoles, regres\u00f3 la volanta hist\u00f3rica que el a\u00f1o pasado viaj\u00f3 a San Antonio de Areco para ser restaurada por Jorge Kenny. El proyecto de restauraci\u00f3n fue un propuesta de la <a rel=\"noreferrer noopener\" href=\"https:\/\/www.hoymercedes.com.ar\/principal\/2018\/09\/23\/cuna-restaurara-carruaje-antiguo\/\" target=\"_blank\">Comisi\u00f3n de Patrimionio CUNA en el a\u00f1o 2018<\/a> hasta que finalmente, presupuesto aprobado de por medio, <a rel=\"noreferrer noopener\" href=\"http:\/\/hoymercedes.com.ar\/principal\/2019\/03\/27\/el-carruaje-del-miguez-fue-a-san-antonio-de-areco-para-su-restauracion\/\" target=\"_blank\">viaj\u00f3 para que el experto en restuaraci\u00f3n de carruajes<\/a> la arregl\u00e9 y as\u00ed exponerse en el Museo Hist\u00f3rico V\u00edctor Miguez. <\/p>\n\n\n\n<figure class=\"wp-block-gallery columns-2 is-cropped wp-block-gallery-1 is-layout-flex wp-block-gallery-is-layout-flex\"><ul class=\"blocks-gallery-grid\"><li class=\"blocks-gallery-item\"><figure><img loading=\"lazy\" decoding=\"async\" width=\"800\" height=\"534\" data-attachment-id=\"120398\" data-permalink=\"https:\/\/www.hoymercedes.com.ar\/principal\/2020\/11\/18\/regreso-restaurado-el-carruaje-historico-para-el-miguez\/18-carruaje-2\/#main\" data-orig-file=\"https:\/\/www.hoymercedes.com.ar\/principal\/wp-content\/uploads\/2020\/11\/18-carruaje-2.jpg\" data-orig-size=\"800,534\" data-comments-opened=\"0\" data-image-meta=\"{&quot;aperture&quot;:&quot;0&quot;,&quot;credit&quot;:&quot;&quot;,&quot;camera&quot;:&quot;&quot;,&quot;caption&quot;:&quot;&quot;,&quot;created_timestamp&quot;:&quot;1605724490&quot;,&quot;copyright&quot;:&quot;&quot;,&quot;focal_length&quot;:&quot;0&quot;,&quot;iso&quot;:&quot;0&quot;,&quot;shutter_speed&quot;:&quot;0&quot;,&quot;title&quot;:&quot;&quot;,&quot;orientation&quot;:&quot;1&quot;}\" data-image-title=\"18-carruaje-2\" data-image-description=\"\" data-image-caption=\"\" data-large-file=\"https:\/\/www.hoymercedes.com.ar\/principal\/wp-content\/uploads\/2020\/11\/18-carruaje-2.jpg\" src=\"https:\/\/www.hoymercedes.com.ar\/principal\/wp-content\/uploads\/2020\/11\/18-carruaje-2.jpg\" alt=\"\" data-id=\"120398\" data-full-url=\"https:\/\/www.hoymercedes.com.ar\/principal\/wp-content\/uploads\/2020\/11\/18-carruaje-2.jpg\" data-link=\"https:\/\/www.hoymercedes.com.ar\/principal\/2020\/11\/18\/regreso-restaurado-el-carruaje-historico-para-el-miguez\/18-carruaje-2\/\" class=\"wp-image-120398\" srcset=\"https:\/\/www.hoymercedes.com.ar\/principal\/wp-content\/uploads\/2020\/11\/18-carruaje-2.jpg 800w, https:\/\/www.hoymercedes.com.ar\/principal\/wp-content\/uploads\/2020\/11\/18-carruaje-2-630x421.jpg 630w, https:\/\/www.hoymercedes.com.ar\/principal\/wp-content\/uploads\/2020\/11\/18-carruaje-2-150x100.jpg 150w\" sizes=\"auto, (max-width: 800px) 100vw, 800px\" \/><\/figure><\/li><li class=\"blocks-gallery-item\"><figure><img loading=\"lazy\" decoding=\"async\" width=\"800\" height=\"534\" data-attachment-id=\"120399\" data-permalink=\"https:\/\/www.hoymercedes.com.ar\/principal\/2020\/11\/18\/regreso-restaurado-el-carruaje-historico-para-el-miguez\/18-carruaje-1\/#main\" data-orig-file=\"https:\/\/www.hoymercedes.com.ar\/principal\/wp-content\/uploads\/2020\/11\/18-carruaje-1.jpg\" data-orig-size=\"800,534\" data-comments-opened=\"0\" data-image-meta=\"{&quot;aperture&quot;:&quot;0&quot;,&quot;credit&quot;:&quot;&quot;,&quot;camera&quot;:&quot;&quot;,&quot;caption&quot;:&quot;&quot;,&quot;created_timestamp&quot;:&quot;1605724480&quot;,&quot;copyright&quot;:&quot;&quot;,&quot;focal_length&quot;:&quot;0&quot;,&quot;iso&quot;:&quot;0&quot;,&quot;shutter_speed&quot;:&quot;0&quot;,&quot;title&quot;:&quot;&quot;,&quot;orientation&quot;:&quot;1&quot;}\" data-image-title=\"18-carruaje-1\" data-image-description=\"\" data-image-caption=\"\" data-large-file=\"https:\/\/www.hoymercedes.com.ar\/principal\/wp-content\/uploads\/2020\/11\/18-carruaje-1.jpg\" src=\"https:\/\/www.hoymercedes.com.ar\/principal\/wp-content\/uploads\/2020\/11\/18-carruaje-1.jpg\" alt=\"\" data-id=\"120399\" data-full-url=\"https:\/\/www.hoymercedes.com.ar\/principal\/wp-content\/uploads\/2020\/11\/18-carruaje-1.jpg\" data-link=\"https:\/\/www.hoymercedes.com.ar\/principal\/2020\/11\/18\/regreso-restaurado-el-carruaje-historico-para-el-miguez\/18-carruaje-1\/\" class=\"wp-image-120399\" srcset=\"https:\/\/www.hoymercedes.com.ar\/principal\/wp-content\/uploads\/2020\/11\/18-carruaje-1.jpg 800w, https:\/\/www.hoymercedes.com.ar\/principal\/wp-content\/uploads\/2020\/11\/18-carruaje-1-630x421.jpg 630w, https:\/\/www.hoymercedes.com.ar\/principal\/wp-content\/uploads\/2020\/11\/18-carruaje-1-150x100.jpg 150w\" sizes=\"auto, (max-width: 800px) 100vw, 800px\" \/><\/figure><\/li><\/ul><\/figure>\n\n\n\n<p>La Volanta fue adquirida por el Museo \u201cV\u00edctor Miguez\u201d con el aporte de la Agrupaci\u00f3n La Valerosa en 1976 de una Cocher\u00eda de Navarro. Restaurada volver\u00e1 a exponerse en el museo. El proyecto fue iniciado por la Comisi\u00f3n del Patrimonio CUNA de la ciudad y pudo ser puesto en marcha por el aporte de la Municipalidad de Mercedes.<\/p>\n\n\n\n<figure class=\"wp-block-embed-facebook wp-block-embed is-type-rich is-provider-gestor-del-servicio\"><div class=\"wp-block-embed__wrapper\">\n<div class=\"fb-video\" data-allowfullscreen=\"true\" data-href=\"https:\/\/www.facebook.com\/1066135966\/videos\/10219908277831767\/\" style=\"background-color: #fff; display: inline-block;\"><\/div>\n<\/div><\/figure>\n\n\n\n<p>Video tomado del Facebook del Museo M\u00edguez.<\/p>\n","protected":false},"excerpt":{"rendered":"<p>En la jornada del mi\u00e9rcoles, regres\u00f3 la volanta hist\u00f3rica que el a\u00f1o pasado viaj\u00f3 a San Antonio de Areco para &#8230; <a title=\"Regres\u00f3 restaurado el carruaje hist\u00f3rico para el Miguez\" class=\"read-more\" href=\"https:\/\/www.hoymercedes.com.ar\/principal\/2020\/11\/18\/regreso-restaurado-el-carruaje-historico-para-el-miguez\/\" aria-label=\"Leer m\u00e1s sobre Regres\u00f3 restaurado el carruaje hist\u00f3rico para el Miguez\">Leer m\u00e1s<\/a><\/p>\n","protected":false},"author":5,"featured_media":120392,"comment_status":"closed","ping_status":"open","sticky":false,"template":"","format":"standard","meta":{"_monsterinsights_skip_tracking":false,"_monsterinsights_sitenote_active":false,"_monsterinsights_sitenote_note":"","_monsterinsights_sitenote_category":0,"jetpack_post_was_ever_published":false,"_jetpack_newsletter_access":"","_jetpack_dont_email_post_to_subs":false,"_jetpack_newsletter_tier_id":0,"_jetpack_memberships_contains_paywalled_content":false,"_jetpack_memberships_contains_paid_content":false,"footnotes":"","jetpack_publicize_message":"","jetpack_publicize_feature_enabled":true,"jetpack_social_post_already_shared":true,"jetpack_social_options":{"image_generator_settings":{"template":"highway","default_image_id":0,"font":"","enabled":false},"version":2},"_wpas_customize_per_network":false},"categories":[104],"tags":[7805,10722,3766,9177],"class_list":["post-120391","post","type-post","status-publish","format-standard","has-post-thumbnail","hentry","category-cultura","tag-cultura","tag-cuna","tag-museo-miguez","tag-patrimonio","generate-columns","tablet-grid-50","mobile-grid-100","grid-parent","grid-50"],"jetpack_publicize_connections":[],"jetpack_featured_media_url":"https:\/\/www.hoymercedes.com.ar\/principal\/wp-content\/uploads\/2020\/11\/18-carruajes.jpg","wps_subtitle":"Para ser expuesto en el Museo","jetpack_sharing_enabled":true,"_links":{"self":[{"href":"https:\/\/www.hoymercedes.com.ar\/principal\/wp-json\/wp\/v2\/posts\/120391","targetHints":{"allow":["GET"]}}],"collection":[{"href":"https:\/\/www.hoymercedes.com.ar\/principal\/wp-json\/wp\/v2\/posts"}],"about":[{"href":"https:\/\/www.hoymercedes.com.ar\/principal\/wp-json\/wp\/v2\/types\/post"}],"author":[{"embeddable":true,"href":"https:\/\/www.hoymercedes.com.ar\/principal\/wp-json\/wp\/v2\/users\/5"}],"replies":[{"embeddable":true,"href":"https:\/\/www.hoymercedes.com.ar\/principal\/wp-json\/wp\/v2\/comments?post=120391"}],"version-history":[{"count":0,"href":"https:\/\/www.hoymercedes.com.ar\/principal\/wp-json\/wp\/v2\/posts\/120391\/revisions"}],"wp:featuredmedia":[{"embeddable":true,"href":"https:\/\/www.hoymercedes.com.ar\/principal\/wp-json\/wp\/v2\/media\/120392"}],"wp:attachment":[{"href":"https:\/\/www.hoymercedes.com.ar\/principal\/wp-json\/wp\/v2\/media?parent=120391"}],"wp:term":[{"taxonomy":"category","embeddable":true,"href":"https:\/\/www.hoymercedes.com.ar\/principal\/wp-json\/wp\/v2\/categories?post=120391"},{"taxonomy":"post_tag","embeddable":true,"href":"https:\/\/www.hoymercedes.com.ar\/principal\/wp-json\/wp\/v2\/tags?post=120391"}],"curies":[{"name":"wp","href":"https:\/\/api.w.org\/{rel}","templated":true}]}}