{"id":120402,"date":"2020-11-18T21:29:09","date_gmt":"2020-11-19T00:29:09","guid":{"rendered":"http:\/\/www.hoymercedes.com.ar\/principal\/?p=120402"},"modified":"2020-11-19T08:58:55","modified_gmt":"2020-11-19T11:58:55","slug":"coronavirus-entre-35-test-confirman-6-nuevos-positivos","status":"publish","type":"post","link":"https:\/\/www.hoymercedes.com.ar\/principal\/2020\/11\/18\/coronavirus-entre-35-test-confirman-6-nuevos-positivos\/","title":{"rendered":"Coronavirus: Entre 35 test confirman 6 nuevos positivos"},"content":{"rendered":"\n<p>Informe sanitario en Mercedes: En el d\u00eda de la fecha el Laboratorio de Virolog\u00eda Molecular Municipal por medio de los procesos cient\u00edficos que lleva adelante cotidianamente detectaron 6 nuevos casos positivos de covid-19.<br>Al d\u00eda de la fecha tenemos 54 casos activos. Por su parte 1685 casos se registraron desde iniciada la pandemia con 1594 pacientes recuperados del virus. 4 pacientes obtuvieron el alta m\u00e9dica en el d\u00eda de la fecha.<br>En cuanto al Centro de Aislamiento Sanitario II con todas las normas socio sanitarias y un fuerte trabajo de Salud, Protecci\u00f3n Civil, SAME, Seguridad, Desarrollo Social y Servicios P\u00fablicos no tiene pacientes alojados, aislados y monitoreados.<\/p>\n\n\n\n<div class=\"wp-block-image\"><figure class=\"aligncenter size-large\"><img loading=\"lazy\" decoding=\"async\" width=\"800\" height=\"800\" data-attachment-id=\"120403\" data-permalink=\"https:\/\/www.hoymercedes.com.ar\/principal\/2020\/11\/18\/coronavirus-entre-35-test-confirman-6-nuevos-positivos\/whatsapp-image-2020-11-18-at-20-45-08\/#main\" data-orig-file=\"https:\/\/www.hoymercedes.com.ar\/principal\/wp-content\/uploads\/2020\/11\/WhatsApp-Image-2020-11-18-at-20.45.08.jpeg\" data-orig-size=\"800,800\" data-comments-opened=\"0\" data-image-meta=\"{&quot;aperture&quot;:&quot;0&quot;,&quot;credit&quot;:&quot;&quot;,&quot;camera&quot;:&quot;&quot;,&quot;caption&quot;:&quot;&quot;,&quot;created_timestamp&quot;:&quot;0&quot;,&quot;copyright&quot;:&quot;&quot;,&quot;focal_length&quot;:&quot;0&quot;,&quot;iso&quot;:&quot;0&quot;,&quot;shutter_speed&quot;:&quot;0&quot;,&quot;title&quot;:&quot;&quot;,&quot;orientation&quot;:&quot;0&quot;}\" data-image-title=\"WhatsApp-Image-2020-11-18-at-20.45.08\" data-image-description=\"\" data-image-caption=\"\" data-large-file=\"https:\/\/www.hoymercedes.com.ar\/principal\/wp-content\/uploads\/2020\/11\/WhatsApp-Image-2020-11-18-at-20.45.08.jpeg\" src=\"https:\/\/www.hoymercedes.com.ar\/principal\/wp-content\/uploads\/2020\/11\/WhatsApp-Image-2020-11-18-at-20.45.08.jpeg\" alt=\"\" class=\"wp-image-120403\" srcset=\"https:\/\/www.hoymercedes.com.ar\/principal\/wp-content\/uploads\/2020\/11\/WhatsApp-Image-2020-11-18-at-20.45.08.jpeg 800w, https:\/\/www.hoymercedes.com.ar\/principal\/wp-content\/uploads\/2020\/11\/WhatsApp-Image-2020-11-18-at-20.45.08-620x620.jpeg 620w, https:\/\/www.hoymercedes.com.ar\/principal\/wp-content\/uploads\/2020\/11\/WhatsApp-Image-2020-11-18-at-20.45.08-150x150.jpeg 150w\" sizes=\"auto, (max-width: 800px) 100vw, 800px\" \/><\/figure><\/div>\n\n\n\n<p>Informe nacional: Fueron confirmados 10.332 nuevos casos de COVID-19. Con estos registros, suman 1.339.337 positivos en el pa\u00eds, de los cuales 1.156.474 son pacientes recuperados y 146.516 son casos confirmados activos. En las \u00faltimas 24 hs fueron realizados 34.573 testeos y desde el inicio del brote se realizaron 3.508.664 pruebas diagn\u00f3sticas para esta enfermedad, lo que equivale a 77.322 muestras por mill\u00f3n de habitantes.<br>En las \u00faltimas 24 horas, se notificaron 241 nuevas muertes, son 134 hombres y 107 mujeres. Al momento la cantidad de personas fallecidas es 36.347.<br>Detalle por provincia (N\u00ba de confirmados | N\u00ba de acumulados): Buenos Aires 2.826 | 597.074 Ciudad de Buenos Aires 384 | 154.980 Catamarca 23 | 1.604 Chaco 230 | 16.957 Chubut 366 | 20.113 Corrientes 272 | 4.248 C\u00f3rdoba 1.381 | 105.853 Entre R\u00edos 374 | 20.925 Formosa 3 | 173 Jujuy 27 | 18.240 La Pampa 75 | 4.909 La Rioja 51 | 8.294 Mendoza 339 | 54.251 Misiones 10 | 407 Neuqu\u00e9n 348 | 28.658 R\u00edo Negro 299 | 29.236 Salta 112 | 20.439 San Juan 174 | 4.862 San Luis 219 | 12.060 Santa Cruz 268 | 13.313 Santa Fe 1.657 | 132.586 Santiago del Estero 229 | 13.653 Tierra del Fuego 132 | 14.669 y Tucum\u00e1n 533 | 61.833<\/p>\n","protected":false},"excerpt":{"rendered":"<p>Informe sanitario en Mercedes: En el d\u00eda de la fecha el Laboratorio de Virolog\u00eda Molecular Municipal por medio de los &#8230; <a title=\"Coronavirus: Entre 35 test confirman 6 nuevos positivos\" class=\"read-more\" href=\"https:\/\/www.hoymercedes.com.ar\/principal\/2020\/11\/18\/coronavirus-entre-35-test-confirman-6-nuevos-positivos\/\" aria-label=\"Leer m\u00e1s sobre Coronavirus: Entre 35 test confirman 6 nuevos positivos\">Leer m\u00e1s<\/a><\/p>\n","protected":false},"author":5,"featured_media":120403,"comment_status":"closed","ping_status":"open","sticky":false,"template":"","format":"standard","meta":{"_monsterinsights_skip_tracking":false,"_monsterinsights_sitenote_active":false,"_monsterinsights_sitenote_note":"","_monsterinsights_sitenote_category":0,"jetpack_post_was_ever_published":false,"_jetpack_newsletter_access":"","_jetpack_dont_email_post_to_subs":false,"_jetpack_newsletter_tier_id":0,"_jetpack_memberships_contains_paywalled_content":false,"_jetpack_memberships_contains_paid_content":false,"footnotes":"","jetpack_publicize_message":"","jetpack_publicize_feature_enabled":true,"jetpack_social_post_already_shared":true,"jetpack_social_options":{"image_generator_settings":{"template":"highway","default_image_id":0,"font":"","enabled":false},"version":2},"_wpas_customize_per_network":false},"categories":[9791],"tags":[16402,16561,16175,16313],"class_list":["post-120402","post","type-post","status-publish","format-standard","has-post-thumbnail","hentry","category-salud","tag-casos-confirmados","tag-cierre-del-dia","tag-coronavirus","tag-covid-19","generate-columns","tablet-grid-50","mobile-grid-100","grid-parent","grid-50"],"jetpack_publicize_connections":[],"jetpack_featured_media_url":"https:\/\/www.hoymercedes.com.ar\/principal\/wp-content\/uploads\/2020\/11\/WhatsApp-Image-2020-11-18-at-20.45.08.jpeg","wps_subtitle":"Cierre del d\u00eda","jetpack_sharing_enabled":true,"_links":{"self":[{"href":"https:\/\/www.hoymercedes.com.ar\/principal\/wp-json\/wp\/v2\/posts\/120402","targetHints":{"allow":["GET"]}}],"collection":[{"href":"https:\/\/www.hoymercedes.com.ar\/principal\/wp-json\/wp\/v2\/posts"}],"about":[{"href":"https:\/\/www.hoymercedes.com.ar\/principal\/wp-json\/wp\/v2\/types\/post"}],"author":[{"embeddable":true,"href":"https:\/\/www.hoymercedes.com.ar\/principal\/wp-json\/wp\/v2\/users\/5"}],"replies":[{"embeddable":true,"href":"https:\/\/www.hoymercedes.com.ar\/principal\/wp-json\/wp\/v2\/comments?post=120402"}],"version-history":[{"count":0,"href":"https:\/\/www.hoymercedes.com.ar\/principal\/wp-json\/wp\/v2\/posts\/120402\/revisions"}],"wp:featuredmedia":[{"embeddable":true,"href":"https:\/\/www.hoymercedes.com.ar\/principal\/wp-json\/wp\/v2\/media\/120403"}],"wp:attachment":[{"href":"https:\/\/www.hoymercedes.com.ar\/principal\/wp-json\/wp\/v2\/media?parent=120402"}],"wp:term":[{"taxonomy":"category","embeddable":true,"href":"https:\/\/www.hoymercedes.com.ar\/principal\/wp-json\/wp\/v2\/categories?post=120402"},{"taxonomy":"post_tag","embeddable":true,"href":"https:\/\/www.hoymercedes.com.ar\/principal\/wp-json\/wp\/v2\/tags?post=120402"}],"curies":[{"name":"wp","href":"https:\/\/api.w.org\/{rel}","templated":true}]}}