{"id":120414,"date":"2020-11-19T07:33:24","date_gmt":"2020-11-19T10:33:24","guid":{"rendered":"http:\/\/www.hoymercedes.com.ar\/principal\/?p=120414"},"modified":"2020-11-19T18:08:46","modified_gmt":"2020-11-19T21:08:46","slug":"aumentan-5-la-jubilacion-minima","status":"publish","type":"post","link":"https:\/\/www.hoymercedes.com.ar\/principal\/2020\/11\/19\/aumentan-5-la-jubilacion-minima\/","title":{"rendered":"Aumentan 5% la jubilaci\u00f3n m\u00ednima"},"content":{"rendered":"\n<p>El aumento a las jubilaciones, pensiones y asignaciones ser\u00e1 del 5%. As\u00ed la jubilaci\u00f3n m\u00ednima en el pa\u00eds asciende a 19.035 pesos. El aumento establecido por decreto representa un presupuesto de 17.500 millones de pesos. <\/p>\n\n\n\n<p>El anuncio fue realizado por el jefe de Gabinete de Ministros,\u00a0<strong>Santiago Cafiero<\/strong>, y la directora ejecutiva de la ANSES,\u00a0<strong>Fernanda Raverta<\/strong>, en la Casa de Gobierno. \u00a0<strong>Cafiero \u00a0<\/strong>afirm\u00f3:\u00a0<em>\u201cEstamos recomponiendo las p\u00e9rdidas que se arrastraban desde 2018. P\u00e9rdidas de hasta el 19% con el gobierno anterior\u201d<\/em>. <\/p>\n\n\n\n<p>A su vez,\u00a0<strong>Fernanda Raverta\u00a0<\/strong>agreg\u00f3:\u00a0<em>\u201cEstamos ac\u00e1 para contarles una buena noticia: el aumento por decreto de los haberes por parte del presidente Alberto Fern\u00e1ndez porque queremos proteger y cuidar a los jubilados y las jubiladas. Recuperar de una vez y para siempre la capacidad de compra de nuestros abuelos y abuelas\u00bb.<\/em><\/p>\n\n\n\n<p>El incremento beneficiar\u00e1 a m\u00e1s de 7,1 millones de adultos mayores, a 8,8 millones de ni\u00f1os, ni\u00f1as y adolescentes y a m\u00e1s de 800 mil c\u00f3nyuges que perciben asignaciones.<\/p>\n\n\n\n<p><\/p>\n\n\n\n<p>Fuente: ANSES<\/p>\n","protected":false},"excerpt":{"rendered":"<p>El aumento a las jubilaciones, pensiones y asignaciones ser\u00e1 del 5%. As\u00ed la jubilaci\u00f3n m\u00ednima en el pa\u00eds asciende a &#8230; <a title=\"Aumentan 5% la jubilaci\u00f3n m\u00ednima\" class=\"read-more\" href=\"https:\/\/www.hoymercedes.com.ar\/principal\/2020\/11\/19\/aumentan-5-la-jubilacion-minima\/\" aria-label=\"Leer m\u00e1s sobre Aumentan 5% la jubilaci\u00f3n m\u00ednima\">Leer m\u00e1s<\/a><\/p>\n","protected":false},"author":1,"featured_media":73507,"comment_status":"closed","ping_status":"open","sticky":false,"template":"","format":"standard","meta":{"_monsterinsights_skip_tracking":false,"_monsterinsights_sitenote_active":false,"_monsterinsights_sitenote_note":"","_monsterinsights_sitenote_category":0,"jetpack_post_was_ever_published":false,"_jetpack_newsletter_access":"","_jetpack_dont_email_post_to_subs":false,"_jetpack_newsletter_tier_id":0,"_jetpack_memberships_contains_paywalled_content":false,"_jetpack_memberships_contains_paid_content":false,"footnotes":"","jetpack_publicize_message":"","jetpack_publicize_feature_enabled":true,"jetpack_social_post_already_shared":true,"jetpack_social_options":{"image_generator_settings":{"template":"highway","default_image_id":0,"font":"","enabled":false},"version":2},"_wpas_customize_per_network":false},"categories":[17182],"tags":[4,8934,7944],"class_list":["post-120414","post","type-post","status-publish","format-standard","has-post-thumbnail","hentry","category-nacion","tag-anses","tag-aumento","tag-jubilados","generate-columns","tablet-grid-50","mobile-grid-100","grid-parent","grid-50"],"jetpack_publicize_connections":[],"jetpack_featured_media_url":"https:\/\/www.hoymercedes.com.ar\/principal\/wp-content\/uploads\/2018\/03\/15-anses-logo.jpg","wps_subtitle":"Confirmado por Anses","jetpack_sharing_enabled":true,"_links":{"self":[{"href":"https:\/\/www.hoymercedes.com.ar\/principal\/wp-json\/wp\/v2\/posts\/120414","targetHints":{"allow":["GET"]}}],"collection":[{"href":"https:\/\/www.hoymercedes.com.ar\/principal\/wp-json\/wp\/v2\/posts"}],"about":[{"href":"https:\/\/www.hoymercedes.com.ar\/principal\/wp-json\/wp\/v2\/types\/post"}],"author":[{"embeddable":true,"href":"https:\/\/www.hoymercedes.com.ar\/principal\/wp-json\/wp\/v2\/users\/1"}],"replies":[{"embeddable":true,"href":"https:\/\/www.hoymercedes.com.ar\/principal\/wp-json\/wp\/v2\/comments?post=120414"}],"version-history":[{"count":0,"href":"https:\/\/www.hoymercedes.com.ar\/principal\/wp-json\/wp\/v2\/posts\/120414\/revisions"}],"wp:featuredmedia":[{"embeddable":true,"href":"https:\/\/www.hoymercedes.com.ar\/principal\/wp-json\/wp\/v2\/media\/73507"}],"wp:attachment":[{"href":"https:\/\/www.hoymercedes.com.ar\/principal\/wp-json\/wp\/v2\/media?parent=120414"}],"wp:term":[{"taxonomy":"category","embeddable":true,"href":"https:\/\/www.hoymercedes.com.ar\/principal\/wp-json\/wp\/v2\/categories?post=120414"},{"taxonomy":"post_tag","embeddable":true,"href":"https:\/\/www.hoymercedes.com.ar\/principal\/wp-json\/wp\/v2\/tags?post=120414"}],"curies":[{"name":"wp","href":"https:\/\/api.w.org\/{rel}","templated":true}]}}