{"id":120416,"date":"2020-11-19T06:40:30","date_gmt":"2020-11-19T09:40:30","guid":{"rendered":"http:\/\/www.hoymercedes.com.ar\/principal\/?p=120416"},"modified":"2020-11-19T08:58:22","modified_gmt":"2020-11-19T11:58:22","slug":"trabajos-finales-en-la-avenida-2","status":"publish","type":"post","link":"https:\/\/www.hoymercedes.com.ar\/principal\/2020\/11\/19\/trabajos-finales-en-la-avenida-2\/","title":{"rendered":"Trabajos finales en la Avenida 2"},"content":{"rendered":"\n<p>Por estos d\u00edas est\u00e1n terminando las obras de la Avenida 2 y remodelando el boulevard. En una primera etapa comenzaron con el tratamiento de suelo, para luego poder forestar con ejemplares aut\u00f3ctonos y ex\u00f3ticos producidos en el Vivero Biotecnol\u00f3gico Municipal. \u00a0<\/p>\n\n\n\n<div class=\"wp-block-image\"><figure class=\"aligncenter size-large\"><img loading=\"lazy\" decoding=\"async\" width=\"800\" height=\"533\" data-attachment-id=\"120417\" data-permalink=\"https:\/\/www.hoymercedes.com.ar\/principal\/2020\/11\/19\/trabajos-finales-en-la-avenida-2\/19-obras-av2\/#main\" data-orig-file=\"https:\/\/www.hoymercedes.com.ar\/principal\/wp-content\/uploads\/2020\/11\/19-obras-av2.jpeg\" data-orig-size=\"800,533\" data-comments-opened=\"0\" data-image-meta=\"{&quot;aperture&quot;:&quot;0&quot;,&quot;credit&quot;:&quot;&quot;,&quot;camera&quot;:&quot;&quot;,&quot;caption&quot;:&quot;&quot;,&quot;created_timestamp&quot;:&quot;0&quot;,&quot;copyright&quot;:&quot;&quot;,&quot;focal_length&quot;:&quot;0&quot;,&quot;iso&quot;:&quot;0&quot;,&quot;shutter_speed&quot;:&quot;0&quot;,&quot;title&quot;:&quot;&quot;,&quot;orientation&quot;:&quot;0&quot;}\" data-image-title=\"19 obras av2\" data-image-description=\"\" data-image-caption=\"\" data-large-file=\"https:\/\/www.hoymercedes.com.ar\/principal\/wp-content\/uploads\/2020\/11\/19-obras-av2.jpeg\" src=\"https:\/\/www.hoymercedes.com.ar\/principal\/wp-content\/uploads\/2020\/11\/19-obras-av2.jpeg\" alt=\"\" class=\"wp-image-120417\" srcset=\"https:\/\/www.hoymercedes.com.ar\/principal\/wp-content\/uploads\/2020\/11\/19-obras-av2.jpeg 800w, https:\/\/www.hoymercedes.com.ar\/principal\/wp-content\/uploads\/2020\/11\/19-obras-av2-630x420.jpeg 630w, https:\/\/www.hoymercedes.com.ar\/principal\/wp-content\/uploads\/2020\/11\/19-obras-av2-150x100.jpeg 150w, https:\/\/www.hoymercedes.com.ar\/principal\/wp-content\/uploads\/2020\/11\/19-obras-av2-700x465.jpeg 700w\" sizes=\"auto, (max-width: 800px) 100vw, 800px\" \/><\/figure><\/div>\n\n\n\n<p>El subsecretario de Servicios P\u00fablicos, Luis Ponce se\u00f1al\u00f3 \u201cse comenz\u00f3 con el embellecimiento y puesta en valor de una obra hist\u00f3rica para todos los mercedinos como lo es el acceso a Mercedes, de calle 1 a 29\u201d y agreg\u00f3 \u201cde esta manera, una vez culminada la pavimentaci\u00f3n los trabajadores del equipo vial, de limpieza urbana y Espacios Verdes, coordinados por Daniel Apestegu\u00eda, Leonardo Guzm\u00e1n y Dar\u00edo Taramasco, comenzaron a nivelar los canteros\u201d. &nbsp;<\/p>\n\n\n\n<p>Asimismo, Ponce apunt\u00f3 \u201cla Direcci\u00f3n de servicio el\u00e9ctrico coordinada por Alberto Saruba comenzar\u00e1 con la puesta en valor de todo lo que son los bulevares y la trama el\u00e9ctrica de toda la avenida\u201d. &nbsp;<\/p>\n\n\n\n<p>\u201cEl tiempo estimado de trabajo es de un mes y medio, donde realizaremos forestaci\u00f3n de toda la trama, como as\u00ed tambi\u00e9n la iluminaci\u00f3n, pintaremos cordones, haremos toma de juntas, es decir, todos los trabajos pertinentes para que esta imponente obra luzca de la mejor forma\u201d asegur\u00f3 Ponce. &nbsp;<\/p>\n\n\n\n<p>Conjuntamente, Luis Ponce cont\u00f3 \u201cen este primer paso se comenz\u00f3 a mover la tierra para nivelar los canteros con una motoniveladora, una mini cargadora y camiones correspondientes al \u00e1rea de Servicios P\u00fablicos\u201d luego \u201cse continuar\u00e1 con la iluminaci\u00f3n y la puesta de los faroles. Y por \u00faltimo todo lo que corresponde a la forestaci\u00f3n y embellecimiento de toda la trama con flores, plantas y plantines del vivero biotecnol\u00f3gico municipal\u201d.\u00a0\u00a0\u00a0\u00a0\u00a0<\/p>\n\n\n\n<p>Fuente: PrensaMunicipal<\/p>\n","protected":false},"excerpt":{"rendered":"<p>Por estos d\u00edas est\u00e1n terminando las obras de la Avenida 2 y remodelando el boulevard. En una primera etapa comenzaron &#8230; <a title=\"Trabajos finales en la Avenida 2\" class=\"read-more\" href=\"https:\/\/www.hoymercedes.com.ar\/principal\/2020\/11\/19\/trabajos-finales-en-la-avenida-2\/\" aria-label=\"Leer m\u00e1s sobre Trabajos finales en la Avenida 2\">Leer m\u00e1s<\/a><\/p>\n","protected":false},"author":1,"featured_media":120417,"comment_status":"closed","ping_status":"open","sticky":false,"template":"","format":"standard","meta":{"_monsterinsights_skip_tracking":false,"_monsterinsights_sitenote_active":false,"_monsterinsights_sitenote_note":"","_monsterinsights_sitenote_category":0,"jetpack_post_was_ever_published":false,"_jetpack_newsletter_access":"","_jetpack_dont_email_post_to_subs":false,"_jetpack_newsletter_tier_id":0,"_jetpack_memberships_contains_paywalled_content":false,"_jetpack_memberships_contains_paid_content":false,"footnotes":"","jetpack_publicize_message":"","jetpack_publicize_feature_enabled":true,"jetpack_social_post_already_shared":true,"jetpack_social_options":{"image_generator_settings":{"template":"highway","default_image_id":0,"font":"","enabled":false},"version":2},"_wpas_customize_per_network":false},"categories":[30],"tags":[11636,244,5947],"class_list":["post-120416","post","type-post","status-publish","format-standard","has-post-thumbnail","hentry","category-municipio","tag-avenida-2","tag-municipio-2","tag-obras-publicas","generate-columns","tablet-grid-50","mobile-grid-100","grid-parent","grid-50"],"jetpack_publicize_connections":[],"jetpack_featured_media_url":"https:\/\/www.hoymercedes.com.ar\/principal\/wp-content\/uploads\/2020\/11\/19-obras-av2.jpeg","wps_subtitle":"Obras p\u00fablicas","jetpack_sharing_enabled":true,"_links":{"self":[{"href":"https:\/\/www.hoymercedes.com.ar\/principal\/wp-json\/wp\/v2\/posts\/120416","targetHints":{"allow":["GET"]}}],"collection":[{"href":"https:\/\/www.hoymercedes.com.ar\/principal\/wp-json\/wp\/v2\/posts"}],"about":[{"href":"https:\/\/www.hoymercedes.com.ar\/principal\/wp-json\/wp\/v2\/types\/post"}],"author":[{"embeddable":true,"href":"https:\/\/www.hoymercedes.com.ar\/principal\/wp-json\/wp\/v2\/users\/1"}],"replies":[{"embeddable":true,"href":"https:\/\/www.hoymercedes.com.ar\/principal\/wp-json\/wp\/v2\/comments?post=120416"}],"version-history":[{"count":0,"href":"https:\/\/www.hoymercedes.com.ar\/principal\/wp-json\/wp\/v2\/posts\/120416\/revisions"}],"wp:featuredmedia":[{"embeddable":true,"href":"https:\/\/www.hoymercedes.com.ar\/principal\/wp-json\/wp\/v2\/media\/120417"}],"wp:attachment":[{"href":"https:\/\/www.hoymercedes.com.ar\/principal\/wp-json\/wp\/v2\/media?parent=120416"}],"wp:term":[{"taxonomy":"category","embeddable":true,"href":"https:\/\/www.hoymercedes.com.ar\/principal\/wp-json\/wp\/v2\/categories?post=120416"},{"taxonomy":"post_tag","embeddable":true,"href":"https:\/\/www.hoymercedes.com.ar\/principal\/wp-json\/wp\/v2\/tags?post=120416"}],"curies":[{"name":"wp","href":"https:\/\/api.w.org\/{rel}","templated":true}]}}