{"id":120430,"date":"2020-11-19T10:45:37","date_gmt":"2020-11-19T13:45:37","guid":{"rendered":"http:\/\/www.hoymercedes.com.ar\/principal\/?p=120430"},"modified":"2020-11-19T11:29:54","modified_gmt":"2020-11-19T14:29:54","slug":"obras-en-el-barrio-la-amistad-pavimentan-la-calle-12","status":"publish","type":"post","link":"https:\/\/www.hoymercedes.com.ar\/principal\/2020\/11\/19\/obras-en-el-barrio-la-amistad-pavimentan-la-calle-12\/","title":{"rendered":"Obras en el barrio La Amistad: pavimentan la calle 12"},"content":{"rendered":"\n<p>La obra de infraestructura de mucha inversi\u00f3n del gobierno municipal en el barrio La Amistad ahora se traslad\u00f3 a la calle 12 entre la 49 y la calle 51 que en ese punto hace una diagonal. <\/p>\n\n\n\n<div class=\"wp-block-image\"><figure class=\"aligncenter size-large\"><img loading=\"lazy\" decoding=\"async\" width=\"800\" height=\"514\" data-attachment-id=\"120431\" data-permalink=\"https:\/\/www.hoymercedes.com.ar\/principal\/2020\/11\/19\/obras-en-el-barrio-la-amistad-pavimentan-la-calle-12\/19-pav-12\/#main\" data-orig-file=\"https:\/\/www.hoymercedes.com.ar\/principal\/wp-content\/uploads\/2020\/11\/19-pav-12.jpeg\" data-orig-size=\"800,514\" data-comments-opened=\"0\" data-image-meta=\"{&quot;aperture&quot;:&quot;0&quot;,&quot;credit&quot;:&quot;&quot;,&quot;camera&quot;:&quot;&quot;,&quot;caption&quot;:&quot;&quot;,&quot;created_timestamp&quot;:&quot;0&quot;,&quot;copyright&quot;:&quot;&quot;,&quot;focal_length&quot;:&quot;0&quot;,&quot;iso&quot;:&quot;0&quot;,&quot;shutter_speed&quot;:&quot;0&quot;,&quot;title&quot;:&quot;&quot;,&quot;orientation&quot;:&quot;0&quot;}\" data-image-title=\"19 pav 12\" data-image-description=\"\" data-image-caption=\"\" data-large-file=\"https:\/\/www.hoymercedes.com.ar\/principal\/wp-content\/uploads\/2020\/11\/19-pav-12.jpeg\" src=\"https:\/\/www.hoymercedes.com.ar\/principal\/wp-content\/uploads\/2020\/11\/19-pav-12.jpeg\" alt=\"\" class=\"wp-image-120431\" srcset=\"https:\/\/www.hoymercedes.com.ar\/principal\/wp-content\/uploads\/2020\/11\/19-pav-12.jpeg 800w, https:\/\/www.hoymercedes.com.ar\/principal\/wp-content\/uploads\/2020\/11\/19-pav-12-630x405.jpeg 630w, https:\/\/www.hoymercedes.com.ar\/principal\/wp-content\/uploads\/2020\/11\/19-pav-12-150x96.jpeg 150w\" sizes=\"auto, (max-width: 800px) 100vw, 800px\" \/><\/figure><\/div>\n\n\n\n<p>Los trabajos en el barrio Amistad contin\u00faan y ya se pueden ver avances en otras calles de la zona. Seg\u00fan se inform\u00f3 oficialmente que se est\u00e1 trabajando con el pavimento y puesta en valor en la calle 12 entre la 49 y la 51. \u00a0<\/p>\n\n\n\n<p>\u201cSon muchos los trabajos que se vienen realizando en la zona del barrio La Amistad. Se concret\u00f3 una obra hidr\u00e1ulica importante con la colocaci\u00f3n de una ca\u00f1er\u00eda de gran di\u00e1metro que va por la calle 49 desde la 12 hasta la 16. Con esto se solucionar\u00e1 el problema que ocurre cuando llueve en la curva de la calle 12 (esq. Diagonal 51), y escurrir\u00e1 menos agua por la calle 14 desde la 49 hasta la 51\u201d, cont\u00f3 el presidente del Concejo Deliberante Mat\u00edas Dematei, luego de una de sus diarias recorridas por las obras. &nbsp;<\/p>\n\n\n\n<p>Actualmente empezaron los trabajos de pavimento en la calle 12 entre 49 y Diagonal 51, una calle altamente transitada pero que estaba sufriendo el deterioro l\u00f3gico del prolongado uso. \u201cSiempre pensamos en mejorar la calidad de vida de los vecinos de ese barrio, pero tambi\u00e9n en los dem\u00e1s mercedinos que transitan por las calles, tal como sucede con la calle 12 entre 49 y 51. Estamos trabajando intensamente en varios lugares de la ciudad, tratando de recuperar el tiempo que nos quit\u00f3 la pandemia\u201d, afirm\u00f3 Dematei.\u00a0<\/p>\n\n\n\n<p>Fuente: Prensa Municipal<\/p>\n","protected":false},"excerpt":{"rendered":"<p>La obra de infraestructura de mucha inversi\u00f3n del gobierno municipal en el barrio La Amistad ahora se traslad\u00f3 a la &#8230; <a title=\"Obras en el barrio La Amistad: pavimentan la calle 12\" class=\"read-more\" href=\"https:\/\/www.hoymercedes.com.ar\/principal\/2020\/11\/19\/obras-en-el-barrio-la-amistad-pavimentan-la-calle-12\/\" aria-label=\"Leer m\u00e1s sobre Obras en el barrio La Amistad: pavimentan la calle 12\">Leer m\u00e1s<\/a><\/p>\n","protected":false},"author":1,"featured_media":120431,"comment_status":"closed","ping_status":"open","sticky":false,"template":"","format":"standard","meta":{"_monsterinsights_skip_tracking":false,"_monsterinsights_sitenote_active":false,"_monsterinsights_sitenote_note":"","_monsterinsights_sitenote_category":0,"jetpack_post_was_ever_published":false,"_jetpack_newsletter_access":"","_jetpack_dont_email_post_to_subs":false,"_jetpack_newsletter_tier_id":0,"_jetpack_memberships_contains_paywalled_content":false,"_jetpack_memberships_contains_paid_content":false,"footnotes":"","jetpack_publicize_message":"","jetpack_publicize_feature_enabled":true,"jetpack_social_post_already_shared":true,"jetpack_social_options":{"image_generator_settings":{"template":"highway","default_image_id":0,"font":"","enabled":false},"version":2},"_wpas_customize_per_network":false},"categories":[30],"tags":[17296,244,5947],"class_list":["post-120430","post","type-post","status-publish","format-standard","has-post-thumbnail","hentry","category-municipio","tag-barrio-la-amistada","tag-municipio-2","tag-obras-publicas","generate-columns","tablet-grid-50","mobile-grid-100","grid-parent","grid-50"],"jetpack_publicize_connections":[],"jetpack_featured_media_url":"https:\/\/www.hoymercedes.com.ar\/principal\/wp-content\/uploads\/2020\/11\/19-pav-12.jpeg","wps_subtitle":"Obras p\u00fablicas","jetpack_sharing_enabled":true,"_links":{"self":[{"href":"https:\/\/www.hoymercedes.com.ar\/principal\/wp-json\/wp\/v2\/posts\/120430","targetHints":{"allow":["GET"]}}],"collection":[{"href":"https:\/\/www.hoymercedes.com.ar\/principal\/wp-json\/wp\/v2\/posts"}],"about":[{"href":"https:\/\/www.hoymercedes.com.ar\/principal\/wp-json\/wp\/v2\/types\/post"}],"author":[{"embeddable":true,"href":"https:\/\/www.hoymercedes.com.ar\/principal\/wp-json\/wp\/v2\/users\/1"}],"replies":[{"embeddable":true,"href":"https:\/\/www.hoymercedes.com.ar\/principal\/wp-json\/wp\/v2\/comments?post=120430"}],"version-history":[{"count":0,"href":"https:\/\/www.hoymercedes.com.ar\/principal\/wp-json\/wp\/v2\/posts\/120430\/revisions"}],"wp:featuredmedia":[{"embeddable":true,"href":"https:\/\/www.hoymercedes.com.ar\/principal\/wp-json\/wp\/v2\/media\/120431"}],"wp:attachment":[{"href":"https:\/\/www.hoymercedes.com.ar\/principal\/wp-json\/wp\/v2\/media?parent=120430"}],"wp:term":[{"taxonomy":"category","embeddable":true,"href":"https:\/\/www.hoymercedes.com.ar\/principal\/wp-json\/wp\/v2\/categories?post=120430"},{"taxonomy":"post_tag","embeddable":true,"href":"https:\/\/www.hoymercedes.com.ar\/principal\/wp-json\/wp\/v2\/tags?post=120430"}],"curies":[{"name":"wp","href":"https:\/\/api.w.org\/{rel}","templated":true}]}}