{"id":120438,"date":"2020-11-19T20:56:52","date_gmt":"2020-11-19T23:56:52","guid":{"rendered":"http:\/\/www.hoymercedes.com.ar\/principal\/?p=120438"},"modified":"2020-11-20T16:38:31","modified_gmt":"2020-11-20T19:38:31","slug":"realizaran-fiesta-de-egresados-con-protocolos","status":"publish","type":"post","link":"https:\/\/www.hoymercedes.com.ar\/principal\/2020\/11\/19\/realizaran-fiesta-de-egresados-con-protocolos\/","title":{"rendered":"Realizar\u00e1n fiesta de egresados con protocolos"},"content":{"rendered":"\n<p>Distribuidos en distintos d\u00edas entre el 7 y el 11 de diciembre, los egresados 2020 de las escuelas secundarias tendr\u00e1n su fiesta anual con pasarela. Ser\u00e1 en el Mart\u00edn Rodr\u00edguez y podr\u00e1n asistir hasta cuatro familiares por egresado cumpliendo con los protocolos sanitarios ante el covid-19. <\/p>\n\n\n\n<p>Eugenia C\u00f3dega, a cargo del \u00e1rea de juventud del Municipio, cont\u00f3 que est\u00e1n organizando la \u00abpasarela\u00bb desde la comuna en cinco d\u00edas, desde el lunes 7 de diciembre, hasta el viernes 11. \u00abLo hicimos de esta manera por la cantidad de gente y garantizar que haya un p\u00fablico reducido de familiares directo de cada egresado  y egresada\u00bb, explic\u00f3 la funcionaria. <\/p>\n\n\n\n<p>Asimismo. C\u00f3dega explic\u00f3 que cada uno de los d\u00edas ir\u00e1n egresados de distintas instituciones educativas . Incluso por estos d\u00edas est\u00e1n solicitando a los delegados que hagan los listados de los egresados que est\u00e1n interesados en participar. <\/p>\n\n\n\n<p>\u00abLos egresados y egresadas entrar\u00e1n por calle 9. Ah\u00ed mismo se formar\u00e1 la fila, previo a subir al escenario y a la pasarela. Todos los familiares directos entrar\u00e1n por la Avenida 2 y los esperar\u00e1n en el play\u00f3n del Mart\u00edn Rodr\u00edguez. La idea es cumplir con todos los protocolos de cuidados. Buscamos garantizar el distanciamiento y el uso del barbijo obligatorio\u00bb, agreg\u00f3 Eugenia C\u00f3dega en di\u00e1logo con este medio.<\/p>\n\n\n\n<p>Por Clarisa Altieri <\/p>\n","protected":false},"excerpt":{"rendered":"<p>Distribuidos en distintos d\u00edas entre el 7 y el 11 de diciembre, los egresados 2020 de las escuelas secundarias tendr\u00e1n &#8230; <a title=\"Realizar\u00e1n fiesta de egresados con protocolos\" class=\"read-more\" href=\"https:\/\/www.hoymercedes.com.ar\/principal\/2020\/11\/19\/realizaran-fiesta-de-egresados-con-protocolos\/\" aria-label=\"Leer m\u00e1s sobre Realizar\u00e1n fiesta de egresados con protocolos\">Leer m\u00e1s<\/a><\/p>\n","protected":false},"author":1,"featured_media":120461,"comment_status":"closed","ping_status":"open","sticky":false,"template":"","format":"standard","meta":{"_monsterinsights_skip_tracking":false,"_monsterinsights_sitenote_active":false,"_monsterinsights_sitenote_note":"","_monsterinsights_sitenote_category":0,"jetpack_post_was_ever_published":false,"_jetpack_newsletter_access":"","_jetpack_dont_email_post_to_subs":false,"_jetpack_newsletter_tier_id":0,"_jetpack_memberships_contains_paywalled_content":false,"_jetpack_memberships_contains_paid_content":false,"footnotes":"","jetpack_publicize_message":"","jetpack_publicize_feature_enabled":true,"jetpack_social_post_already_shared":true,"jetpack_social_options":{"image_generator_settings":{"template":"highway","default_image_id":0,"font":"","enabled":false},"version":2},"_wpas_customize_per_network":false},"categories":[8],"tags":[17298,244,12233,17299],"class_list":["post-120438","post","type-post","status-publish","format-standard","has-post-thumbnail","hentry","category-sociedad","tag-fiesta-de-egresados","tag-municipio-2","tag-pasarela","tag-protocolos-sanitarios","generate-columns","tablet-grid-50","mobile-grid-100","grid-parent","grid-50"],"jetpack_publicize_connections":[],"jetpack_featured_media_url":"https:\/\/www.hoymercedes.com.ar\/principal\/wp-content\/uploads\/2020\/11\/19-egresados02.jpg","wps_subtitle":"Por grupos festejar\u00e1n distintos d\u00edas","jetpack_sharing_enabled":true,"_links":{"self":[{"href":"https:\/\/www.hoymercedes.com.ar\/principal\/wp-json\/wp\/v2\/posts\/120438","targetHints":{"allow":["GET"]}}],"collection":[{"href":"https:\/\/www.hoymercedes.com.ar\/principal\/wp-json\/wp\/v2\/posts"}],"about":[{"href":"https:\/\/www.hoymercedes.com.ar\/principal\/wp-json\/wp\/v2\/types\/post"}],"author":[{"embeddable":true,"href":"https:\/\/www.hoymercedes.com.ar\/principal\/wp-json\/wp\/v2\/users\/1"}],"replies":[{"embeddable":true,"href":"https:\/\/www.hoymercedes.com.ar\/principal\/wp-json\/wp\/v2\/comments?post=120438"}],"version-history":[{"count":0,"href":"https:\/\/www.hoymercedes.com.ar\/principal\/wp-json\/wp\/v2\/posts\/120438\/revisions"}],"wp:featuredmedia":[{"embeddable":true,"href":"https:\/\/www.hoymercedes.com.ar\/principal\/wp-json\/wp\/v2\/media\/120461"}],"wp:attachment":[{"href":"https:\/\/www.hoymercedes.com.ar\/principal\/wp-json\/wp\/v2\/media?parent=120438"}],"wp:term":[{"taxonomy":"category","embeddable":true,"href":"https:\/\/www.hoymercedes.com.ar\/principal\/wp-json\/wp\/v2\/categories?post=120438"},{"taxonomy":"post_tag","embeddable":true,"href":"https:\/\/www.hoymercedes.com.ar\/principal\/wp-json\/wp\/v2\/tags?post=120438"}],"curies":[{"name":"wp","href":"https:\/\/api.w.org\/{rel}","templated":true}]}}