{"id":12047,"date":"2012-04-07T18:32:40","date_gmt":"2012-04-07T18:32:40","guid":{"rendered":"http:\/\/www.hoymercedes.com.ar\/principal\/?p=12047"},"modified":"2012-04-07T18:32:40","modified_gmt":"2012-04-07T18:32:40","slug":"frente-mercedino-con-los-vecinos-afectados-por-la-tormenta","status":"publish","type":"post","link":"https:\/\/www.hoymercedes.com.ar\/principal\/2012\/04\/07\/frente-mercedino-con-los-vecinos-afectados-por-la-tormenta\/","title":{"rendered":"Frente Mercedino con los vecinos afectados por la tormenta"},"content":{"rendered":"<p><a href=\"https:\/\/www.hoymercedes.com.ar\/principal\/wp-content\/uploads\/2012\/04\/Tormenta-Techos-FMV.jpg\"><img loading=\"lazy\" decoding=\"async\" data-attachment-id=\"12049\" data-permalink=\"https:\/\/www.hoymercedes.com.ar\/principal\/2012\/04\/07\/frente-mercedino-con-los-vecinos-afectados-por-la-tormenta\/tormenta-techos-fmv\/#main\" data-orig-file=\"https:\/\/www.hoymercedes.com.ar\/principal\/wp-content\/uploads\/2012\/04\/Tormenta-Techos-FMV.jpg\" data-orig-size=\"612,459\" data-comments-opened=\"1\" data-image-meta=\"{&quot;aperture&quot;:&quot;0&quot;,&quot;credit&quot;:&quot;&quot;,&quot;camera&quot;:&quot;BlackBerry 8520&quot;,&quot;caption&quot;:&quot;&quot;,&quot;created_timestamp&quot;:&quot;0&quot;,&quot;copyright&quot;:&quot;&quot;,&quot;focal_length&quot;:&quot;0&quot;,&quot;iso&quot;:&quot;0&quot;,&quot;shutter_speed&quot;:&quot;0&quot;,&quot;title&quot;:&quot;&quot;}\" data-image-title=\"Tormenta-Techos-FMV\" data-image-description=\"\" data-image-caption=\"\" data-large-file=\"https:\/\/www.hoymercedes.com.ar\/principal\/wp-content\/uploads\/2012\/04\/Tormenta-Techos-FMV.jpg\" class=\"aligncenter size-full wp-image-12049\" title=\"Tormenta-Techos-FMV\" src=\"https:\/\/www.hoymercedes.com.ar\/principal\/wp-content\/uploads\/2012\/04\/Tormenta-Techos-FMV.jpg\" alt=\"\" width=\"612\" height=\"459\" \/><\/a><\/p>\n<p>El fuerte temporal que se vivi\u00f3 en Mercedes en la tarde-noche del mi\u00e9rcoles produjo destrozos y voladuras de techos en algunos barrios de la ciudad, en especial, en los que m\u00e1s carencias hay. Un ejemplo es el Marchetti, donde se registr\u00f3 la voladura de techos de 16 casas y otros tipos de inconvenientes que producen este tipo de fen\u00f3menos clim\u00e1ticos y que afectan en forma directa a quienes tienen casas humildes.<\/p>\n<p>Es por eso que, el Frente Mercedino Para la Victoria y La C\u00e1mpora Mercedes se hicieron presentes en los lugares afectados por los fuertes vientos, especialmente en la barriada mencionada para realizar el relevamiento necesario y poder ayudar a los damnificados y acercarles los recursos necesarios para poder comenzar a reconstruir sus viviendas. Se trabaj\u00f3 en forma profunda durante todo el Jueves Santo.<\/p>\n<p><a href=\"https:\/\/www.hoymercedes.com.ar\/principal\/wp-content\/uploads\/2012\/04\/Tormenta-Techos-FMV-II.jpg\"><img loading=\"lazy\" decoding=\"async\" data-attachment-id=\"12050\" data-permalink=\"https:\/\/www.hoymercedes.com.ar\/principal\/2012\/04\/07\/frente-mercedino-con-los-vecinos-afectados-por-la-tormenta\/tormenta-techos-fmv-ii\/#main\" data-orig-file=\"https:\/\/www.hoymercedes.com.ar\/principal\/wp-content\/uploads\/2012\/04\/Tormenta-Techos-FMV-II.jpg\" data-orig-size=\"612,459\" data-comments-opened=\"1\" data-image-meta=\"{&quot;aperture&quot;:&quot;0&quot;,&quot;credit&quot;:&quot;&quot;,&quot;camera&quot;:&quot;BlackBerry 8520&quot;,&quot;caption&quot;:&quot;&quot;,&quot;created_timestamp&quot;:&quot;0&quot;,&quot;copyright&quot;:&quot;&quot;,&quot;focal_length&quot;:&quot;0&quot;,&quot;iso&quot;:&quot;0&quot;,&quot;shutter_speed&quot;:&quot;0&quot;,&quot;title&quot;:&quot;&quot;}\" data-image-title=\"Tormenta-Techos-FMV-II\" data-image-description=\"\" data-image-caption=\"\" data-large-file=\"https:\/\/www.hoymercedes.com.ar\/principal\/wp-content\/uploads\/2012\/04\/Tormenta-Techos-FMV-II.jpg\" class=\"aligncenter size-full wp-image-12050\" title=\"Tormenta-Techos-FMV-II\" src=\"https:\/\/www.hoymercedes.com.ar\/principal\/wp-content\/uploads\/2012\/04\/Tormenta-Techos-FMV-II.jpg\" alt=\"\" width=\"612\" height=\"459\" srcset=\"https:\/\/www.hoymercedes.com.ar\/principal\/wp-content\/uploads\/2012\/04\/Tormenta-Techos-FMV-II.jpg 612w, https:\/\/www.hoymercedes.com.ar\/principal\/wp-content\/uploads\/2012\/04\/Tormenta-Techos-FMV-II-300x225.jpg 300w\" sizes=\"auto, (max-width: 612px) 100vw, 612px\" \/><\/a><\/p>\n<p>El referente del FMPV, Juan Ignacio Ustarroz, estuvo presente en el Marchetti ayudando a los vecinos necesitados, e interioriz\u00e1ndose en forma personal sobre todo lo ocurrido. Adem\u00e1s, realiz\u00f3 un recorrido exhaustivo por todas las casas da\u00f1adas, como as\u00ed tambi\u00e9n por los barrios de la ciudad, para saber en qu\u00e9 lugares el viento afect\u00f3 y c\u00f3mo lo hizo.<\/p>\n","protected":false},"excerpt":{"rendered":"<p>El fuerte temporal que se vivi\u00f3 en Mercedes en la tarde-noche del mi\u00e9rcoles produjo destrozos y voladuras de techos en &#8230; <a title=\"Frente Mercedino con los vecinos afectados por la tormenta\" class=\"read-more\" href=\"https:\/\/www.hoymercedes.com.ar\/principal\/2012\/04\/07\/frente-mercedino-con-los-vecinos-afectados-por-la-tormenta\/\" aria-label=\"Leer m\u00e1s sobre Frente Mercedino con los vecinos afectados por la tormenta\">Leer m\u00e1s<\/a><\/p>\n","protected":false},"author":1,"featured_media":0,"comment_status":"open","ping_status":"open","sticky":false,"template":"","format":"standard","meta":{"_monsterinsights_skip_tracking":false,"_monsterinsights_sitenote_active":false,"_monsterinsights_sitenote_note":"","_monsterinsights_sitenote_category":0,"jetpack_post_was_ever_published":false,"_jetpack_newsletter_access":"","_jetpack_dont_email_post_to_subs":false,"_jetpack_newsletter_tier_id":0,"_jetpack_memberships_contains_paywalled_content":false,"_jetpack_memberships_contains_paid_content":false,"footnotes":"","jetpack_publicize_message":"","jetpack_publicize_feature_enabled":true,"jetpack_social_post_already_shared":false,"jetpack_social_options":{"image_generator_settings":{"template":"highway","default_image_id":0,"font":"","enabled":false},"version":2},"_wpas_customize_per_network":false},"categories":[5],"tags":[2038,2037],"class_list":["post-12047","post","type-post","status-publish","format-standard","hentry","category-politica","tag-temporal","tag-tormenta-mercedes","generate-columns","tablet-grid-50","mobile-grid-100","grid-parent","grid-50"],"jetpack_publicize_connections":[],"jetpack_featured_media_url":"","wps_subtitle":"","jetpack_sharing_enabled":true,"_links":{"self":[{"href":"https:\/\/www.hoymercedes.com.ar\/principal\/wp-json\/wp\/v2\/posts\/12047","targetHints":{"allow":["GET"]}}],"collection":[{"href":"https:\/\/www.hoymercedes.com.ar\/principal\/wp-json\/wp\/v2\/posts"}],"about":[{"href":"https:\/\/www.hoymercedes.com.ar\/principal\/wp-json\/wp\/v2\/types\/post"}],"author":[{"embeddable":true,"href":"https:\/\/www.hoymercedes.com.ar\/principal\/wp-json\/wp\/v2\/users\/1"}],"replies":[{"embeddable":true,"href":"https:\/\/www.hoymercedes.com.ar\/principal\/wp-json\/wp\/v2\/comments?post=12047"}],"version-history":[{"count":0,"href":"https:\/\/www.hoymercedes.com.ar\/principal\/wp-json\/wp\/v2\/posts\/12047\/revisions"}],"wp:attachment":[{"href":"https:\/\/www.hoymercedes.com.ar\/principal\/wp-json\/wp\/v2\/media?parent=12047"}],"wp:term":[{"taxonomy":"category","embeddable":true,"href":"https:\/\/www.hoymercedes.com.ar\/principal\/wp-json\/wp\/v2\/categories?post=12047"},{"taxonomy":"post_tag","embeddable":true,"href":"https:\/\/www.hoymercedes.com.ar\/principal\/wp-json\/wp\/v2\/tags?post=12047"}],"curies":[{"name":"wp","href":"https:\/\/api.w.org\/{rel}","templated":true}]}}