{"id":120471,"date":"2020-11-20T09:23:18","date_gmt":"2020-11-20T12:23:18","guid":{"rendered":"http:\/\/www.hoymercedes.com.ar\/principal\/?p=120471"},"modified":"2020-11-20T10:29:35","modified_gmt":"2020-11-20T13:29:35","slug":"confirmaron-a-matias-dematei-a-cargo-de-ioma-mercedes","status":"publish","type":"post","link":"https:\/\/www.hoymercedes.com.ar\/principal\/2020\/11\/20\/confirmaron-a-matias-dematei-a-cargo-de-ioma-mercedes\/","title":{"rendered":"Confirmaron a Mat\u00edas Dematei a cargo de IOMA Mercedes"},"content":{"rendered":"\n<p>El Instituto de Obra M\u00e9dico Asistencial (IOMA) confirm\u00f3 al nuevo titular de la delegaci\u00f3n Mercedes, se trata de Mat\u00edas Dematei. En el acto de oficializaci\u00f3n realizado en el despacho del Jefe Comunal de Mercedes estuvieron presentes las autoridades de IOMA, representantes sanitarias de la regi\u00f3n y autoridades comunales. <\/p>\n\n\n\n<p>En el acto, Mat\u00edas Dematei (que continuar\u00e1 con su tarea en el Concejo Deliberante de Mercedes) expres\u00f3 su \u00abalegr\u00eda\u00bb por haberse confirmado su cargo al frente de la obra social de los empleados p\u00fablicos de la provincia y municipio. <\/p>\n\n\n\n<p>\u00abVoy a trabajar de la misma manera que lo hice en cada lugar en los que estuve, poniendo siempre el cuerpo\u201d expres\u00f3 y asegur\u00f3 estar \u201cmuy, pero muy contento, y con muchas expectativas, de poder trabajar y aportar mucho a cada uno de los afiliados de la ciudad\u201d. \u00a0<\/p>\n\n\n\n<p>Por su parte, Federico Paruelo, director de Regiones de IOMA, presente en el acto, dijo: \u201cEntendemos necesario trabajar entre los organismos provinciales y los diferentes municipios. Porque es la forma de generar una mejor calidad de atenci\u00f3n para los afiliados de IOMA, reconstruyendo un poco una nueva identidad de IOMA que apunta estar m\u00e1s cerca de los trabajadores bonaerenses, necesitamos una obra social que mejore los v\u00ednculos que tiene con cada uno de sus afiliados\u201d. \u00a0<\/p>\n\n\n\n<p>Estuvieron presentes: el Intendente Juan Ignacio Ustarroz; Gustavo Di Batista Jefe Regional IOMA, Lic. Carolina Di Napoli, directora de la Regi\u00f3n Sanitaria X, Pablo Cassiani, director del hospital Blas L. Dubarry, N\u00e9stor Pisapia, secretario de salud municipal, Marianela Arenillas, responsable del C.I.C y Martin Avalle responsable de SAME Mercedes<br><\/p>\n","protected":false},"excerpt":{"rendered":"<p>El Instituto de Obra M\u00e9dico Asistencial (IOMA) confirm\u00f3 al nuevo titular de la delegaci\u00f3n Mercedes, se trata de Mat\u00edas Dematei. &#8230; <a title=\"Confirmaron a Mat\u00edas Dematei a cargo de IOMA Mercedes\" class=\"read-more\" href=\"https:\/\/www.hoymercedes.com.ar\/principal\/2020\/11\/20\/confirmaron-a-matias-dematei-a-cargo-de-ioma-mercedes\/\" aria-label=\"Leer m\u00e1s sobre Confirmaron a Mat\u00edas Dematei a cargo de IOMA Mercedes\">Leer m\u00e1s<\/a><\/p>\n","protected":false},"author":1,"featured_media":120472,"comment_status":"closed","ping_status":"open","sticky":false,"template":"","format":"standard","meta":{"_monsterinsights_skip_tracking":false,"_monsterinsights_sitenote_active":false,"_monsterinsights_sitenote_note":"","_monsterinsights_sitenote_category":0,"jetpack_post_was_ever_published":false,"_jetpack_newsletter_access":"","_jetpack_dont_email_post_to_subs":false,"_jetpack_newsletter_tier_id":0,"_jetpack_memberships_contains_paywalled_content":false,"_jetpack_memberships_contains_paid_content":false,"footnotes":"","jetpack_publicize_message":"","jetpack_publicize_feature_enabled":true,"jetpack_social_post_already_shared":true,"jetpack_social_options":{"image_generator_settings":{"template":"highway","default_image_id":0,"font":"","enabled":false},"version":2},"_wpas_customize_per_network":false},"categories":[9791],"tags":[12878,5312,2727,12924,134],"class_list":["post-120471","post","type-post","status-publish","format-standard","has-post-thumbnail","hentry","category-salud","tag-cargo","tag-dematei","tag-ioma","tag-obra-social","tag-salud","generate-columns","tablet-grid-50","mobile-grid-100","grid-parent","grid-50"],"jetpack_publicize_connections":[],"jetpack_featured_media_url":"https:\/\/www.hoymercedes.com.ar\/principal\/wp-content\/uploads\/2020\/11\/20-Dematei-IOMA.jpg","wps_subtitle":"Nuevo cargo","jetpack_sharing_enabled":true,"_links":{"self":[{"href":"https:\/\/www.hoymercedes.com.ar\/principal\/wp-json\/wp\/v2\/posts\/120471","targetHints":{"allow":["GET"]}}],"collection":[{"href":"https:\/\/www.hoymercedes.com.ar\/principal\/wp-json\/wp\/v2\/posts"}],"about":[{"href":"https:\/\/www.hoymercedes.com.ar\/principal\/wp-json\/wp\/v2\/types\/post"}],"author":[{"embeddable":true,"href":"https:\/\/www.hoymercedes.com.ar\/principal\/wp-json\/wp\/v2\/users\/1"}],"replies":[{"embeddable":true,"href":"https:\/\/www.hoymercedes.com.ar\/principal\/wp-json\/wp\/v2\/comments?post=120471"}],"version-history":[{"count":0,"href":"https:\/\/www.hoymercedes.com.ar\/principal\/wp-json\/wp\/v2\/posts\/120471\/revisions"}],"wp:featuredmedia":[{"embeddable":true,"href":"https:\/\/www.hoymercedes.com.ar\/principal\/wp-json\/wp\/v2\/media\/120472"}],"wp:attachment":[{"href":"https:\/\/www.hoymercedes.com.ar\/principal\/wp-json\/wp\/v2\/media?parent=120471"}],"wp:term":[{"taxonomy":"category","embeddable":true,"href":"https:\/\/www.hoymercedes.com.ar\/principal\/wp-json\/wp\/v2\/categories?post=120471"},{"taxonomy":"post_tag","embeddable":true,"href":"https:\/\/www.hoymercedes.com.ar\/principal\/wp-json\/wp\/v2\/tags?post=120471"}],"curies":[{"name":"wp","href":"https:\/\/api.w.org\/{rel}","templated":true}]}}