{"id":120479,"date":"2020-11-20T12:21:49","date_gmt":"2020-11-20T15:21:49","guid":{"rendered":"http:\/\/www.hoymercedes.com.ar\/principal\/?p=120479"},"modified":"2020-11-20T14:32:34","modified_gmt":"2020-11-20T17:32:34","slug":"empresa-metalurgica-adquiere-parcela-en-sector-industrial","status":"publish","type":"post","link":"https:\/\/www.hoymercedes.com.ar\/principal\/2020\/11\/20\/empresa-metalurgica-adquiere-parcela-en-sector-industrial\/","title":{"rendered":"Empresa metal\u00fargica adquiere parcela en Sector Industrial"},"content":{"rendered":"\n<p>La empresa Indemet firm\u00f3 el boleto de compra-venta para adquirir una segunda parcela en el Sector Industrial de ruta 41 y as\u00ed \u00abrelocalizar\u00bb la empresa. La firma se realiz\u00f3 en el despacho del Jefe Comunal Juan Ignacio Ustarroz. <\/p>\n\n\n\n<div class=\"wp-block-image\"><figure class=\"aligncenter size-large\"><img loading=\"lazy\" decoding=\"async\" width=\"800\" height=\"533\" data-attachment-id=\"120480\" data-permalink=\"https:\/\/www.hoymercedes.com.ar\/principal\/2020\/11\/20\/empresa-metalurgica-adquiere-parcela-en-sector-industrial\/20-indemet\/#main\" data-orig-file=\"https:\/\/www.hoymercedes.com.ar\/principal\/wp-content\/uploads\/2020\/11\/20-indemet.jpg\" data-orig-size=\"800,533\" data-comments-opened=\"0\" data-image-meta=\"{&quot;aperture&quot;:&quot;0&quot;,&quot;credit&quot;:&quot;&quot;,&quot;camera&quot;:&quot;&quot;,&quot;caption&quot;:&quot;&quot;,&quot;created_timestamp&quot;:&quot;0&quot;,&quot;copyright&quot;:&quot;&quot;,&quot;focal_length&quot;:&quot;0&quot;,&quot;iso&quot;:&quot;0&quot;,&quot;shutter_speed&quot;:&quot;0&quot;,&quot;title&quot;:&quot;&quot;,&quot;orientation&quot;:&quot;0&quot;}\" data-image-title=\"20 indemet\" data-image-description=\"\" data-image-caption=\"\" data-large-file=\"https:\/\/www.hoymercedes.com.ar\/principal\/wp-content\/uploads\/2020\/11\/20-indemet.jpg\" src=\"https:\/\/www.hoymercedes.com.ar\/principal\/wp-content\/uploads\/2020\/11\/20-indemet.jpg\" alt=\"\" class=\"wp-image-120480\" srcset=\"https:\/\/www.hoymercedes.com.ar\/principal\/wp-content\/uploads\/2020\/11\/20-indemet.jpg 800w, https:\/\/www.hoymercedes.com.ar\/principal\/wp-content\/uploads\/2020\/11\/20-indemet-630x420.jpg 630w, https:\/\/www.hoymercedes.com.ar\/principal\/wp-content\/uploads\/2020\/11\/20-indemet-150x100.jpg 150w, https:\/\/www.hoymercedes.com.ar\/principal\/wp-content\/uploads\/2020\/11\/20-indemet-700x465.jpg 700w\" sizes=\"auto, (max-width: 800px) 100vw, 800px\" \/><\/figure><\/div>\n\n\n\n<p>Tras la firma, el representante de la empresa, Sergio Mart\u00ednez, explic\u00f3 que se decidi\u00f3 comprar la parcela como parte de una inversi\u00f3n ante la reactivaci\u00f3n del sector para el que ellos trabajan. \u00abNos dedicamos al desarrollo, fabricaci\u00f3n y dise\u00f1o de equipos para la industria de petr\u00f3leos y gas. Ya estamos realizando, en nuestra parcela del parque industrial, una nueva nave con la idea de relocalizarnos all\u00ed y por ello la idea de la compra de esta nueva parcela\u201d, expres\u00f3. \u00a0<\/p>\n\n\n\n<p>\u00abOtro de los motivos que nos motiv\u00f3 a la compra de este lugar, fue que se reactiv\u00f3 toda la cadena de valor del gas natural, desde los productores de gas (YPF, Texpetrol, etc) al igual que las transportadoras (TGS y TGN) y las distribuidoras. A nosotros, al ser proveedores de estos actores, nos ha beneficiado, lo que redunda en una inversi\u00f3n y trabajo para la ciudad\u201d, agreg\u00f3 Mart\u00ednez. \u00a0<\/p>\n\n\n\n<p>\u201cEsta segunda etapa de inversi\u00f3n comienza con la compra de esta segunda parcela, la cual denominamos ampliaci\u00f3n, donde duplicaremos la capacidad productiva. En este lugar se construir\u00e1 un nuevo galp\u00f3n de similares caracter\u00edsticas al que ya estamos construyendo\u201d destac\u00f3 Mart\u00ednez y anticip\u00f3 que con esta inversi\u00f3n demandar\u00e1n m\u00e1s mano de obra en todas las \u00e1reas de los procesos productivos. <\/p>\n\n\n\n<p>Por su parte, el intendente Juan Ignacio Ustarroz agradeci\u00f3 a los empresarios y destac\u00f3 que \u00abla relocalizaci\u00f3n viene de la mano de mayor inversi\u00f3n, lo que generan m\u00e1s puestos de trabajo, se generar\u00e1 m\u00e1s riqueza para la ciudad\u00bb. <\/p>\n","protected":false},"excerpt":{"rendered":"<p>La empresa Indemet firm\u00f3 el boleto de compra-venta para adquirir una segunda parcela en el Sector Industrial de ruta 41 &#8230; <a title=\"Empresa metal\u00fargica adquiere parcela en Sector Industrial\" class=\"read-more\" href=\"https:\/\/www.hoymercedes.com.ar\/principal\/2020\/11\/20\/empresa-metalurgica-adquiere-parcela-en-sector-industrial\/\" aria-label=\"Leer m\u00e1s sobre Empresa metal\u00fargica adquiere parcela en Sector Industrial\">Leer m\u00e1s<\/a><\/p>\n","protected":false},"author":1,"featured_media":120480,"comment_status":"closed","ping_status":"open","sticky":false,"template":"","format":"standard","meta":{"_monsterinsights_skip_tracking":false,"_monsterinsights_sitenote_active":false,"_monsterinsights_sitenote_note":"","_monsterinsights_sitenote_category":0,"jetpack_post_was_ever_published":false,"_jetpack_newsletter_access":"","_jetpack_dont_email_post_to_subs":false,"_jetpack_newsletter_tier_id":0,"_jetpack_memberships_contains_paywalled_content":false,"_jetpack_memberships_contains_paid_content":false,"footnotes":"","jetpack_publicize_message":"","jetpack_publicize_feature_enabled":true,"jetpack_social_post_already_shared":true,"jetpack_social_options":{"image_generator_settings":{"template":"highway","default_image_id":0,"font":"","enabled":false},"version":2},"_wpas_customize_per_network":false},"categories":[16777],"tags":[17301,244,1231,2522],"class_list":["post-120479","post","type-post","status-publish","format-standard","has-post-thumbnail","hentry","category-economia","tag-indemet","tag-municipio-2","tag-parque-industrial","tag-sector-industrial-planificado","generate-columns","tablet-grid-50","mobile-grid-100","grid-parent","grid-50"],"jetpack_publicize_connections":[],"jetpack_featured_media_url":"https:\/\/www.hoymercedes.com.ar\/principal\/wp-content\/uploads\/2020\/11\/20-indemet.jpg","wps_subtitle":"Empresa local","jetpack_sharing_enabled":true,"_links":{"self":[{"href":"https:\/\/www.hoymercedes.com.ar\/principal\/wp-json\/wp\/v2\/posts\/120479","targetHints":{"allow":["GET"]}}],"collection":[{"href":"https:\/\/www.hoymercedes.com.ar\/principal\/wp-json\/wp\/v2\/posts"}],"about":[{"href":"https:\/\/www.hoymercedes.com.ar\/principal\/wp-json\/wp\/v2\/types\/post"}],"author":[{"embeddable":true,"href":"https:\/\/www.hoymercedes.com.ar\/principal\/wp-json\/wp\/v2\/users\/1"}],"replies":[{"embeddable":true,"href":"https:\/\/www.hoymercedes.com.ar\/principal\/wp-json\/wp\/v2\/comments?post=120479"}],"version-history":[{"count":0,"href":"https:\/\/www.hoymercedes.com.ar\/principal\/wp-json\/wp\/v2\/posts\/120479\/revisions"}],"wp:featuredmedia":[{"embeddable":true,"href":"https:\/\/www.hoymercedes.com.ar\/principal\/wp-json\/wp\/v2\/media\/120480"}],"wp:attachment":[{"href":"https:\/\/www.hoymercedes.com.ar\/principal\/wp-json\/wp\/v2\/media?parent=120479"}],"wp:term":[{"taxonomy":"category","embeddable":true,"href":"https:\/\/www.hoymercedes.com.ar\/principal\/wp-json\/wp\/v2\/categories?post=120479"},{"taxonomy":"post_tag","embeddable":true,"href":"https:\/\/www.hoymercedes.com.ar\/principal\/wp-json\/wp\/v2\/tags?post=120479"}],"curies":[{"name":"wp","href":"https:\/\/api.w.org\/{rel}","templated":true}]}}