{"id":120483,"date":"2020-11-20T13:47:31","date_gmt":"2020-11-20T16:47:31","guid":{"rendered":"http:\/\/www.hoymercedes.com.ar\/principal\/?p=120483"},"modified":"2020-11-20T14:26:06","modified_gmt":"2020-11-20T17:26:06","slug":"juan-navarro-fue-designado-en-la-presidencia-de-la-ucr-mercedes","status":"publish","type":"post","link":"https:\/\/www.hoymercedes.com.ar\/principal\/2020\/11\/20\/juan-navarro-fue-designado-en-la-presidencia-de-la-ucr-mercedes\/","title":{"rendered":"Juan Navarro fue designado en la presidencia de la UCR Mercedes"},"content":{"rendered":"\n<p>D\u00edas atr\u00e1s se produjo el traspaso a la mesa transitoria del comit\u00e9 de la Uni\u00f3n C\u00edvica Radical de Mercedes, compuesta por la lista \u00fanica de autoridades, hasta la asunci\u00f3n formal que se producir\u00e1 el 23 de marzo de 2021. Esta Mesa de Transici\u00f3n estar\u00e1 encabezada por quien se postul\u00f3 en la lista N\u00b0 1 para las internas convocadas para el 11 de noviembre, el contador Juan Navarro. <\/p>\n\n\n\n<p>\u00abLos invitamos a sumarse e integrar las mesas de trabajo que se conformar\u00e1n hacia adelante, a los fines que nuestra Uni\u00f3n C\u00edvica Radical d\u00e9 respuestas propositivas a la crisis social y econ\u00f3mica que vive nuestro pa\u00eds y que quiz\u00e1s no encuentre su precedente. Asumimos tama\u00f1a responsabilidad, con la firme convicci\u00f3n de dar lo mejor de nosotros, entregando nuestra profunda vocaci\u00f3n de servicio, nuestras pasiones y conocimientos al servicio del partido y de nuestra comunidad. Se\u00f1alamos el rol fundamental que debe cumplir nuestro centenario partido, en tiempos donde se ponen en juego valores esenciales e intr\u00ednsecos de una sana democracia republicana\u00bb, expresan desde la conducci\u00f3n del centenario partido pol\u00edtico ubicado en la avenida 29. <\/p>\n\n\n\n<div class=\"wp-block-image\"><figure class=\"aligncenter size-large\"><img loading=\"lazy\" decoding=\"async\" width=\"800\" height=\"534\" data-attachment-id=\"120485\" data-permalink=\"https:\/\/www.hoymercedes.com.ar\/principal\/2020\/11\/20\/juan-navarro-fue-designado-en-la-presidencia-de-la-ucr-mercedes\/20-juan-navarro-2\/#main\" data-orig-file=\"https:\/\/www.hoymercedes.com.ar\/principal\/wp-content\/uploads\/2020\/11\/20-juan-navarro-2.jpeg\" data-orig-size=\"800,534\" data-comments-opened=\"0\" data-image-meta=\"{&quot;aperture&quot;:&quot;0&quot;,&quot;credit&quot;:&quot;&quot;,&quot;camera&quot;:&quot;&quot;,&quot;caption&quot;:&quot;&quot;,&quot;created_timestamp&quot;:&quot;0&quot;,&quot;copyright&quot;:&quot;&quot;,&quot;focal_length&quot;:&quot;0&quot;,&quot;iso&quot;:&quot;0&quot;,&quot;shutter_speed&quot;:&quot;0&quot;,&quot;title&quot;:&quot;&quot;,&quot;orientation&quot;:&quot;0&quot;}\" data-image-title=\"20 juan navarro 2\" data-image-description=\"\" data-image-caption=\"\" data-large-file=\"https:\/\/www.hoymercedes.com.ar\/principal\/wp-content\/uploads\/2020\/11\/20-juan-navarro-2.jpeg\" src=\"https:\/\/www.hoymercedes.com.ar\/principal\/wp-content\/uploads\/2020\/11\/20-juan-navarro-2.jpeg\" alt=\"\" class=\"wp-image-120485\" srcset=\"https:\/\/www.hoymercedes.com.ar\/principal\/wp-content\/uploads\/2020\/11\/20-juan-navarro-2.jpeg 800w, https:\/\/www.hoymercedes.com.ar\/principal\/wp-content\/uploads\/2020\/11\/20-juan-navarro-2-630x421.jpeg 630w, https:\/\/www.hoymercedes.com.ar\/principal\/wp-content\/uploads\/2020\/11\/20-juan-navarro-2-150x100.jpeg 150w\" sizes=\"auto, (max-width: 800px) 100vw, 800px\" \/><\/figure><\/div>\n\n\n\n<p><\/p>\n\n\n\n<p>A Navarro lo secundan: Sandra Gutierrez, como vicepresidenta; Gonzalo Guanzetti en la secretar\u00eda y Lorena Marino en la tesorer\u00eda, junto a catorce vocales titulares y otros nueve radicales como vocales suplentes. <\/p>\n","protected":false},"excerpt":{"rendered":"<p>D\u00edas atr\u00e1s se produjo el traspaso a la mesa transitoria del comit\u00e9 de la Uni\u00f3n C\u00edvica Radical de Mercedes, compuesta &#8230; <a title=\"Juan Navarro fue designado en la presidencia de la UCR Mercedes\" class=\"read-more\" href=\"https:\/\/www.hoymercedes.com.ar\/principal\/2020\/11\/20\/juan-navarro-fue-designado-en-la-presidencia-de-la-ucr-mercedes\/\" aria-label=\"Leer m\u00e1s sobre Juan Navarro fue designado en la presidencia de la UCR Mercedes\">Leer m\u00e1s<\/a><\/p>\n","protected":false},"author":1,"featured_media":120484,"comment_status":"closed","ping_status":"open","sticky":false,"template":"","format":"standard","meta":{"_monsterinsights_skip_tracking":false,"_monsterinsights_sitenote_active":false,"_monsterinsights_sitenote_note":"","_monsterinsights_sitenote_category":0,"jetpack_post_was_ever_published":false,"_jetpack_newsletter_access":"","_jetpack_dont_email_post_to_subs":false,"_jetpack_newsletter_tier_id":0,"_jetpack_memberships_contains_paywalled_content":false,"_jetpack_memberships_contains_paid_content":false,"footnotes":"","jetpack_publicize_message":"","jetpack_publicize_feature_enabled":true,"jetpack_social_post_already_shared":true,"jetpack_social_options":{"image_generator_settings":{"template":"highway","default_image_id":0,"font":"","enabled":false},"version":2},"_wpas_customize_per_network":false},"categories":[5],"tags":[17300,5319,217],"class_list":["post-120483","post","type-post","status-publish","format-standard","has-post-thumbnail","hentry","category-politica","tag-autoridades-partidarias","tag-politica-2","tag-ucr-mercedes","generate-columns","tablet-grid-50","mobile-grid-100","grid-parent","grid-50"],"jetpack_publicize_connections":[],"jetpack_featured_media_url":"https:\/\/www.hoymercedes.com.ar\/principal\/wp-content\/uploads\/2020\/11\/20-juan-navarro-1.jpeg","wps_subtitle":"Hasta la asunci\u00f3n formal en marzo 2021","jetpack_sharing_enabled":true,"_links":{"self":[{"href":"https:\/\/www.hoymercedes.com.ar\/principal\/wp-json\/wp\/v2\/posts\/120483","targetHints":{"allow":["GET"]}}],"collection":[{"href":"https:\/\/www.hoymercedes.com.ar\/principal\/wp-json\/wp\/v2\/posts"}],"about":[{"href":"https:\/\/www.hoymercedes.com.ar\/principal\/wp-json\/wp\/v2\/types\/post"}],"author":[{"embeddable":true,"href":"https:\/\/www.hoymercedes.com.ar\/principal\/wp-json\/wp\/v2\/users\/1"}],"replies":[{"embeddable":true,"href":"https:\/\/www.hoymercedes.com.ar\/principal\/wp-json\/wp\/v2\/comments?post=120483"}],"version-history":[{"count":0,"href":"https:\/\/www.hoymercedes.com.ar\/principal\/wp-json\/wp\/v2\/posts\/120483\/revisions"}],"wp:featuredmedia":[{"embeddable":true,"href":"https:\/\/www.hoymercedes.com.ar\/principal\/wp-json\/wp\/v2\/media\/120484"}],"wp:attachment":[{"href":"https:\/\/www.hoymercedes.com.ar\/principal\/wp-json\/wp\/v2\/media?parent=120483"}],"wp:term":[{"taxonomy":"category","embeddable":true,"href":"https:\/\/www.hoymercedes.com.ar\/principal\/wp-json\/wp\/v2\/categories?post=120483"},{"taxonomy":"post_tag","embeddable":true,"href":"https:\/\/www.hoymercedes.com.ar\/principal\/wp-json\/wp\/v2\/tags?post=120483"}],"curies":[{"name":"wp","href":"https:\/\/api.w.org\/{rel}","templated":true}]}}