{"id":120498,"date":"2020-11-20T16:20:49","date_gmt":"2020-11-20T19:20:49","guid":{"rendered":"http:\/\/www.hoymercedes.com.ar\/principal\/?p=120498"},"modified":"2020-11-20T16:46:00","modified_gmt":"2020-11-20T19:46:00","slug":"allanan-por-venta-de-drogas-en-san-andres-de-giles","status":"publish","type":"post","link":"https:\/\/www.hoymercedes.com.ar\/principal\/2020\/11\/20\/allanan-por-venta-de-drogas-en-san-andres-de-giles\/","title":{"rendered":"Allanan por venta de drogas en San Andr\u00e9s de Giles"},"content":{"rendered":"\n<p>En un trabajo conjunto de las fuerzas policiales tanto Federal como Bonaerense y las Fiscal\u00eda del Departamento Judicial Mercedes, en la jornada del jueves se realiz\u00f3 un allanamiento en la localidad de San Andr\u00e9s de Giles, por infracci\u00f3n a la Ley 23.737 (Ley de estupefacientes).<\/p>\n\n\n\n<div class=\"wp-block-image\"><figure class=\"aligncenter size-large\"><img loading=\"lazy\" decoding=\"async\" width=\"800\" height=\"533\" data-attachment-id=\"120509\" data-permalink=\"https:\/\/www.hoymercedes.com.ar\/principal\/2020\/11\/20\/allanan-por-venta-de-drogas-en-san-andres-de-giles\/20-poli-federal\/#main\" data-orig-file=\"https:\/\/www.hoymercedes.com.ar\/principal\/wp-content\/uploads\/2020\/11\/20-poli-federal.jpg\" data-orig-size=\"800,533\" data-comments-opened=\"0\" data-image-meta=\"{&quot;aperture&quot;:&quot;0&quot;,&quot;credit&quot;:&quot;&quot;,&quot;camera&quot;:&quot;&quot;,&quot;caption&quot;:&quot;&quot;,&quot;created_timestamp&quot;:&quot;0&quot;,&quot;copyright&quot;:&quot;&quot;,&quot;focal_length&quot;:&quot;0&quot;,&quot;iso&quot;:&quot;0&quot;,&quot;shutter_speed&quot;:&quot;0&quot;,&quot;title&quot;:&quot;&quot;,&quot;orientation&quot;:&quot;0&quot;}\" data-image-title=\"20 poli federal\" data-image-description=\"\" data-image-caption=\"\" data-large-file=\"https:\/\/www.hoymercedes.com.ar\/principal\/wp-content\/uploads\/2020\/11\/20-poli-federal.jpg\" src=\"https:\/\/www.hoymercedes.com.ar\/principal\/wp-content\/uploads\/2020\/11\/20-poli-federal.jpg\" alt=\"\" class=\"wp-image-120509\" srcset=\"https:\/\/www.hoymercedes.com.ar\/principal\/wp-content\/uploads\/2020\/11\/20-poli-federal.jpg 800w, https:\/\/www.hoymercedes.com.ar\/principal\/wp-content\/uploads\/2020\/11\/20-poli-federal-630x420.jpg 630w, https:\/\/www.hoymercedes.com.ar\/principal\/wp-content\/uploads\/2020\/11\/20-poli-federal-150x100.jpg 150w, https:\/\/www.hoymercedes.com.ar\/principal\/wp-content\/uploads\/2020\/11\/20-poli-federal-700x465.jpg 700w\" sizes=\"auto, (max-width: 800px) 100vw, 800px\" \/><\/figure><\/div>\n\n\n\n<p>El operativo fue realizado en un domicilio ubicado en la esquina de\u00a0Manchi y Urquiza, de la vecina localidad. All\u00ed se encontraron\u00a0varios envoltorios de coca\u00edna\u00a0y\u00a0se pudo detener al responsable directo de la comercializaci\u00f3n.<\/p>\n\n\n\n<p>Desde hace aproximadamente 20 d\u00edas, realizaban tareas investigativas en la zona por la presunta comercializaci\u00f3n de estupefacientes por parte de un individuo residente en la localidad de San Andr\u00e9s de Giles. Se supo que \u00a0hab\u00eda desarrollado diferentes estrategias evasivas para ir a buscar los estupefacientes al Gran Buenos Aires. Utilizaba siempre veh\u00edculos distintos o se movilizaba en colectivo. Adem\u00e1s,\u00a0no usaba celulares, sino que instalaba en el frente de su hogar determinadas se\u00f1ales mediante las cuales alertaba que dispon\u00eda de la sustancia.<\/p>\n\n\n\n<p>Luego de reunir las suficientes pruebas la fiscal\u00eda, el Juzgado dispuso que el personal de la Delegaci\u00f3n Mercedes de la P.F.A. junto a la Polic\u00eda de S. A. de Giles\u00a0proceda a allanar el domicilio de dicha localidad, con el fin de secuestrar estupefacientes, elementos de corte, fraccionamiento y dem\u00e1s elementos de inter\u00e9s para la presente causa.<\/p>\n\n\n\n<p>Es as\u00ed que se efectu\u00f3 la detenci\u00f3n de un masculino mayor de edad oriundo de Giles, como as\u00ed tambi\u00e9n, incautar una importante cantidad de estupefacientes, \u201ccoca\u00edna\u201d, dinero de la comercializaci\u00f3n de dicha sustancia y tel\u00e9fonos celulares con los que coordinaba la entrega de la sustancia estupefaciente. El hombre de 60 a\u00f1os tiene causas en tr\u00e1mite en la\u00a0Ayudant\u00eda Fiscal local\u00a0y en la\u00a0UFI\u00a0de drogas de\u00a0Mercedes.<\/p>\n\n\n\n<p>En el hecho Intervino el Juzgado de Garant\u00edas N\u00b0 3 a cargo interino del Dr. Marcelo Enrique Romero y la UFI N\u00b03 a cargo del Dr. Guillermo, Massaroni, ambos del departamento Judicial de Mercedes, caratulando la causa como \u201cAv. Inf. Ley 23.737\u201d.<\/p>\n\n\n\n<p>Fuente: Infociudad de San Andr\u00e9s de Giles y Delegaci\u00f3n Mercedes de la Polic\u00eda Federal. <\/p>\n","protected":false},"excerpt":{"rendered":"<p>En un trabajo conjunto de las fuerzas policiales tanto Federal como Bonaerense y las Fiscal\u00eda del Departamento Judicial Mercedes, en &#8230; <a title=\"Allanan por venta de drogas en San Andr\u00e9s de Giles\" class=\"read-more\" href=\"https:\/\/www.hoymercedes.com.ar\/principal\/2020\/11\/20\/allanan-por-venta-de-drogas-en-san-andres-de-giles\/\" aria-label=\"Leer m\u00e1s sobre Allanan por venta de drogas en San Andr\u00e9s de Giles\">Leer m\u00e1s<\/a><\/p>\n","protected":false},"author":1,"featured_media":120509,"comment_status":"closed","ping_status":"open","sticky":false,"template":"","format":"standard","meta":{"_monsterinsights_skip_tracking":false,"_monsterinsights_sitenote_active":false,"_monsterinsights_sitenote_note":"","_monsterinsights_sitenote_category":0,"jetpack_post_was_ever_published":false,"_jetpack_newsletter_access":"","_jetpack_dont_email_post_to_subs":false,"_jetpack_newsletter_tier_id":0,"_jetpack_memberships_contains_paywalled_content":false,"_jetpack_memberships_contains_paid_content":false,"footnotes":"","jetpack_publicize_message":"","jetpack_publicize_feature_enabled":true,"jetpack_social_post_already_shared":true,"jetpack_social_options":{"image_generator_settings":{"template":"highway","default_image_id":0,"font":"","enabled":false},"version":2},"_wpas_customize_per_network":false},"categories":[85],"tags":[27,96,9322,2123],"class_list":["post-120498","post","type-post","status-publish","format-standard","has-post-thumbnail","hentry","category-policial","tag-drogas","tag-policial-2","tag-region","tag-san-andres-de-giles","generate-columns","tablet-grid-50","mobile-grid-100","grid-parent","grid-50"],"jetpack_publicize_connections":[],"jetpack_featured_media_url":"https:\/\/www.hoymercedes.com.ar\/principal\/wp-content\/uploads\/2020\/11\/20-poli-federal.jpg","wps_subtitle":"Operativo en la regi\u00f3n","jetpack_sharing_enabled":true,"_links":{"self":[{"href":"https:\/\/www.hoymercedes.com.ar\/principal\/wp-json\/wp\/v2\/posts\/120498","targetHints":{"allow":["GET"]}}],"collection":[{"href":"https:\/\/www.hoymercedes.com.ar\/principal\/wp-json\/wp\/v2\/posts"}],"about":[{"href":"https:\/\/www.hoymercedes.com.ar\/principal\/wp-json\/wp\/v2\/types\/post"}],"author":[{"embeddable":true,"href":"https:\/\/www.hoymercedes.com.ar\/principal\/wp-json\/wp\/v2\/users\/1"}],"replies":[{"embeddable":true,"href":"https:\/\/www.hoymercedes.com.ar\/principal\/wp-json\/wp\/v2\/comments?post=120498"}],"version-history":[{"count":0,"href":"https:\/\/www.hoymercedes.com.ar\/principal\/wp-json\/wp\/v2\/posts\/120498\/revisions"}],"wp:featuredmedia":[{"embeddable":true,"href":"https:\/\/www.hoymercedes.com.ar\/principal\/wp-json\/wp\/v2\/media\/120509"}],"wp:attachment":[{"href":"https:\/\/www.hoymercedes.com.ar\/principal\/wp-json\/wp\/v2\/media?parent=120498"}],"wp:term":[{"taxonomy":"category","embeddable":true,"href":"https:\/\/www.hoymercedes.com.ar\/principal\/wp-json\/wp\/v2\/categories?post=120498"},{"taxonomy":"post_tag","embeddable":true,"href":"https:\/\/www.hoymercedes.com.ar\/principal\/wp-json\/wp\/v2\/tags?post=120498"}],"curies":[{"name":"wp","href":"https:\/\/api.w.org\/{rel}","templated":true}]}}