{"id":120512,"date":"2020-11-20T17:59:33","date_gmt":"2020-11-20T20:59:33","guid":{"rendered":"http:\/\/www.hoymercedes.com.ar\/principal\/?p=120512"},"modified":"2020-11-20T16:45:06","modified_gmt":"2020-11-20T19:45:06","slug":"del-23-al-27-de-noviembre-semana-de-concientizacion-sobre-el-cancer-de-piel","status":"publish","type":"post","link":"https:\/\/www.hoymercedes.com.ar\/principal\/2020\/11\/20\/del-23-al-27-de-noviembre-semana-de-concientizacion-sobre-el-cancer-de-piel\/","title":{"rendered":"Del 23 al 27 de noviembre: Semana de concientizaci\u00f3n sobre el c\u00e1ncer de piel"},"content":{"rendered":"\n<p>Desde LALCEC Mercedes inician una semana de concientizaci\u00f3n sobre el c\u00e1ncer de piel. Del 23 al 27 de noviembre, har\u00e1n hincapi\u00e9 en una campa\u00f1a que destaca la importancia del\u00a0control dermatol\u00f3gico anual\u00a0como principal chequeo para la detecci\u00f3n temprana de este tipo de c\u00e1ncer e informar a la poblaci\u00f3n sobre este m\u00e9todo de diagn\u00f3stico para detectar con mayor \u00e9xito esta patolog\u00eda y tambi\u00e9n movilizar a la consulta a quienes detecten alg\u00fan s\u00edntoma o irregularidad.<\/p>\n\n\n\n<p>Es as\u00ed que invitan a la comunidad a tener en cuenta estos consejos:<\/p>\n\n\n\n<p>1.\u00a0\u00a0\u00a0\u00a0El c\u00e1ncer de piel afecta las c\u00e9lulas cut\u00e1neas ante principalmente la exposici\u00f3n a los rayos ultravioletas. <br>2.\u00a0\u00a0\u00a0\u00a0Hay cambios en nuestros lunares que nos pueden estar avisando sobre un caso de c\u00e1ncer de piel. Por eso es importante hacerse un autoexamen mensual y visitar al dermat\u00f3logo una vez al a\u00f1o. <br>3.\u00a0\u00a0\u00a0\u00a0Algunos factores de riesgo como los antecedentes familiares o el predomino de lunares en la piel no se pueden evitar.<\/p>\n\n\n\n<p>Sin embargo, la radiaci\u00f3n ultravioleta si puede prevenirse usando protector solar y evitando la exposici\u00f3n a l\u00e1mparas y camas solares.<\/p>\n\n\n\n<p>Es fundamental tener un consumo responsable del sol y visitar al dermat\u00f3logo una vez al a\u00f1o.<\/p>\n\n\n\n<p>Los h\u00e1bitos saludables reducen hasta un 40% las posibilidades de padecer cualquier tipo de c\u00e1ncer:<br>-Consumir frutas y vegetales.<br>-Disminuir la ingesta de carnes rojas y grasas animales.<br>-Mantener tu cuerpo en un peso adecuado.<br>-Hacer 30\u201d de ejercicio f\u00edsico diariamente.<br>-Evitar el tabaco y el consumo de alcohol<\/p>\n\n\n\n<div class=\"wp-block-image\"><figure class=\"aligncenter size-large\"><img loading=\"lazy\" decoding=\"async\" width=\"794\" height=\"768\" data-attachment-id=\"120513\" data-permalink=\"https:\/\/www.hoymercedes.com.ar\/principal\/2020\/11\/20\/del-23-al-27-de-noviembre-semana-de-concientizacion-sobre-el-cancer-de-piel\/20-cancer-de-piel-2jpg\/#main\" data-orig-file=\"https:\/\/www.hoymercedes.com.ar\/principal\/wp-content\/uploads\/2020\/11\/20-cancer-de-piel.2jpg.jpg\" data-orig-size=\"794,768\" data-comments-opened=\"0\" data-image-meta=\"{&quot;aperture&quot;:&quot;0&quot;,&quot;credit&quot;:&quot;&quot;,&quot;camera&quot;:&quot;&quot;,&quot;caption&quot;:&quot;&quot;,&quot;created_timestamp&quot;:&quot;0&quot;,&quot;copyright&quot;:&quot;&quot;,&quot;focal_length&quot;:&quot;0&quot;,&quot;iso&quot;:&quot;0&quot;,&quot;shutter_speed&quot;:&quot;0&quot;,&quot;title&quot;:&quot;&quot;,&quot;orientation&quot;:&quot;0&quot;}\" data-image-title=\"20 cancer de piel.2jpg\" data-image-description=\"\" data-image-caption=\"\" data-large-file=\"https:\/\/www.hoymercedes.com.ar\/principal\/wp-content\/uploads\/2020\/11\/20-cancer-de-piel.2jpg.jpg\" src=\"https:\/\/www.hoymercedes.com.ar\/principal\/wp-content\/uploads\/2020\/11\/20-cancer-de-piel.2jpg.jpg\" alt=\"\" class=\"wp-image-120513\" srcset=\"https:\/\/www.hoymercedes.com.ar\/principal\/wp-content\/uploads\/2020\/11\/20-cancer-de-piel.2jpg.jpg 794w, https:\/\/www.hoymercedes.com.ar\/principal\/wp-content\/uploads\/2020\/11\/20-cancer-de-piel.2jpg-630x609.jpg 630w, https:\/\/www.hoymercedes.com.ar\/principal\/wp-content\/uploads\/2020\/11\/20-cancer-de-piel.2jpg-150x145.jpg 150w\" sizes=\"auto, (max-width: 794px) 100vw, 794px\" \/><\/figure><\/div>\n","protected":false},"excerpt":{"rendered":"<p>Desde LALCEC Mercedes inician una semana de concientizaci\u00f3n sobre el c\u00e1ncer de piel. Del 23 al 27 de noviembre, har\u00e1n &#8230; <a title=\"Del 23 al 27 de noviembre: Semana de concientizaci\u00f3n sobre el c\u00e1ncer de piel\" class=\"read-more\" href=\"https:\/\/www.hoymercedes.com.ar\/principal\/2020\/11\/20\/del-23-al-27-de-noviembre-semana-de-concientizacion-sobre-el-cancer-de-piel\/\" aria-label=\"Leer m\u00e1s sobre Del 23 al 27 de noviembre: Semana de concientizaci\u00f3n sobre el c\u00e1ncer de piel\">Leer m\u00e1s<\/a><\/p>\n","protected":false},"author":1,"featured_media":120514,"comment_status":"closed","ping_status":"open","sticky":false,"template":"","format":"standard","meta":{"_monsterinsights_skip_tracking":false,"_monsterinsights_sitenote_active":false,"_monsterinsights_sitenote_note":"","_monsterinsights_sitenote_category":0,"jetpack_post_was_ever_published":false,"_jetpack_newsletter_access":"","_jetpack_dont_email_post_to_subs":false,"_jetpack_newsletter_tier_id":0,"_jetpack_memberships_contains_paywalled_content":false,"_jetpack_memberships_contains_paid_content":false,"footnotes":"","jetpack_publicize_message":"","jetpack_publicize_feature_enabled":true,"jetpack_social_post_already_shared":true,"jetpack_social_options":{"image_generator_settings":{"template":"highway","default_image_id":0,"font":"","enabled":false},"version":2},"_wpas_customize_per_network":false},"categories":[9791],"tags":[10227,108,8756,134],"class_list":["post-120512","post","type-post","status-publish","format-standard","has-post-thumbnail","hentry","category-salud","tag-cancer-de-piel","tag-lalcec","tag-prevencion","tag-salud","generate-columns","tablet-grid-50","mobile-grid-100","grid-parent","grid-50"],"jetpack_publicize_connections":[],"jetpack_featured_media_url":"https:\/\/www.hoymercedes.com.ar\/principal\/wp-content\/uploads\/2020\/11\/20-cancer-de-piel.jpg","wps_subtitle":"Prevenci\u00f3n","jetpack_sharing_enabled":true,"_links":{"self":[{"href":"https:\/\/www.hoymercedes.com.ar\/principal\/wp-json\/wp\/v2\/posts\/120512","targetHints":{"allow":["GET"]}}],"collection":[{"href":"https:\/\/www.hoymercedes.com.ar\/principal\/wp-json\/wp\/v2\/posts"}],"about":[{"href":"https:\/\/www.hoymercedes.com.ar\/principal\/wp-json\/wp\/v2\/types\/post"}],"author":[{"embeddable":true,"href":"https:\/\/www.hoymercedes.com.ar\/principal\/wp-json\/wp\/v2\/users\/1"}],"replies":[{"embeddable":true,"href":"https:\/\/www.hoymercedes.com.ar\/principal\/wp-json\/wp\/v2\/comments?post=120512"}],"version-history":[{"count":0,"href":"https:\/\/www.hoymercedes.com.ar\/principal\/wp-json\/wp\/v2\/posts\/120512\/revisions"}],"wp:featuredmedia":[{"embeddable":true,"href":"https:\/\/www.hoymercedes.com.ar\/principal\/wp-json\/wp\/v2\/media\/120514"}],"wp:attachment":[{"href":"https:\/\/www.hoymercedes.com.ar\/principal\/wp-json\/wp\/v2\/media?parent=120512"}],"wp:term":[{"taxonomy":"category","embeddable":true,"href":"https:\/\/www.hoymercedes.com.ar\/principal\/wp-json\/wp\/v2\/categories?post=120512"},{"taxonomy":"post_tag","embeddable":true,"href":"https:\/\/www.hoymercedes.com.ar\/principal\/wp-json\/wp\/v2\/tags?post=120512"}],"curies":[{"name":"wp","href":"https:\/\/api.w.org\/{rel}","templated":true}]}}