{"id":120546,"date":"2020-11-21T07:44:03","date_gmt":"2020-11-21T10:44:03","guid":{"rendered":"http:\/\/www.hoymercedes.com.ar\/principal\/?p=120546"},"modified":"2020-11-21T10:00:58","modified_gmt":"2020-11-21T13:00:58","slug":"recambian-red-cloacal-en-el-barrio-estrada","status":"publish","type":"post","link":"https:\/\/www.hoymercedes.com.ar\/principal\/2020\/11\/21\/recambian-red-cloacal-en-el-barrio-estrada\/","title":{"rendered":"Recambian red cloacal en el barrio Estrada"},"content":{"rendered":"\n<p>A lo largo de la semana, estuvieron trabajando en el recambio de los ca\u00f1os cloacales en la calle 24, entre las calles 1 y 3. El Secretario de Obras P\u00fablicas, el arquitecto Emanuel P\u00e9rez Carrera s explic\u00f3 que la obra fue un cambio en la red cloacal que conecta directamente a los domicilios. En la cuadra trabajada se colocaron ca\u00f1os de PVC de 160 que mejorar\u00edan el servicio a los vecinos de la zona. <\/p>\n\n\n\n<p>\u201cYa hicimos el recambio de toda la red colectora y las conexiones de las redes domiciliarias existentes y la semana que viene estar\u00edamos concluyendo con las reparaciones de las veredas\u201d agreg\u00f3 el funcionario de Obras P\u00fablicas.<br><\/p>\n\n\n\n<p>Por su parte, el intendente Juan Ignacio Ustarroz cont\u00f3 que la obra era un reclamo de los vecinos y resalt\u00f3 el caracter antiguo que tiene la red. <\/p>\n","protected":false},"excerpt":{"rendered":"<p>A lo largo de la semana, estuvieron trabajando en el recambio de los ca\u00f1os cloacales en la calle 24, entre &#8230; <a title=\"Recambian red cloacal en el barrio Estrada\" class=\"read-more\" href=\"https:\/\/www.hoymercedes.com.ar\/principal\/2020\/11\/21\/recambian-red-cloacal-en-el-barrio-estrada\/\" aria-label=\"Leer m\u00e1s sobre Recambian red cloacal en el barrio Estrada\">Leer m\u00e1s<\/a><\/p>\n","protected":false},"author":1,"featured_media":120547,"comment_status":"closed","ping_status":"open","sticky":false,"template":"","format":"standard","meta":{"_monsterinsights_skip_tracking":false,"_monsterinsights_sitenote_active":false,"_monsterinsights_sitenote_note":"","_monsterinsights_sitenote_category":0,"jetpack_post_was_ever_published":false,"_jetpack_newsletter_access":"","_jetpack_dont_email_post_to_subs":false,"_jetpack_newsletter_tier_id":0,"_jetpack_memberships_contains_paywalled_content":false,"_jetpack_memberships_contains_paid_content":false,"footnotes":"","jetpack_publicize_message":"","jetpack_publicize_feature_enabled":true,"jetpack_social_post_already_shared":true,"jetpack_social_options":{"image_generator_settings":{"template":"highway","default_image_id":0,"font":"","enabled":false},"version":2},"_wpas_customize_per_network":false},"categories":[30],"tags":[],"class_list":["post-120546","post","type-post","status-publish","format-standard","has-post-thumbnail","hentry","category-municipio","generate-columns","tablet-grid-50","mobile-grid-100","grid-parent","grid-50"],"jetpack_publicize_connections":[],"jetpack_featured_media_url":"https:\/\/www.hoymercedes.com.ar\/principal\/wp-content\/uploads\/2020\/11\/DSC00594.jpg","wps_subtitle":"Obras municipales","jetpack_sharing_enabled":true,"_links":{"self":[{"href":"https:\/\/www.hoymercedes.com.ar\/principal\/wp-json\/wp\/v2\/posts\/120546","targetHints":{"allow":["GET"]}}],"collection":[{"href":"https:\/\/www.hoymercedes.com.ar\/principal\/wp-json\/wp\/v2\/posts"}],"about":[{"href":"https:\/\/www.hoymercedes.com.ar\/principal\/wp-json\/wp\/v2\/types\/post"}],"author":[{"embeddable":true,"href":"https:\/\/www.hoymercedes.com.ar\/principal\/wp-json\/wp\/v2\/users\/1"}],"replies":[{"embeddable":true,"href":"https:\/\/www.hoymercedes.com.ar\/principal\/wp-json\/wp\/v2\/comments?post=120546"}],"version-history":[{"count":0,"href":"https:\/\/www.hoymercedes.com.ar\/principal\/wp-json\/wp\/v2\/posts\/120546\/revisions"}],"wp:featuredmedia":[{"embeddable":true,"href":"https:\/\/www.hoymercedes.com.ar\/principal\/wp-json\/wp\/v2\/media\/120547"}],"wp:attachment":[{"href":"https:\/\/www.hoymercedes.com.ar\/principal\/wp-json\/wp\/v2\/media?parent=120546"}],"wp:term":[{"taxonomy":"category","embeddable":true,"href":"https:\/\/www.hoymercedes.com.ar\/principal\/wp-json\/wp\/v2\/categories?post=120546"},{"taxonomy":"post_tag","embeddable":true,"href":"https:\/\/www.hoymercedes.com.ar\/principal\/wp-json\/wp\/v2\/tags?post=120546"}],"curies":[{"name":"wp","href":"https:\/\/api.w.org\/{rel}","templated":true}]}}