{"id":120563,"date":"2020-11-21T15:13:01","date_gmt":"2020-11-21T18:13:01","guid":{"rendered":"http:\/\/www.hoymercedes.com.ar\/principal\/?p=120563"},"modified":"2020-11-21T15:51:50","modified_gmt":"2020-11-21T18:51:50","slug":"celebraron-el-dia-de-la-enfermeria-en-el-hospital-dubarry","status":"publish","type":"post","link":"https:\/\/www.hoymercedes.com.ar\/principal\/2020\/11\/21\/celebraron-el-dia-de-la-enfermeria-en-el-hospital-dubarry\/","title":{"rendered":"Celebraron el D\u00eda de la Enfermer\u00eda en el Hospital Dubarry"},"content":{"rendered":"\n<p><em>Reconocieron a los trabajadores que se jubilaron a lo largo del a\u00f1o: Daniel Bandoni (M\u00e9dico Cirujano y ex Director del Hospital); <em>Maximo Caironi (Enfermero); Laura MIraglia (Instrumentadora quir\u00fargica y jefa de quir\u00f3fano);<\/em><\/em> <em>Ana Telenta (M\u00e9dica Terapista); Susana Martinez (Administrativa); Silvia Corrado (Administrativa); Leonor Pinilla (Enfermera); Aldo Almir\u00f3n (Enfermero), Patricia Lutteral (Enfermera) y Dami\u00e1n Hollman (Enfermero). Aprovecharon a inaugurar formalmente el mural que destaca la labor de los trabajadores de la salud que realiz\u00f3 Jorge Blanco con la colaboraci\u00f3n del gremio ATE.<\/em> <em>El Director Pablo Cassiani salud\u00f3 a los profesionales que trabajan en el Hospital, los agradeci\u00f3 destacando el acompa\u00f1amiento en un a\u00f1o marcado por la pandemia y anunci\u00f3 que reactivar\u00e1n la Escuela de Enfermer\u00eda.<\/em><\/p>\n\n\n\n<div class=\"wp-block-jetpack-slideshow aligncenter\" data-effect=\"fade\"><div class=\"wp-block-jetpack-slideshow_container swiper-container\"><ul class=\"wp-block-jetpack-slideshow_swiper-wrapper swiper-wrapper\"><li class=\"wp-block-jetpack-slideshow_slide swiper-slide\"><figure><img loading=\"lazy\" decoding=\"async\" width=\"800\" height=\"600\" alt=\"\" class=\"wp-block-jetpack-slideshow_image wp-image-120568\" data-id=\"120568\" src=\"https:\/\/www.hoymercedes.com.ar\/principal\/wp-content\/uploads\/2020\/11\/21-Enfermeria-hospital-00-1.jpg\" srcset=\"https:\/\/www.hoymercedes.com.ar\/principal\/wp-content\/uploads\/2020\/11\/21-Enfermeria-hospital-00-1.jpg 800w, https:\/\/www.hoymercedes.com.ar\/principal\/wp-content\/uploads\/2020\/11\/21-Enfermeria-hospital-00-1-630x473.jpg 630w, https:\/\/www.hoymercedes.com.ar\/principal\/wp-content\/uploads\/2020\/11\/21-Enfermeria-hospital-00-1-150x113.jpg 150w\" sizes=\"(max-width: 800px) 100vw, 800px\" \/><\/figure><\/li><li class=\"wp-block-jetpack-slideshow_slide swiper-slide\"><figure><img loading=\"lazy\" decoding=\"async\" width=\"800\" height=\"533\" alt=\"\" class=\"wp-block-jetpack-slideshow_image wp-image-120570\" data-id=\"120570\" src=\"https:\/\/www.hoymercedes.com.ar\/principal\/wp-content\/uploads\/2020\/11\/21-Enfermeria-hospital-02.jpg\" srcset=\"https:\/\/www.hoymercedes.com.ar\/principal\/wp-content\/uploads\/2020\/11\/21-Enfermeria-hospital-02.jpg 800w, https:\/\/www.hoymercedes.com.ar\/principal\/wp-content\/uploads\/2020\/11\/21-Enfermeria-hospital-02-630x420.jpg 630w, https:\/\/www.hoymercedes.com.ar\/principal\/wp-content\/uploads\/2020\/11\/21-Enfermeria-hospital-02-150x100.jpg 150w, https:\/\/www.hoymercedes.com.ar\/principal\/wp-content\/uploads\/2020\/11\/21-Enfermeria-hospital-02-700x465.jpg 700w\" sizes=\"(max-width: 800px) 100vw, 800px\" \/><\/figure><\/li><li class=\"wp-block-jetpack-slideshow_slide swiper-slide\"><figure><img loading=\"lazy\" decoding=\"async\" width=\"800\" height=\"533\" alt=\"\" class=\"wp-block-jetpack-slideshow_image wp-image-120571\" data-id=\"120571\" src=\"https:\/\/www.hoymercedes.com.ar\/principal\/wp-content\/uploads\/2020\/11\/21-Enfermeria-hospital-03.jpg\" srcset=\"https:\/\/www.hoymercedes.com.ar\/principal\/wp-content\/uploads\/2020\/11\/21-Enfermeria-hospital-03.jpg 800w, https:\/\/www.hoymercedes.com.ar\/principal\/wp-content\/uploads\/2020\/11\/21-Enfermeria-hospital-03-630x420.jpg 630w, https:\/\/www.hoymercedes.com.ar\/principal\/wp-content\/uploads\/2020\/11\/21-Enfermeria-hospital-03-150x100.jpg 150w, https:\/\/www.hoymercedes.com.ar\/principal\/wp-content\/uploads\/2020\/11\/21-Enfermeria-hospital-03-700x465.jpg 700w\" sizes=\"(max-width: 800px) 100vw, 800px\" \/><\/figure><\/li><li class=\"wp-block-jetpack-slideshow_slide swiper-slide\"><figure><img loading=\"lazy\" decoding=\"async\" width=\"800\" height=\"533\" alt=\"\" class=\"wp-block-jetpack-slideshow_image wp-image-120572\" data-id=\"120572\" src=\"https:\/\/www.hoymercedes.com.ar\/principal\/wp-content\/uploads\/2020\/11\/21-Enfermeria-hospital-04.jpg\" srcset=\"https:\/\/www.hoymercedes.com.ar\/principal\/wp-content\/uploads\/2020\/11\/21-Enfermeria-hospital-04.jpg 800w, https:\/\/www.hoymercedes.com.ar\/principal\/wp-content\/uploads\/2020\/11\/21-Enfermeria-hospital-04-630x420.jpg 630w, https:\/\/www.hoymercedes.com.ar\/principal\/wp-content\/uploads\/2020\/11\/21-Enfermeria-hospital-04-150x100.jpg 150w, https:\/\/www.hoymercedes.com.ar\/principal\/wp-content\/uploads\/2020\/11\/21-Enfermeria-hospital-04-700x465.jpg 700w\" sizes=\"(max-width: 800px) 100vw, 800px\" \/><\/figure><\/li><li class=\"wp-block-jetpack-slideshow_slide swiper-slide\"><figure><img loading=\"lazy\" decoding=\"async\" width=\"800\" height=\"533\" alt=\"\" class=\"wp-block-jetpack-slideshow_image wp-image-120573\" data-id=\"120573\" src=\"https:\/\/www.hoymercedes.com.ar\/principal\/wp-content\/uploads\/2020\/11\/21-Enfermeria-hospital-05.jpg\" srcset=\"https:\/\/www.hoymercedes.com.ar\/principal\/wp-content\/uploads\/2020\/11\/21-Enfermeria-hospital-05.jpg 800w, https:\/\/www.hoymercedes.com.ar\/principal\/wp-content\/uploads\/2020\/11\/21-Enfermeria-hospital-05-630x420.jpg 630w, https:\/\/www.hoymercedes.com.ar\/principal\/wp-content\/uploads\/2020\/11\/21-Enfermeria-hospital-05-150x100.jpg 150w, https:\/\/www.hoymercedes.com.ar\/principal\/wp-content\/uploads\/2020\/11\/21-Enfermeria-hospital-05-700x465.jpg 700w\" sizes=\"(max-width: 800px) 100vw, 800px\" \/><\/figure><\/li><li class=\"wp-block-jetpack-slideshow_slide swiper-slide\"><figure><img loading=\"lazy\" decoding=\"async\" width=\"800\" height=\"533\" alt=\"\" class=\"wp-block-jetpack-slideshow_image wp-image-120569\" data-id=\"120569\" src=\"https:\/\/www.hoymercedes.com.ar\/principal\/wp-content\/uploads\/2020\/11\/21-Enfermeria-hospital-01.jpg\" srcset=\"https:\/\/www.hoymercedes.com.ar\/principal\/wp-content\/uploads\/2020\/11\/21-Enfermeria-hospital-01.jpg 800w, https:\/\/www.hoymercedes.com.ar\/principal\/wp-content\/uploads\/2020\/11\/21-Enfermeria-hospital-01-630x420.jpg 630w, https:\/\/www.hoymercedes.com.ar\/principal\/wp-content\/uploads\/2020\/11\/21-Enfermeria-hospital-01-150x100.jpg 150w, https:\/\/www.hoymercedes.com.ar\/principal\/wp-content\/uploads\/2020\/11\/21-Enfermeria-hospital-01-700x465.jpg 700w\" sizes=\"(max-width: 800px) 100vw, 800px\" \/><\/figure><\/li><li class=\"wp-block-jetpack-slideshow_slide swiper-slide\"><figure><img loading=\"lazy\" decoding=\"async\" width=\"800\" height=\"533\" alt=\"\" class=\"wp-block-jetpack-slideshow_image wp-image-120574\" data-id=\"120574\" src=\"https:\/\/www.hoymercedes.com.ar\/principal\/wp-content\/uploads\/2020\/11\/21-Enfermeria-hospital-06.jpg\" srcset=\"https:\/\/www.hoymercedes.com.ar\/principal\/wp-content\/uploads\/2020\/11\/21-Enfermeria-hospital-06.jpg 800w, https:\/\/www.hoymercedes.com.ar\/principal\/wp-content\/uploads\/2020\/11\/21-Enfermeria-hospital-06-630x420.jpg 630w, https:\/\/www.hoymercedes.com.ar\/principal\/wp-content\/uploads\/2020\/11\/21-Enfermeria-hospital-06-150x100.jpg 150w, https:\/\/www.hoymercedes.com.ar\/principal\/wp-content\/uploads\/2020\/11\/21-Enfermeria-hospital-06-700x465.jpg 700w\" sizes=\"(max-width: 800px) 100vw, 800px\" \/><\/figure><\/li><li class=\"wp-block-jetpack-slideshow_slide swiper-slide\"><figure><img loading=\"lazy\" decoding=\"async\" width=\"800\" height=\"534\" alt=\"\" class=\"wp-block-jetpack-slideshow_image wp-image-120575\" data-id=\"120575\" src=\"https:\/\/www.hoymercedes.com.ar\/principal\/wp-content\/uploads\/2020\/11\/21-Enfermeria-hospital-07.jpg\" srcset=\"https:\/\/www.hoymercedes.com.ar\/principal\/wp-content\/uploads\/2020\/11\/21-Enfermeria-hospital-07.jpg 800w, https:\/\/www.hoymercedes.com.ar\/principal\/wp-content\/uploads\/2020\/11\/21-Enfermeria-hospital-07-630x421.jpg 630w, https:\/\/www.hoymercedes.com.ar\/principal\/wp-content\/uploads\/2020\/11\/21-Enfermeria-hospital-07-150x100.jpg 150w\" sizes=\"(max-width: 800px) 100vw, 800px\" \/><\/figure><\/li><li class=\"wp-block-jetpack-slideshow_slide swiper-slide\"><figure><img loading=\"lazy\" decoding=\"async\" width=\"800\" height=\"533\" alt=\"\" class=\"wp-block-jetpack-slideshow_image wp-image-120576\" data-id=\"120576\" src=\"https:\/\/www.hoymercedes.com.ar\/principal\/wp-content\/uploads\/2020\/11\/21-Enfermeria-hospital-08.jpg\" srcset=\"https:\/\/www.hoymercedes.com.ar\/principal\/wp-content\/uploads\/2020\/11\/21-Enfermeria-hospital-08.jpg 800w, https:\/\/www.hoymercedes.com.ar\/principal\/wp-content\/uploads\/2020\/11\/21-Enfermeria-hospital-08-630x420.jpg 630w, https:\/\/www.hoymercedes.com.ar\/principal\/wp-content\/uploads\/2020\/11\/21-Enfermeria-hospital-08-150x100.jpg 150w, https:\/\/www.hoymercedes.com.ar\/principal\/wp-content\/uploads\/2020\/11\/21-Enfermeria-hospital-08-700x465.jpg 700w\" sizes=\"(max-width: 800px) 100vw, 800px\" \/><\/figure><\/li><li class=\"wp-block-jetpack-slideshow_slide swiper-slide\"><figure><img loading=\"lazy\" decoding=\"async\" width=\"800\" height=\"533\" alt=\"\" class=\"wp-block-jetpack-slideshow_image wp-image-120577\" data-id=\"120577\" src=\"https:\/\/www.hoymercedes.com.ar\/principal\/wp-content\/uploads\/2020\/11\/21-Enfermeria-hospital-09.jpg\" srcset=\"https:\/\/www.hoymercedes.com.ar\/principal\/wp-content\/uploads\/2020\/11\/21-Enfermeria-hospital-09.jpg 800w, https:\/\/www.hoymercedes.com.ar\/principal\/wp-content\/uploads\/2020\/11\/21-Enfermeria-hospital-09-630x420.jpg 630w, https:\/\/www.hoymercedes.com.ar\/principal\/wp-content\/uploads\/2020\/11\/21-Enfermeria-hospital-09-150x100.jpg 150w, https:\/\/www.hoymercedes.com.ar\/principal\/wp-content\/uploads\/2020\/11\/21-Enfermeria-hospital-09-700x465.jpg 700w\" sizes=\"(max-width: 800px) 100vw, 800px\" \/><\/figure><\/li><li class=\"wp-block-jetpack-slideshow_slide swiper-slide\"><figure><img loading=\"lazy\" decoding=\"async\" width=\"800\" height=\"533\" alt=\"\" class=\"wp-block-jetpack-slideshow_image wp-image-120578\" data-id=\"120578\" src=\"https:\/\/www.hoymercedes.com.ar\/principal\/wp-content\/uploads\/2020\/11\/21-Enfermeria-hospital-10.jpg\" srcset=\"https:\/\/www.hoymercedes.com.ar\/principal\/wp-content\/uploads\/2020\/11\/21-Enfermeria-hospital-10.jpg 800w, https:\/\/www.hoymercedes.com.ar\/principal\/wp-content\/uploads\/2020\/11\/21-Enfermeria-hospital-10-630x420.jpg 630w, https:\/\/www.hoymercedes.com.ar\/principal\/wp-content\/uploads\/2020\/11\/21-Enfermeria-hospital-10-150x100.jpg 150w, https:\/\/www.hoymercedes.com.ar\/principal\/wp-content\/uploads\/2020\/11\/21-Enfermeria-hospital-10-700x465.jpg 700w\" sizes=\"(max-width: 800px) 100vw, 800px\" \/><\/figure><\/li><li class=\"wp-block-jetpack-slideshow_slide swiper-slide\"><figure><img loading=\"lazy\" decoding=\"async\" width=\"800\" height=\"533\" alt=\"\" class=\"wp-block-jetpack-slideshow_image wp-image-120579\" data-id=\"120579\" src=\"https:\/\/www.hoymercedes.com.ar\/principal\/wp-content\/uploads\/2020\/11\/21-Enfermeria-hospital-11.jpg\" srcset=\"https:\/\/www.hoymercedes.com.ar\/principal\/wp-content\/uploads\/2020\/11\/21-Enfermeria-hospital-11.jpg 800w, https:\/\/www.hoymercedes.com.ar\/principal\/wp-content\/uploads\/2020\/11\/21-Enfermeria-hospital-11-630x420.jpg 630w, https:\/\/www.hoymercedes.com.ar\/principal\/wp-content\/uploads\/2020\/11\/21-Enfermeria-hospital-11-150x100.jpg 150w, https:\/\/www.hoymercedes.com.ar\/principal\/wp-content\/uploads\/2020\/11\/21-Enfermeria-hospital-11-700x465.jpg 700w\" sizes=\"(max-width: 800px) 100vw, 800px\" \/><\/figure><\/li><li class=\"wp-block-jetpack-slideshow_slide swiper-slide\"><figure><img loading=\"lazy\" decoding=\"async\" width=\"800\" height=\"533\" alt=\"\" class=\"wp-block-jetpack-slideshow_image wp-image-120580\" data-id=\"120580\" src=\"https:\/\/www.hoymercedes.com.ar\/principal\/wp-content\/uploads\/2020\/11\/21-Enfermeria-hospital-12.jpg\" srcset=\"https:\/\/www.hoymercedes.com.ar\/principal\/wp-content\/uploads\/2020\/11\/21-Enfermeria-hospital-12.jpg 800w, https:\/\/www.hoymercedes.com.ar\/principal\/wp-content\/uploads\/2020\/11\/21-Enfermeria-hospital-12-630x420.jpg 630w, https:\/\/www.hoymercedes.com.ar\/principal\/wp-content\/uploads\/2020\/11\/21-Enfermeria-hospital-12-150x100.jpg 150w, https:\/\/www.hoymercedes.com.ar\/principal\/wp-content\/uploads\/2020\/11\/21-Enfermeria-hospital-12-700x465.jpg 700w\" sizes=\"(max-width: 800px) 100vw, 800px\" \/><\/figure><\/li><li class=\"wp-block-jetpack-slideshow_slide swiper-slide\"><figure><img loading=\"lazy\" decoding=\"async\" width=\"800\" height=\"533\" alt=\"\" class=\"wp-block-jetpack-slideshow_image wp-image-120581\" data-id=\"120581\" src=\"https:\/\/www.hoymercedes.com.ar\/principal\/wp-content\/uploads\/2020\/11\/21-Enfermeria-hospital-13.jpg\" srcset=\"https:\/\/www.hoymercedes.com.ar\/principal\/wp-content\/uploads\/2020\/11\/21-Enfermeria-hospital-13.jpg 800w, https:\/\/www.hoymercedes.com.ar\/principal\/wp-content\/uploads\/2020\/11\/21-Enfermeria-hospital-13-630x420.jpg 630w, https:\/\/www.hoymercedes.com.ar\/principal\/wp-content\/uploads\/2020\/11\/21-Enfermeria-hospital-13-150x100.jpg 150w, https:\/\/www.hoymercedes.com.ar\/principal\/wp-content\/uploads\/2020\/11\/21-Enfermeria-hospital-13-700x465.jpg 700w\" sizes=\"(max-width: 800px) 100vw, 800px\" \/><\/figure><\/li><li class=\"wp-block-jetpack-slideshow_slide swiper-slide\"><figure><img loading=\"lazy\" decoding=\"async\" width=\"800\" height=\"533\" alt=\"\" class=\"wp-block-jetpack-slideshow_image wp-image-120582\" data-id=\"120582\" src=\"https:\/\/www.hoymercedes.com.ar\/principal\/wp-content\/uploads\/2020\/11\/21-Enfermeria-hospital-14.jpg\" srcset=\"https:\/\/www.hoymercedes.com.ar\/principal\/wp-content\/uploads\/2020\/11\/21-Enfermeria-hospital-14.jpg 800w, https:\/\/www.hoymercedes.com.ar\/principal\/wp-content\/uploads\/2020\/11\/21-Enfermeria-hospital-14-630x420.jpg 630w, https:\/\/www.hoymercedes.com.ar\/principal\/wp-content\/uploads\/2020\/11\/21-Enfermeria-hospital-14-150x100.jpg 150w, https:\/\/www.hoymercedes.com.ar\/principal\/wp-content\/uploads\/2020\/11\/21-Enfermeria-hospital-14-700x465.jpg 700w\" sizes=\"(max-width: 800px) 100vw, 800px\" \/><\/figure><\/li><li class=\"wp-block-jetpack-slideshow_slide swiper-slide\"><figure><img loading=\"lazy\" decoding=\"async\" width=\"800\" height=\"534\" alt=\"\" class=\"wp-block-jetpack-slideshow_image wp-image-120585\" data-id=\"120585\" src=\"https:\/\/www.hoymercedes.com.ar\/principal\/wp-content\/uploads\/2020\/11\/21-Enfermeria-hospital-15.jpg\" srcset=\"https:\/\/www.hoymercedes.com.ar\/principal\/wp-content\/uploads\/2020\/11\/21-Enfermeria-hospital-15.jpg 800w, https:\/\/www.hoymercedes.com.ar\/principal\/wp-content\/uploads\/2020\/11\/21-Enfermeria-hospital-15-630x421.jpg 630w, https:\/\/www.hoymercedes.com.ar\/principal\/wp-content\/uploads\/2020\/11\/21-Enfermeria-hospital-15-150x100.jpg 150w\" sizes=\"(max-width: 800px) 100vw, 800px\" \/><\/figure><\/li><li class=\"wp-block-jetpack-slideshow_slide swiper-slide\"><figure><img loading=\"lazy\" decoding=\"async\" width=\"800\" height=\"533\" alt=\"\" class=\"wp-block-jetpack-slideshow_image wp-image-120586\" data-id=\"120586\" src=\"https:\/\/www.hoymercedes.com.ar\/principal\/wp-content\/uploads\/2020\/11\/21-Enfermeria-hospital-16.jpg\" srcset=\"https:\/\/www.hoymercedes.com.ar\/principal\/wp-content\/uploads\/2020\/11\/21-Enfermeria-hospital-16.jpg 800w, https:\/\/www.hoymercedes.com.ar\/principal\/wp-content\/uploads\/2020\/11\/21-Enfermeria-hospital-16-630x420.jpg 630w, https:\/\/www.hoymercedes.com.ar\/principal\/wp-content\/uploads\/2020\/11\/21-Enfermeria-hospital-16-150x100.jpg 150w, https:\/\/www.hoymercedes.com.ar\/principal\/wp-content\/uploads\/2020\/11\/21-Enfermeria-hospital-16-700x465.jpg 700w\" sizes=\"(max-width: 800px) 100vw, 800px\" \/><\/figure><\/li><li class=\"wp-block-jetpack-slideshow_slide swiper-slide\"><figure><img loading=\"lazy\" decoding=\"async\" width=\"800\" height=\"533\" alt=\"\" class=\"wp-block-jetpack-slideshow_image wp-image-120587\" data-id=\"120587\" src=\"https:\/\/www.hoymercedes.com.ar\/principal\/wp-content\/uploads\/2020\/11\/21-Enfermeria-hospital-17.jpg\" srcset=\"https:\/\/www.hoymercedes.com.ar\/principal\/wp-content\/uploads\/2020\/11\/21-Enfermeria-hospital-17.jpg 800w, https:\/\/www.hoymercedes.com.ar\/principal\/wp-content\/uploads\/2020\/11\/21-Enfermeria-hospital-17-630x420.jpg 630w, https:\/\/www.hoymercedes.com.ar\/principal\/wp-content\/uploads\/2020\/11\/21-Enfermeria-hospital-17-150x100.jpg 150w, https:\/\/www.hoymercedes.com.ar\/principal\/wp-content\/uploads\/2020\/11\/21-Enfermeria-hospital-17-700x465.jpg 700w\" sizes=\"(max-width: 800px) 100vw, 800px\" \/><\/figure><\/li><li class=\"wp-block-jetpack-slideshow_slide swiper-slide\"><figure><img loading=\"lazy\" decoding=\"async\" width=\"800\" height=\"533\" alt=\"\" class=\"wp-block-jetpack-slideshow_image wp-image-120588\" data-id=\"120588\" src=\"https:\/\/www.hoymercedes.com.ar\/principal\/wp-content\/uploads\/2020\/11\/21-Enfermeria-hospital-18.jpg\" srcset=\"https:\/\/www.hoymercedes.com.ar\/principal\/wp-content\/uploads\/2020\/11\/21-Enfermeria-hospital-18.jpg 800w, https:\/\/www.hoymercedes.com.ar\/principal\/wp-content\/uploads\/2020\/11\/21-Enfermeria-hospital-18-630x420.jpg 630w, https:\/\/www.hoymercedes.com.ar\/principal\/wp-content\/uploads\/2020\/11\/21-Enfermeria-hospital-18-150x100.jpg 150w, https:\/\/www.hoymercedes.com.ar\/principal\/wp-content\/uploads\/2020\/11\/21-Enfermeria-hospital-18-700x465.jpg 700w\" sizes=\"(max-width: 800px) 100vw, 800px\" \/><\/figure><\/li><li class=\"wp-block-jetpack-slideshow_slide swiper-slide\"><figure><img loading=\"lazy\" decoding=\"async\" width=\"800\" height=\"533\" alt=\"\" class=\"wp-block-jetpack-slideshow_image wp-image-120589\" data-id=\"120589\" src=\"https:\/\/www.hoymercedes.com.ar\/principal\/wp-content\/uploads\/2020\/11\/21-Enfermeria-hospital-19.jpg\" srcset=\"https:\/\/www.hoymercedes.com.ar\/principal\/wp-content\/uploads\/2020\/11\/21-Enfermeria-hospital-19.jpg 800w, https:\/\/www.hoymercedes.com.ar\/principal\/wp-content\/uploads\/2020\/11\/21-Enfermeria-hospital-19-630x420.jpg 630w, https:\/\/www.hoymercedes.com.ar\/principal\/wp-content\/uploads\/2020\/11\/21-Enfermeria-hospital-19-150x100.jpg 150w, https:\/\/www.hoymercedes.com.ar\/principal\/wp-content\/uploads\/2020\/11\/21-Enfermeria-hospital-19-700x465.jpg 700w\" sizes=\"(max-width: 800px) 100vw, 800px\" \/><\/figure><\/li><li class=\"wp-block-jetpack-slideshow_slide swiper-slide\"><figure><img loading=\"lazy\" decoding=\"async\" width=\"800\" height=\"533\" alt=\"\" class=\"wp-block-jetpack-slideshow_image wp-image-120590\" data-id=\"120590\" src=\"https:\/\/www.hoymercedes.com.ar\/principal\/wp-content\/uploads\/2020\/11\/21-Enfermeria-hospital-20.jpg\" srcset=\"https:\/\/www.hoymercedes.com.ar\/principal\/wp-content\/uploads\/2020\/11\/21-Enfermeria-hospital-20.jpg 800w, https:\/\/www.hoymercedes.com.ar\/principal\/wp-content\/uploads\/2020\/11\/21-Enfermeria-hospital-20-630x420.jpg 630w, https:\/\/www.hoymercedes.com.ar\/principal\/wp-content\/uploads\/2020\/11\/21-Enfermeria-hospital-20-150x100.jpg 150w, https:\/\/www.hoymercedes.com.ar\/principal\/wp-content\/uploads\/2020\/11\/21-Enfermeria-hospital-20-700x465.jpg 700w\" sizes=\"(max-width: 800px) 100vw, 800px\" \/><\/figure><\/li><li class=\"wp-block-jetpack-slideshow_slide swiper-slide\"><figure><img loading=\"lazy\" decoding=\"async\" width=\"800\" height=\"533\" alt=\"\" class=\"wp-block-jetpack-slideshow_image wp-image-120591\" data-id=\"120591\" src=\"https:\/\/www.hoymercedes.com.ar\/principal\/wp-content\/uploads\/2020\/11\/21-Enfermeria-hospital-21.jpg\" srcset=\"https:\/\/www.hoymercedes.com.ar\/principal\/wp-content\/uploads\/2020\/11\/21-Enfermeria-hospital-21.jpg 800w, https:\/\/www.hoymercedes.com.ar\/principal\/wp-content\/uploads\/2020\/11\/21-Enfermeria-hospital-21-630x420.jpg 630w, https:\/\/www.hoymercedes.com.ar\/principal\/wp-content\/uploads\/2020\/11\/21-Enfermeria-hospital-21-150x100.jpg 150w, https:\/\/www.hoymercedes.com.ar\/principal\/wp-content\/uploads\/2020\/11\/21-Enfermeria-hospital-21-700x465.jpg 700w\" sizes=\"(max-width: 800px) 100vw, 800px\" \/><\/figure><\/li><li class=\"wp-block-jetpack-slideshow_slide swiper-slide\"><figure><img loading=\"lazy\" decoding=\"async\" width=\"800\" height=\"533\" alt=\"\" class=\"wp-block-jetpack-slideshow_image wp-image-120592\" data-id=\"120592\" src=\"https:\/\/www.hoymercedes.com.ar\/principal\/wp-content\/uploads\/2020\/11\/21-Enfermeria-hospital-22.jpg\" srcset=\"https:\/\/www.hoymercedes.com.ar\/principal\/wp-content\/uploads\/2020\/11\/21-Enfermeria-hospital-22.jpg 800w, https:\/\/www.hoymercedes.com.ar\/principal\/wp-content\/uploads\/2020\/11\/21-Enfermeria-hospital-22-630x420.jpg 630w, https:\/\/www.hoymercedes.com.ar\/principal\/wp-content\/uploads\/2020\/11\/21-Enfermeria-hospital-22-150x100.jpg 150w, https:\/\/www.hoymercedes.com.ar\/principal\/wp-content\/uploads\/2020\/11\/21-Enfermeria-hospital-22-700x465.jpg 700w\" sizes=\"(max-width: 800px) 100vw, 800px\" \/><\/figure><\/li><li class=\"wp-block-jetpack-slideshow_slide swiper-slide\"><figure><img loading=\"lazy\" decoding=\"async\" width=\"800\" height=\"533\" alt=\"\" class=\"wp-block-jetpack-slideshow_image wp-image-120593\" data-id=\"120593\" src=\"https:\/\/www.hoymercedes.com.ar\/principal\/wp-content\/uploads\/2020\/11\/21-Enfermeria-hospital-23.jpg\" srcset=\"https:\/\/www.hoymercedes.com.ar\/principal\/wp-content\/uploads\/2020\/11\/21-Enfermeria-hospital-23.jpg 800w, https:\/\/www.hoymercedes.com.ar\/principal\/wp-content\/uploads\/2020\/11\/21-Enfermeria-hospital-23-630x420.jpg 630w, https:\/\/www.hoymercedes.com.ar\/principal\/wp-content\/uploads\/2020\/11\/21-Enfermeria-hospital-23-150x100.jpg 150w, https:\/\/www.hoymercedes.com.ar\/principal\/wp-content\/uploads\/2020\/11\/21-Enfermeria-hospital-23-700x465.jpg 700w\" sizes=\"(max-width: 800px) 100vw, 800px\" \/><\/figure><\/li><li class=\"wp-block-jetpack-slideshow_slide swiper-slide\"><figure><img loading=\"lazy\" decoding=\"async\" width=\"800\" height=\"533\" alt=\"\" class=\"wp-block-jetpack-slideshow_image wp-image-120594\" data-id=\"120594\" src=\"https:\/\/www.hoymercedes.com.ar\/principal\/wp-content\/uploads\/2020\/11\/21-Enfermeria-hospital-24.jpg\" srcset=\"https:\/\/www.hoymercedes.com.ar\/principal\/wp-content\/uploads\/2020\/11\/21-Enfermeria-hospital-24.jpg 800w, https:\/\/www.hoymercedes.com.ar\/principal\/wp-content\/uploads\/2020\/11\/21-Enfermeria-hospital-24-630x420.jpg 630w, https:\/\/www.hoymercedes.com.ar\/principal\/wp-content\/uploads\/2020\/11\/21-Enfermeria-hospital-24-150x100.jpg 150w, https:\/\/www.hoymercedes.com.ar\/principal\/wp-content\/uploads\/2020\/11\/21-Enfermeria-hospital-24-700x465.jpg 700w\" sizes=\"(max-width: 800px) 100vw, 800px\" \/><\/figure><\/li><\/ul><a class=\"wp-block-jetpack-slideshow_button-prev swiper-button-prev swiper-button-white\" role=\"button\"><\/a><a class=\"wp-block-jetpack-slideshow_button-next swiper-button-next swiper-button-white\" role=\"button\"><\/a><a aria-label=\"Pause Slideshow\" class=\"wp-block-jetpack-slideshow_button-pause\" role=\"button\"><\/a><div class=\"wp-block-jetpack-slideshow_pagination swiper-pagination swiper-pagination-white\"><\/div><\/div><\/div>\n\n\n\n<p>En la ma\u00f1ana de este s\u00e1bado 21 de noviembre, D\u00eda de la Enfermer\u00eda, el Hospital Blas L. Dubarry aprovech\u00f3 la oportunidad para celebrar y reconocer a los trabajadores de la salud del nosocomio de calle 12. En las afueras del centro de salud provincial, se dieron cita autoridades sanitarias, comunales y sindicales vinculadas al \u00e1rea.<\/p>\n\n\n\n<p>El acto tuvo de punto inicial la celebraci\u00f3n del D\u00eda de la Enfermer\u00eda, fecha impuesta para recordar y homenajear la fundaci\u00f3n de la Federaci\u00f3n de Asociaciones de Profesionales Cat\u00f3licas de Enfermer\u00eda, que nombr\u00f3 como patrona a la Virgen de los remedios, cuya festividad es en esta fecha.<\/p>\n\n\n\n<p>Las palabras iniciales fueron para agradecer al gremio ATE representados en el Hospital por Fernando Bojorge por la iniciativa del mural que el artista pl\u00e1stico Jorge Blanco realiz\u00f3 en el hall de entrada. Una dibujo en altura que sintetiza el trabajo de los profesionales de la salud en \u00e9pocas de pandemia. Bojorge y Blanco dirigieron unas palabras de agradecimiento y saludaron a los trabajadores en enfermer\u00eda.<\/p>\n\n\n\n<p>La Direcci\u00f3n del Hospital que encabeza el m\u00e9dico Pablo Cassiani junto a sus adjuntos los m\u00e9dicos Gustavo Robles y Silvina Sukich, aprovecharon el acto para entregar reconocimiento a los profesionales y trabajadores del Dubarry que se jubilan, aunque algunos continuar\u00e1n como asesores o en proyectos concretos de formaci\u00f3n a otros profesionales.<\/p>\n\n\n\n<p>Es as\u00ed que le entregaron diferentes regalos a <strong>M\u00e1ximo Caironi<\/strong> (enfermero con 36 a\u00f1os de servicio); <strong>Laura MIraglia<\/strong> (instrumentadora quir\u00fargica y jefa de quir\u00f3fano con 37 a\u00f1os de servicio); <strong>Daniel Bandoni<\/strong>, (m\u00e9dico cirujano, ex Director del Hospital con 35 a\u00f1os de trabajo en el nosocomio); <strong>Ana Telenta<\/strong> (m\u00e9dica terapista con 26 a\u00f1os de servicio); <strong>Susana Martinez <\/strong>(administrativa con 26 a\u00f1os de servicio); <strong>Silvia Corrado<\/strong> (administrativa con 41 a\u00f1os de servicio); <strong>Leonor Pinilla<\/strong>, (enfermera con 39 a\u00f1os de servicio); <strong>Aldo Almiron<\/strong> (enfermero con 29 a\u00f1os de servicio), <strong>Damian Hollman<\/strong> (enfermero con 32 a\u00f1os de servicio) y <strong>Patricia Lutteral<\/strong> (enfermera con 29 a\u00f1os de servicio)<\/p>\n\n\n\n<p>Cada uno fue pasando a medida que era convocado y otro colega en nombre del Dubarry entreg\u00f3 el reconocimiento, adem\u00e1s de aprovechar el saludo y las fotos de familias y m\u00e1s profesionales.&nbsp; El cirujano y ex Director del Hospital,&nbsp; Dr. Bandoni, dirigi\u00f3 unas palabras agradeciendo el cari\u00f1o y trabajo de los profesionales destacando a la m\u00e9dica Mariana Ceriotto y a la trabajadora social Liliana Gil que lo acompa\u00f1aron en los a\u00f1os de gesti\u00f3n que terminaron en febrero pasado, y aprovech\u00f3 a desearle a la nueva direcci\u00f3n un gran desempe\u00f1o para brindar un mayor y mejor servicio de salud.<\/p>\n\n\n\n<p>Quien tambi\u00e9n tom\u00f3 la palabra fue la enfermera Leonor Pinilla que tambi\u00e9n agradeci\u00f3 a sus compa\u00f1eros que a lo largo de los a\u00f1os de servicio. Seguidamente, Oscar Isasi, camillero del Hospital de La Plata que ahora encabeza el gremio ATE de la provincia de Buenos Aires; para darle paso a las palabras de cierre del Intendente Municipal Juan Ignacio Ustarroz y del Director Ejecutivo Pablo Cassiani que anunci\u00f3 una nueva etapa para la Escuela de Enfermer\u00eda para el pr\u00f3ximo a\u00f1o.<\/p>\n\n\n\n<p>Por Clarisa Altieri<\/p>\n","protected":false},"excerpt":{"rendered":"<p>Reconocieron a los trabajadores que se jubilaron a lo largo del a\u00f1o: Daniel Bandoni (M\u00e9dico Cirujano y ex Director del &#8230; <a title=\"Celebraron el D\u00eda de la Enfermer\u00eda en el Hospital Dubarry\" class=\"read-more\" href=\"https:\/\/www.hoymercedes.com.ar\/principal\/2020\/11\/21\/celebraron-el-dia-de-la-enfermeria-en-el-hospital-dubarry\/\" aria-label=\"Leer m\u00e1s sobre Celebraron el D\u00eda de la Enfermer\u00eda en el Hospital Dubarry\">Leer m\u00e1s<\/a><\/p>\n","protected":false},"author":1,"featured_media":120566,"comment_status":"closed","ping_status":"open","sticky":false,"template":"","format":"standard","meta":{"_monsterinsights_skip_tracking":false,"_monsterinsights_sitenote_active":false,"_monsterinsights_sitenote_note":"","_monsterinsights_sitenote_category":0,"jetpack_post_was_ever_published":false,"_jetpack_newsletter_access":"","_jetpack_dont_email_post_to_subs":false,"_jetpack_newsletter_tier_id":0,"_jetpack_memberships_contains_paywalled_content":false,"_jetpack_memberships_contains_paid_content":false,"footnotes":"","jetpack_publicize_message":"","jetpack_publicize_feature_enabled":true,"jetpack_social_post_already_shared":true,"jetpack_social_options":{"image_generator_settings":{"template":"highway","default_image_id":0,"font":"","enabled":false},"version":2},"_wpas_customize_per_network":false},"categories":[9791],"tags":[],"class_list":["post-120563","post","type-post","status-publish","format-standard","has-post-thumbnail","hentry","category-salud","generate-columns","tablet-grid-50","mobile-grid-100","grid-parent","grid-50"],"jetpack_publicize_connections":[],"jetpack_featured_media_url":"https:\/\/www.hoymercedes.com.ar\/principal\/wp-content\/uploads\/2020\/11\/21-Enfermeria-hospital-00.jpg","wps_subtitle":"Reconocimiento a los profesionales de la salud","jetpack_sharing_enabled":true,"_links":{"self":[{"href":"https:\/\/www.hoymercedes.com.ar\/principal\/wp-json\/wp\/v2\/posts\/120563","targetHints":{"allow":["GET"]}}],"collection":[{"href":"https:\/\/www.hoymercedes.com.ar\/principal\/wp-json\/wp\/v2\/posts"}],"about":[{"href":"https:\/\/www.hoymercedes.com.ar\/principal\/wp-json\/wp\/v2\/types\/post"}],"author":[{"embeddable":true,"href":"https:\/\/www.hoymercedes.com.ar\/principal\/wp-json\/wp\/v2\/users\/1"}],"replies":[{"embeddable":true,"href":"https:\/\/www.hoymercedes.com.ar\/principal\/wp-json\/wp\/v2\/comments?post=120563"}],"version-history":[{"count":0,"href":"https:\/\/www.hoymercedes.com.ar\/principal\/wp-json\/wp\/v2\/posts\/120563\/revisions"}],"wp:featuredmedia":[{"embeddable":true,"href":"https:\/\/www.hoymercedes.com.ar\/principal\/wp-json\/wp\/v2\/media\/120566"}],"wp:attachment":[{"href":"https:\/\/www.hoymercedes.com.ar\/principal\/wp-json\/wp\/v2\/media?parent=120563"}],"wp:term":[{"taxonomy":"category","embeddable":true,"href":"https:\/\/www.hoymercedes.com.ar\/principal\/wp-json\/wp\/v2\/categories?post=120563"},{"taxonomy":"post_tag","embeddable":true,"href":"https:\/\/www.hoymercedes.com.ar\/principal\/wp-json\/wp\/v2\/tags?post=120563"}],"curies":[{"name":"wp","href":"https:\/\/api.w.org\/{rel}","templated":true}]}}