{"id":120619,"date":"2020-11-22T17:00:15","date_gmt":"2020-11-22T20:00:15","guid":{"rendered":"http:\/\/www.hoymercedes.com.ar\/principal\/?p=120619"},"modified":"2020-11-22T19:45:04","modified_gmt":"2020-11-22T22:45:04","slug":"ustarroz-se-reunion-con-el-secretario-de-politicas-universitarias-jaime-perczyk","status":"publish","type":"post","link":"https:\/\/www.hoymercedes.com.ar\/principal\/2020\/11\/22\/ustarroz-se-reunion-con-el-secretario-de-politicas-universitarias-jaime-perczyk\/","title":{"rendered":"Ustarroz se reuni\u00f3n con el Secretario de Pol\u00edticas Universitarias Jaime Perczyk"},"content":{"rendered":"\n<p>(Prensa Municipal) El intendente Juan Ignacio Ustarroz se reuni\u00f3 con el Secretario de Pol\u00edticas Universitarias de la Naci\u00f3n, Jaime Perczyk, con quien dialog\u00f3 e intercambiaron visiones, proyectos y planificaciones en torno a la Educaci\u00f3n Superior en Mercedes. El encuentro fue en Capital Federal. \u00a0<\/p>\n\n\n\n<div class=\"wp-block-image\"><figure class=\"aligncenter size-large\"><img loading=\"lazy\" decoding=\"async\" width=\"800\" height=\"600\" data-attachment-id=\"120620\" data-permalink=\"https:\/\/www.hoymercedes.com.ar\/principal\/2020\/11\/22\/ustarroz-se-reunion-con-el-secretario-de-politicas-universitarias-jaime-perczyk\/ustarroz-spun\/#main\" data-orig-file=\"https:\/\/www.hoymercedes.com.ar\/principal\/wp-content\/uploads\/2020\/11\/Ustarroz-SPUN.jpeg\" data-orig-size=\"800,600\" data-comments-opened=\"0\" data-image-meta=\"{&quot;aperture&quot;:&quot;0&quot;,&quot;credit&quot;:&quot;&quot;,&quot;camera&quot;:&quot;&quot;,&quot;caption&quot;:&quot;&quot;,&quot;created_timestamp&quot;:&quot;0&quot;,&quot;copyright&quot;:&quot;&quot;,&quot;focal_length&quot;:&quot;0&quot;,&quot;iso&quot;:&quot;0&quot;,&quot;shutter_speed&quot;:&quot;0&quot;,&quot;title&quot;:&quot;&quot;,&quot;orientation&quot;:&quot;0&quot;}\" data-image-title=\"Ustarroz-SPUN\" data-image-description=\"\" data-image-caption=\"\" data-large-file=\"https:\/\/www.hoymercedes.com.ar\/principal\/wp-content\/uploads\/2020\/11\/Ustarroz-SPUN.jpeg\" src=\"https:\/\/www.hoymercedes.com.ar\/principal\/wp-content\/uploads\/2020\/11\/Ustarroz-SPUN.jpeg\" alt=\"\" class=\"wp-image-120620\" srcset=\"https:\/\/www.hoymercedes.com.ar\/principal\/wp-content\/uploads\/2020\/11\/Ustarroz-SPUN.jpeg 800w, https:\/\/www.hoymercedes.com.ar\/principal\/wp-content\/uploads\/2020\/11\/Ustarroz-SPUN-630x473.jpeg 630w, https:\/\/www.hoymercedes.com.ar\/principal\/wp-content\/uploads\/2020\/11\/Ustarroz-SPUN-150x113.jpeg 150w\" sizes=\"auto, (max-width: 800px) 100vw, 800px\" \/><\/figure><\/div>\n\n\n\n<p>El jefe comunal expres\u00f3 su agradecimiento al funcionario nacional. \u201cGracias Jaime Perczyk por recibirnos y dialogar sobre el presente y el futuro de la Educaci\u00f3n Superior en nuestro pa\u00eds y en particular sobre la ciudad de Mercedes\u201d manifest\u00f3 y destac\u00f3 que \u201ccomo dice nuestro presidente Alberto Fern\u00e1ndez la educaci\u00f3n es esencial para poner la Argentina de pie\u201d &nbsp;<\/p>\n\n\n\n<p>Hace un tiempo atr\u00e1s el jefe comunal recibi\u00f3 al Ministro Trotta con qui\u00e9n avanz\u00f3 en temas de educaci\u00f3n primaria y secundaria mientras que con el Ministro Arroyo lo hizo sobre primera infancia. &nbsp;<\/p>\n\n\n\n<p>Esta reuni\u00f3n permite avanzar en otro de los niveles educativos, el Superior, donde Mercedes tiene un amplio y fluido contacto con la Universidad Nacional de Luj\u00e1n por ser la Casa de Altos Estudios de cercan\u00eda y regional, pero tambi\u00e9n con otras instituciones como la Arturo Jauretche, Universidad Pedag\u00f3gica Nacional, Universidad de Lomas de Zamora, Universidad de Buenos Aires, Universidad Cat\u00f3lica Argentina, entre otros intercambios acad\u00e9micos y cient\u00edficos desplegados a trav\u00e9s del Centro Universitario Regional Mercedes. &nbsp;<\/p>\n","protected":false},"excerpt":{"rendered":"<p>(Prensa Municipal) El intendente Juan Ignacio Ustarroz se reuni\u00f3 con el Secretario de Pol\u00edticas Universitarias de la Naci\u00f3n, Jaime Perczyk, &#8230; <a title=\"Ustarroz se reuni\u00f3n con el Secretario de Pol\u00edticas Universitarias Jaime Perczyk\" class=\"read-more\" href=\"https:\/\/www.hoymercedes.com.ar\/principal\/2020\/11\/22\/ustarroz-se-reunion-con-el-secretario-de-politicas-universitarias-jaime-perczyk\/\" aria-label=\"Leer m\u00e1s sobre Ustarroz se reuni\u00f3n con el Secretario de Pol\u00edticas Universitarias Jaime Perczyk\">Leer m\u00e1s<\/a><\/p>\n","protected":false},"author":5,"featured_media":120620,"comment_status":"closed","ping_status":"open","sticky":false,"template":"","format":"standard","meta":{"_monsterinsights_skip_tracking":false,"_monsterinsights_sitenote_active":false,"_monsterinsights_sitenote_note":"","_monsterinsights_sitenote_category":0,"jetpack_post_was_ever_published":false,"_jetpack_newsletter_access":"","_jetpack_dont_email_post_to_subs":false,"_jetpack_newsletter_tier_id":0,"_jetpack_memberships_contains_paywalled_content":false,"_jetpack_memberships_contains_paid_content":false,"footnotes":"","jetpack_publicize_message":"","jetpack_publicize_feature_enabled":true,"jetpack_social_post_already_shared":true,"jetpack_social_options":{"image_generator_settings":{"template":"highway","default_image_id":0,"font":"","enabled":false},"version":2},"_wpas_customize_per_network":false},"categories":[30],"tags":[10593,244],"class_list":["post-120619","post","type-post","status-publish","format-standard","has-post-thumbnail","hentry","category-municipio","tag-estudios-superiores","tag-municipio-2","generate-columns","tablet-grid-50","mobile-grid-100","grid-parent","grid-50"],"jetpack_publicize_connections":[],"jetpack_featured_media_url":"https:\/\/www.hoymercedes.com.ar\/principal\/wp-content\/uploads\/2020\/11\/Ustarroz-SPUN.jpeg","wps_subtitle":"Informaci\u00f3n municipal","jetpack_sharing_enabled":true,"_links":{"self":[{"href":"https:\/\/www.hoymercedes.com.ar\/principal\/wp-json\/wp\/v2\/posts\/120619","targetHints":{"allow":["GET"]}}],"collection":[{"href":"https:\/\/www.hoymercedes.com.ar\/principal\/wp-json\/wp\/v2\/posts"}],"about":[{"href":"https:\/\/www.hoymercedes.com.ar\/principal\/wp-json\/wp\/v2\/types\/post"}],"author":[{"embeddable":true,"href":"https:\/\/www.hoymercedes.com.ar\/principal\/wp-json\/wp\/v2\/users\/5"}],"replies":[{"embeddable":true,"href":"https:\/\/www.hoymercedes.com.ar\/principal\/wp-json\/wp\/v2\/comments?post=120619"}],"version-history":[{"count":0,"href":"https:\/\/www.hoymercedes.com.ar\/principal\/wp-json\/wp\/v2\/posts\/120619\/revisions"}],"wp:featuredmedia":[{"embeddable":true,"href":"https:\/\/www.hoymercedes.com.ar\/principal\/wp-json\/wp\/v2\/media\/120620"}],"wp:attachment":[{"href":"https:\/\/www.hoymercedes.com.ar\/principal\/wp-json\/wp\/v2\/media?parent=120619"}],"wp:term":[{"taxonomy":"category","embeddable":true,"href":"https:\/\/www.hoymercedes.com.ar\/principal\/wp-json\/wp\/v2\/categories?post=120619"},{"taxonomy":"post_tag","embeddable":true,"href":"https:\/\/www.hoymercedes.com.ar\/principal\/wp-json\/wp\/v2\/tags?post=120619"}],"curies":[{"name":"wp","href":"https:\/\/api.w.org\/{rel}","templated":true}]}}