{"id":120634,"date":"2020-11-22T20:54:42","date_gmt":"2020-11-22T23:54:42","guid":{"rendered":"http:\/\/www.hoymercedes.com.ar\/principal\/?p=120634"},"modified":"2020-11-24T18:00:22","modified_gmt":"2020-11-24T21:00:22","slug":"coronavirus-mercedes-confirma-3-nuevos-casos","status":"publish","type":"post","link":"https:\/\/www.hoymercedes.com.ar\/principal\/2020\/11\/22\/coronavirus-mercedes-confirma-3-nuevos-casos\/","title":{"rendered":"Coronavirus: Mercedes confirma 3 nuevos casos"},"content":{"rendered":"\n<p>La informaci\u00f3n epidemiol\u00f3gica enviada por las autoridades sanitarias afirma que este domingo 3 nuevos casos positivos de covid-19 se suman en Mercedes entre los 24 test realizados en el d\u00eda de la fecha. Adem\u00e1s, este domingo 4 pacientes recibieron el alta m\u00e9dica tras cumplir con los protocolos establecidos de atenci\u00f3n cl\u00ednica. <\/p>\n\n\n\n<div class=\"wp-block-image\"><figure class=\"aligncenter size-large\"><img loading=\"lazy\" decoding=\"async\" width=\"800\" height=\"800\" data-attachment-id=\"120635\" data-permalink=\"https:\/\/www.hoymercedes.com.ar\/principal\/2020\/11\/22\/coronavirus-mercedes-confirma-3-nuevos-casos\/whatsapp-image-2020-11-22-at-20-25-42\/#main\" data-orig-file=\"https:\/\/www.hoymercedes.com.ar\/principal\/wp-content\/uploads\/2020\/11\/WhatsApp-Image-2020-11-22-at-20.25.42.jpeg\" data-orig-size=\"800,800\" data-comments-opened=\"0\" data-image-meta=\"{&quot;aperture&quot;:&quot;0&quot;,&quot;credit&quot;:&quot;&quot;,&quot;camera&quot;:&quot;&quot;,&quot;caption&quot;:&quot;&quot;,&quot;created_timestamp&quot;:&quot;0&quot;,&quot;copyright&quot;:&quot;&quot;,&quot;focal_length&quot;:&quot;0&quot;,&quot;iso&quot;:&quot;0&quot;,&quot;shutter_speed&quot;:&quot;0&quot;,&quot;title&quot;:&quot;&quot;,&quot;orientation&quot;:&quot;0&quot;}\" data-image-title=\"WhatsApp-Image-2020-11-22-at-20.25.42\" data-image-description=\"\" data-image-caption=\"\" data-large-file=\"https:\/\/www.hoymercedes.com.ar\/principal\/wp-content\/uploads\/2020\/11\/WhatsApp-Image-2020-11-22-at-20.25.42.jpeg\" src=\"https:\/\/www.hoymercedes.com.ar\/principal\/wp-content\/uploads\/2020\/11\/WhatsApp-Image-2020-11-22-at-20.25.42.jpeg\" alt=\"\" class=\"wp-image-120635\" srcset=\"https:\/\/www.hoymercedes.com.ar\/principal\/wp-content\/uploads\/2020\/11\/WhatsApp-Image-2020-11-22-at-20.25.42.jpeg 800w, https:\/\/www.hoymercedes.com.ar\/principal\/wp-content\/uploads\/2020\/11\/WhatsApp-Image-2020-11-22-at-20.25.42-620x620.jpeg 620w, https:\/\/www.hoymercedes.com.ar\/principal\/wp-content\/uploads\/2020\/11\/WhatsApp-Image-2020-11-22-at-20.25.42-150x150.jpeg 150w\" sizes=\"auto, (max-width: 800px) 100vw, 800px\" \/><\/figure><\/div>\n\n\n\n<p>Informe nacional: Fueron confirmados<strong> 4.184 nuevos casos<\/strong> de COVID-19\u200b. Con estos registros, \u200bsuman 1.370.366 positivos en el pa\u00eds, de los cuales 1.195.492 son pacientes recuperados y 137.872 son casos confirmados activos. En las \u00faltimas 24 hs fueron realizados 15.740 testeos y desde el inicio del brote se realizaron \u200b3.677.688 pruebas diagn\u00f3sticas\u200b para esta enfermedad, lo que \u200bequivale a 81.047 muestras por mill\u00f3n de habitantes.<\/p>\n\n\n\n<p>En las \u00faltimas 24 horas, se notificaron <strong>100 nuevas muertes<\/strong>, son 58 hombres y 42 mujeres. Al momento la cantidad de personas fallecidas es 37.002.<\/p>\n\n\n\n<p>Detalle por provincia (No de confirmados | No de acumulados): Buenos Aires 998 | 605.014; Ciudad de Buenos Aires 195 | 156.414; Catamarca 37 | 1.708; Chaco 119 | 17.778; Chubut 146 | 21.167; Corrientes 27 | 4.796; C\u00f3rdoba 452 | 109.226; Entre R\u00edos 159 | 21.877; Formosa 1 | 180; Jujuy 9 | 18.294; La Pampa 82 | 5.199; La Rioja 28 | 8.511; Mendoza 152 | 55.189; Misiones 1 | 436; Neuqu\u00e9n 169 | 29.663; R\u00edo Negro 141 | 30.056; Salta 28 | 20.754; San Juan 62 | 5.730; San Luis 126 | 13.163; Santa Cruz 189 | 14.199; Santa Fe 634 | 137.897; Santiago del Estero 194 | 14.558; Tierra del Fuego 77 | 15.263 y Tucum\u00e1n 158 | 63.294<\/p>\n","protected":false},"excerpt":{"rendered":"<p>La informaci\u00f3n epidemiol\u00f3gica enviada por las autoridades sanitarias afirma que este domingo 3 nuevos casos positivos de covid-19 se suman &#8230; <a title=\"Coronavirus: Mercedes confirma 3 nuevos casos\" class=\"read-more\" href=\"https:\/\/www.hoymercedes.com.ar\/principal\/2020\/11\/22\/coronavirus-mercedes-confirma-3-nuevos-casos\/\" aria-label=\"Leer m\u00e1s sobre Coronavirus: Mercedes confirma 3 nuevos casos\">Leer m\u00e1s<\/a><\/p>\n","protected":false},"author":5,"featured_media":120635,"comment_status":"closed","ping_status":"open","sticky":false,"template":"","format":"standard","meta":{"_monsterinsights_skip_tracking":false,"_monsterinsights_sitenote_active":false,"_monsterinsights_sitenote_note":"","_monsterinsights_sitenote_category":0,"jetpack_post_was_ever_published":false,"_jetpack_newsletter_access":"","_jetpack_dont_email_post_to_subs":false,"_jetpack_newsletter_tier_id":0,"_jetpack_memberships_contains_paywalled_content":false,"_jetpack_memberships_contains_paid_content":false,"footnotes":"","jetpack_publicize_message":"","jetpack_publicize_feature_enabled":true,"jetpack_social_post_already_shared":true,"jetpack_social_options":{"image_generator_settings":{"template":"highway","default_image_id":0,"font":"","enabled":false},"version":2},"_wpas_customize_per_network":false},"categories":[9791],"tags":[16561,16175,16313],"class_list":["post-120634","post","type-post","status-publish","format-standard","has-post-thumbnail","hentry","category-salud","tag-cierre-del-dia","tag-coronavirus","tag-covid-19","generate-columns","tablet-grid-50","mobile-grid-100","grid-parent","grid-50"],"jetpack_publicize_connections":[],"jetpack_featured_media_url":"https:\/\/www.hoymercedes.com.ar\/principal\/wp-content\/uploads\/2020\/11\/WhatsApp-Image-2020-11-22-at-20.25.42.jpeg","wps_subtitle":"Cierre del d\u00eda","jetpack_sharing_enabled":true,"_links":{"self":[{"href":"https:\/\/www.hoymercedes.com.ar\/principal\/wp-json\/wp\/v2\/posts\/120634","targetHints":{"allow":["GET"]}}],"collection":[{"href":"https:\/\/www.hoymercedes.com.ar\/principal\/wp-json\/wp\/v2\/posts"}],"about":[{"href":"https:\/\/www.hoymercedes.com.ar\/principal\/wp-json\/wp\/v2\/types\/post"}],"author":[{"embeddable":true,"href":"https:\/\/www.hoymercedes.com.ar\/principal\/wp-json\/wp\/v2\/users\/5"}],"replies":[{"embeddable":true,"href":"https:\/\/www.hoymercedes.com.ar\/principal\/wp-json\/wp\/v2\/comments?post=120634"}],"version-history":[{"count":0,"href":"https:\/\/www.hoymercedes.com.ar\/principal\/wp-json\/wp\/v2\/posts\/120634\/revisions"}],"wp:featuredmedia":[{"embeddable":true,"href":"https:\/\/www.hoymercedes.com.ar\/principal\/wp-json\/wp\/v2\/media\/120635"}],"wp:attachment":[{"href":"https:\/\/www.hoymercedes.com.ar\/principal\/wp-json\/wp\/v2\/media?parent=120634"}],"wp:term":[{"taxonomy":"category","embeddable":true,"href":"https:\/\/www.hoymercedes.com.ar\/principal\/wp-json\/wp\/v2\/categories?post=120634"},{"taxonomy":"post_tag","embeddable":true,"href":"https:\/\/www.hoymercedes.com.ar\/principal\/wp-json\/wp\/v2\/tags?post=120634"}],"curies":[{"name":"wp","href":"https:\/\/api.w.org\/{rel}","templated":true}]}}