{"id":120650,"date":"2020-11-23T09:17:28","date_gmt":"2020-11-23T12:17:28","guid":{"rendered":"http:\/\/www.hoymercedes.com.ar\/principal\/?p=120650"},"modified":"2020-11-24T18:13:03","modified_gmt":"2020-11-24T21:13:03","slug":"la-ex-casa-del-doctor-garceron-refaccion-completa-de-su-fachada","status":"publish","type":"post","link":"https:\/\/www.hoymercedes.com.ar\/principal\/2020\/11\/23\/la-ex-casa-del-doctor-garceron-refaccion-completa-de-su-fachada\/","title":{"rendered":"La ex Casa del Doctor Garcer\u00f3n: Refacci\u00f3n completa de su fachada"},"content":{"rendered":"\n<p>Tras el fallecimiento del m\u00e9dico pedi\u00e1tra, la casa de 21 y 26 fue vendida. Los nuevos propietarios restauraron el lugar manteniendo el estilo y arquitectura, resaltando el patrimonio arquitect\u00f3nico de la ciudad. La casa fue proyectada por el Arq. Ernesto Bustos Fern\u00e1ndez para el Dr. Te\u00f3filo Herrero en 1929. Estilo Arquitect\u00f3nico: Ecl\u00e9ctico. <\/p>\n\n\n\n<div class=\"wp-block-image\"><figure class=\"aligncenter size-large\"><img loading=\"lazy\" decoding=\"async\" width=\"800\" height=\"549\" data-attachment-id=\"120651\" data-permalink=\"https:\/\/www.hoymercedes.com.ar\/principal\/2020\/11\/23\/la-ex-casa-del-doctor-garceron-refaccion-completa-de-su-fachada\/se-realizo-un-gran-trabajo-de-restauracion\/#main\" data-orig-file=\"https:\/\/www.hoymercedes.com.ar\/principal\/wp-content\/uploads\/2020\/11\/Se-realizo-un-gran-trabajo-de-restauracion.jpg\" data-orig-size=\"800,549\" data-comments-opened=\"0\" data-image-meta=\"{&quot;aperture&quot;:&quot;0&quot;,&quot;credit&quot;:&quot;&quot;,&quot;camera&quot;:&quot;&quot;,&quot;caption&quot;:&quot;&quot;,&quot;created_timestamp&quot;:&quot;1605356521&quot;,&quot;copyright&quot;:&quot;&quot;,&quot;focal_length&quot;:&quot;0&quot;,&quot;iso&quot;:&quot;0&quot;,&quot;shutter_speed&quot;:&quot;0&quot;,&quot;title&quot;:&quot;&quot;,&quot;orientation&quot;:&quot;0&quot;}\" data-image-title=\"Se realiz\u00f3 un gran trabajo de restauraci\u00f3n\" data-image-description=\"\" data-image-caption=\"\" data-large-file=\"https:\/\/www.hoymercedes.com.ar\/principal\/wp-content\/uploads\/2020\/11\/Se-realizo-un-gran-trabajo-de-restauracion.jpg\" src=\"https:\/\/www.hoymercedes.com.ar\/principal\/wp-content\/uploads\/2020\/11\/Se-realizo-un-gran-trabajo-de-restauracion.jpg\" alt=\"\" class=\"wp-image-120651\" srcset=\"https:\/\/www.hoymercedes.com.ar\/principal\/wp-content\/uploads\/2020\/11\/Se-realizo-un-gran-trabajo-de-restauracion.jpg 800w, https:\/\/www.hoymercedes.com.ar\/principal\/wp-content\/uploads\/2020\/11\/Se-realizo-un-gran-trabajo-de-restauracion-630x432.jpg 630w, https:\/\/www.hoymercedes.com.ar\/principal\/wp-content\/uploads\/2020\/11\/Se-realizo-un-gran-trabajo-de-restauracion-150x103.jpg 150w\" sizes=\"auto, (max-width: 800px) 100vw, 800px\" \/><\/figure><\/div>\n\n\n\n<p>Desde la Comisi\u00f3n Municipal del Patrimonio Cultural y Natural (CUNA) de la ciudad de Mercedes y en base a un importante relevamiento que se realiz\u00f3 en el a\u00f1o 2002 con el prop\u00f3sito de contribuir para acrecentar y profundizar el conocimiento del patrimonio hist\u00f3rico local, hoy compartimos sobre la historia y datos de inter\u00e9s de \u00a0la fachada de la casa de calle 21 esquina 26: ex casa del Dr Teofilo Herrero y Dr Garceron. La construcci\u00f3n de la misma fue proyectada por el Arq. Ernesto Bustos Fern\u00e1ndez para el Dr. Te\u00f3filo Herrero en 1929.El relevamiento fue realizado bajo el apoyo del programa Corporativo \u201cCommunity Found\u201d de Dupont \u00a0y coordinado por el equipo de inventario compuesto por los arquitectos\u00a0 Juan C. Doratti, Jorge D. Tartarini, Celina B. Noya y Dora Casta\u00f1e.<\/p>\n\n\n\n<p>En cuanto a la fachada de la casa recientemente restaurada, ubicada en las intersecciones de las calles 21 y 26, sobre su estilo, el relevamiento menciona que se trata de &nbsp;\u201cun Chalet de dos plantas, con toques renacentistas y licencias estil\u00edsticas de diverso origen, dif\u00edcil de tipificar. En el exterior los vol\u00famenes de dos plantas sobre ambas calles, asim\u00e9tricos, se articulan a trav\u00e9s de un cuerpo que a modo de pivot de forma hexagonal, cobija en planta baja el acceso principal de un porche semicubierto, y en el piso alto un&nbsp; peque\u00f1o lugar para estar y contemplar, dentro del dormitorio principal, limitado por tres ventanas con arcos de medio punto. Uno de los detalles exteriores de m\u00e1s inter\u00e9s, son las guardas y motivos decorativos pol\u00edcromos, que, a modo de friso, recorren los par\u00e1metros bajo los aleros volados, con mensulillas de madera\u201d.<\/p>\n\n\n\n<p>Sobre los datos hist\u00f3ricos, el relevamiento realizado en el 2002, indica que \u201cen un n\u00famero especial, del a\u00f1o 1935, el Diario \u201cEl oeste\u201d, publicaba una p\u00e1gina completa con fotos de distintas viviendas en la ciudad de Mercedes, recientemente construidas, bajo el t\u00edtulo \u201cResidencias Modernas\u201d. Dentro de los cuatro ejemplos, tres de ellos de estilo art dec\u00f3, se encuentra esta casa\u201d.<\/p>\n\n\n\n<p>Asimismo desde la Comisi\u00f3n Patrimonial Mercedes, en este caso en particular felicitan a los \u201cdue\u00f1os de la propiedad por el gran trabajo realizado conservando y revalorizando una importante obra arquitect\u00f3nica que refleja la historia de nuestra ciudad\u201d, finalizaron.\u00a0<\/p>\n\n\n\n<p>Fuente: Comisi\u00f3n CUNA<\/p>\n","protected":false},"excerpt":{"rendered":"<p>Tras el fallecimiento del m\u00e9dico pedi\u00e1tra, la casa de 21 y 26 fue vendida. Los nuevos propietarios restauraron el lugar &#8230; <a title=\"La ex Casa del Doctor Garcer\u00f3n: Refacci\u00f3n completa de su fachada\" class=\"read-more\" href=\"https:\/\/www.hoymercedes.com.ar\/principal\/2020\/11\/23\/la-ex-casa-del-doctor-garceron-refaccion-completa-de-su-fachada\/\" aria-label=\"Leer m\u00e1s sobre La ex Casa del Doctor Garcer\u00f3n: Refacci\u00f3n completa de su fachada\">Leer m\u00e1s<\/a><\/p>\n","protected":false},"author":5,"featured_media":120651,"comment_status":"closed","ping_status":"open","sticky":false,"template":"","format":"standard","meta":{"_monsterinsights_skip_tracking":false,"_monsterinsights_sitenote_active":false,"_monsterinsights_sitenote_note":"","_monsterinsights_sitenote_category":0,"jetpack_post_was_ever_published":false,"_jetpack_newsletter_access":"","_jetpack_dont_email_post_to_subs":false,"_jetpack_newsletter_tier_id":0,"_jetpack_memberships_contains_paywalled_content":false,"_jetpack_memberships_contains_paid_content":false,"footnotes":"","jetpack_publicize_message":"","jetpack_publicize_feature_enabled":true,"jetpack_social_post_already_shared":true,"jetpack_social_options":{"image_generator_settings":{"template":"highway","default_image_id":0,"font":"","enabled":false},"version":2},"_wpas_customize_per_network":false},"categories":[104],"tags":[10722,9177],"class_list":["post-120650","post","type-post","status-publish","format-standard","has-post-thumbnail","hentry","category-cultura","tag-cuna","tag-patrimonio","generate-columns","tablet-grid-50","mobile-grid-100","grid-parent","grid-50"],"jetpack_publicize_connections":[],"jetpack_featured_media_url":"https:\/\/www.hoymercedes.com.ar\/principal\/wp-content\/uploads\/2020\/11\/Se-realizo-un-gran-trabajo-de-restauracion.jpg","wps_subtitle":"Patrimonio arquitect\u00f3nico","jetpack_sharing_enabled":true,"_links":{"self":[{"href":"https:\/\/www.hoymercedes.com.ar\/principal\/wp-json\/wp\/v2\/posts\/120650","targetHints":{"allow":["GET"]}}],"collection":[{"href":"https:\/\/www.hoymercedes.com.ar\/principal\/wp-json\/wp\/v2\/posts"}],"about":[{"href":"https:\/\/www.hoymercedes.com.ar\/principal\/wp-json\/wp\/v2\/types\/post"}],"author":[{"embeddable":true,"href":"https:\/\/www.hoymercedes.com.ar\/principal\/wp-json\/wp\/v2\/users\/5"}],"replies":[{"embeddable":true,"href":"https:\/\/www.hoymercedes.com.ar\/principal\/wp-json\/wp\/v2\/comments?post=120650"}],"version-history":[{"count":0,"href":"https:\/\/www.hoymercedes.com.ar\/principal\/wp-json\/wp\/v2\/posts\/120650\/revisions"}],"wp:featuredmedia":[{"embeddable":true,"href":"https:\/\/www.hoymercedes.com.ar\/principal\/wp-json\/wp\/v2\/media\/120651"}],"wp:attachment":[{"href":"https:\/\/www.hoymercedes.com.ar\/principal\/wp-json\/wp\/v2\/media?parent=120650"}],"wp:term":[{"taxonomy":"category","embeddable":true,"href":"https:\/\/www.hoymercedes.com.ar\/principal\/wp-json\/wp\/v2\/categories?post=120650"},{"taxonomy":"post_tag","embeddable":true,"href":"https:\/\/www.hoymercedes.com.ar\/principal\/wp-json\/wp\/v2\/tags?post=120650"}],"curies":[{"name":"wp","href":"https:\/\/api.w.org\/{rel}","templated":true}]}}