{"id":120710,"date":"2020-11-24T16:28:43","date_gmt":"2020-11-24T19:28:43","guid":{"rendered":"http:\/\/www.hoymercedes.com.ar\/principal\/?p=120710"},"modified":"2020-11-24T17:32:27","modified_gmt":"2020-11-24T20:32:27","slug":"empresa-de-gas-inauguro-obra-para-el-sistema-de-alta-presion","status":"publish","type":"post","link":"https:\/\/www.hoymercedes.com.ar\/principal\/2020\/11\/24\/empresa-de-gas-inauguro-obra-para-el-sistema-de-alta-presion\/","title":{"rendered":"Empresa de gas inaugur\u00f3 obra para el sistema de alta presi\u00f3n"},"content":{"rendered":"\n<p>La empresa Naturgy, que presta el servicio de gas natural en el partido de Mercedes, inaugur\u00f3 y puso en servicio una obra para el sistema de alta presi\u00f3n de la red de gas natural para las localidades de Mercedes, Gowland, Luj\u00e1n, J\u00e1uregui, Cortines y Olivera. La inversi\u00f3n realizada consisti\u00f3 en la construcci\u00f3n de una Instalaci\u00f3n de Punto de Entrega de 40.000 m3\/hora, de una planta reguladora de 35.000 m3\/hora y de un gasoducto de 26km de extensi\u00f3n, infraestructura que se conectar\u00e1 al sistema existente.<\/p>\n\n\n\n<div class=\"wp-block-image\"><figure class=\"aligncenter size-large\"><img loading=\"lazy\" decoding=\"async\" width=\"800\" height=\"533\" data-attachment-id=\"120714\" data-permalink=\"https:\/\/www.hoymercedes.com.ar\/principal\/2020\/11\/24\/empresa-de-gas-inauguro-obra-para-el-sistema-de-alta-presion\/foto-inauguracion-mercedes3\/#main\" data-orig-file=\"https:\/\/www.hoymercedes.com.ar\/principal\/wp-content\/uploads\/2020\/11\/Foto-Inauguracion-Mercedes3.jpg\" data-orig-size=\"800,533\" data-comments-opened=\"0\" data-image-meta=\"{&quot;aperture&quot;:&quot;0&quot;,&quot;credit&quot;:&quot;&quot;,&quot;camera&quot;:&quot;&quot;,&quot;caption&quot;:&quot;&quot;,&quot;created_timestamp&quot;:&quot;0&quot;,&quot;copyright&quot;:&quot;&quot;,&quot;focal_length&quot;:&quot;0&quot;,&quot;iso&quot;:&quot;0&quot;,&quot;shutter_speed&quot;:&quot;0&quot;,&quot;title&quot;:&quot;&quot;,&quot;orientation&quot;:&quot;0&quot;}\" data-image-title=\"Foto Inauguracion Mercedes3\" data-image-description=\"\" data-image-caption=\"\" data-large-file=\"https:\/\/www.hoymercedes.com.ar\/principal\/wp-content\/uploads\/2020\/11\/Foto-Inauguracion-Mercedes3.jpg\" src=\"https:\/\/www.hoymercedes.com.ar\/principal\/wp-content\/uploads\/2020\/11\/Foto-Inauguracion-Mercedes3.jpg\" alt=\"\" class=\"wp-image-120714\" srcset=\"https:\/\/www.hoymercedes.com.ar\/principal\/wp-content\/uploads\/2020\/11\/Foto-Inauguracion-Mercedes3.jpg 800w, https:\/\/www.hoymercedes.com.ar\/principal\/wp-content\/uploads\/2020\/11\/Foto-Inauguracion-Mercedes3-630x420.jpg 630w, https:\/\/www.hoymercedes.com.ar\/principal\/wp-content\/uploads\/2020\/11\/Foto-Inauguracion-Mercedes3-150x100.jpg 150w, https:\/\/www.hoymercedes.com.ar\/principal\/wp-content\/uploads\/2020\/11\/Foto-Inauguracion-Mercedes3-700x465.jpg 700w\" sizes=\"auto, (max-width: 800px) 100vw, 800px\" \/><\/figure><\/div>\n\n\n\n<p>Dentro del Partido de Mercedes, sobre la ruta 41 yendo a Navarro se encuentra este \u00abpunto de entrega\u00bb denominado \u00abCity Gate\u00bb,  tomar\u00e1 suministro de gas del gasoducto troncal NEUBA II de TGS. La planta reguladora, en tanto, tiene la funci\u00f3n de reducir la presi\u00f3n del gas natural en el ingreso al \u00e1rea urbana de Mercedes, y as\u00ed realizar la interconexi\u00f3n con el sistema de redes ya existente en el \u00e1rea. Estas obras de infraestructura permitir\u00e1n garantizar el abastecimiento, crecimiento y fiabilidad del sistema de alta presi\u00f3n en las localidades de Mercedes, Gowland, Luj\u00e1n, J\u00e1uregui, Cortines y Olivera, que hasta el presente eran abastecidas por un ramal de alta presi\u00f3n proveniente del partido de Luj\u00e1n.<\/p>\n\n\n\n<p>Promediando la ma\u00f1ana se hizo la inauguraci\u00f3n oficial con la presencia del Ministro del Interior de la Naci\u00f3n, Eduardo De Pedro; los intendentes municipales de Mercedes y Luj\u00e1n, Juan Ignacio Ustarroz y\u00a0 Leonardo Boto, respectivamente;; del Secretario de Energ\u00eda de la Naci\u00f3n, Dar\u00edo Mart\u00ednez; del Interventor del ENARGAS, Federico Bernal; del Ministro de Infraestructura de la Provincia de Buenos Aires, Agust\u00edn Simone; el Diputado Nacional Carlos Selva y por Naturgy BAN su Gerente General, Alberto Gonz\u00e1lez Santos, y su Directora de Comunicaci\u00f3n, Bettina Llapur, entre otros invitados de organismos provinciales e instituciones de Mercedes y Luj\u00e1n.<\/p>\n\n\n\n<p>Previo al corte de cinta, fueron desarroll\u00e1ndose los discursos de agradecimientos. En nombre de la empresa, habl\u00f3 Bettina Llapur que explic\u00f3 el funcionamiento de la planta y el servicio que presentar\u00e1. Adem\u00e1s, agradeci\u00f3 a todo el personal que particip\u00f3 de la construcci\u00f3n de estas nuevas instalaciones y remarc\u00f3 el car\u00e1cter inclusivo de las redes de gas que posibilitan nuevas y mejores oportunidades para la poblaci\u00f3n. <\/p>\n\n\n\n<div class=\"wp-block-image\"><figure class=\"aligncenter size-large\"><img loading=\"lazy\" decoding=\"async\" width=\"800\" height=\"533\" data-attachment-id=\"120717\" data-permalink=\"https:\/\/www.hoymercedes.com.ar\/principal\/2020\/11\/24\/empresa-de-gas-inauguro-obra-para-el-sistema-de-alta-presion\/img_20201124_104642310\/#main\" data-orig-file=\"https:\/\/www.hoymercedes.com.ar\/principal\/wp-content\/uploads\/2020\/11\/IMG_20201124_104642310.jpg\" data-orig-size=\"800,533\" data-comments-opened=\"0\" data-image-meta=\"{&quot;aperture&quot;:&quot;0&quot;,&quot;credit&quot;:&quot;&quot;,&quot;camera&quot;:&quot;&quot;,&quot;caption&quot;:&quot;&quot;,&quot;created_timestamp&quot;:&quot;1606214803&quot;,&quot;copyright&quot;:&quot;&quot;,&quot;focal_length&quot;:&quot;0&quot;,&quot;iso&quot;:&quot;0&quot;,&quot;shutter_speed&quot;:&quot;0&quot;,&quot;title&quot;:&quot;&quot;,&quot;orientation&quot;:&quot;1&quot;}\" data-image-title=\"IMG_20201124_104642310\" data-image-description=\"\" data-image-caption=\"\" data-large-file=\"https:\/\/www.hoymercedes.com.ar\/principal\/wp-content\/uploads\/2020\/11\/IMG_20201124_104642310.jpg\" src=\"https:\/\/www.hoymercedes.com.ar\/principal\/wp-content\/uploads\/2020\/11\/IMG_20201124_104642310.jpg\" alt=\"\" class=\"wp-image-120717\" srcset=\"https:\/\/www.hoymercedes.com.ar\/principal\/wp-content\/uploads\/2020\/11\/IMG_20201124_104642310.jpg 800w, https:\/\/www.hoymercedes.com.ar\/principal\/wp-content\/uploads\/2020\/11\/IMG_20201124_104642310-630x420.jpg 630w, https:\/\/www.hoymercedes.com.ar\/principal\/wp-content\/uploads\/2020\/11\/IMG_20201124_104642310-150x100.jpg 150w, https:\/\/www.hoymercedes.com.ar\/principal\/wp-content\/uploads\/2020\/11\/IMG_20201124_104642310-700x465.jpg 700w\" sizes=\"auto, (max-width: 800px) 100vw, 800px\" \/><\/figure><\/div>\n\n\n\n<p>Por su parte, el Gerente General, Alberto Gonz\u00e1lez Santos afirm\u00f3:\u00a0\u201cLa inauguraci\u00f3n de esta nueva infraestructura es un hito para la compa\u00f1\u00eda, ya que nos permite ampliar nuestro servicio en la zona y con ello posibilitar la instalaci\u00f3n y desarrollo de nuevas industrias, y mejorar la calidad de vida de los vecinos\u201d.\u00a0<\/p>\n\n\n\n<p>Luego tomar\u00edan la palabra el Secreteraio de Energ\u00eda de la Naci\u00f3n, el ministro bonaerense de Infraestructura y el Intendente de Mercedes. Finalmente, \u00abWado\u00bb de Pedro, dirigir\u00eda unas palabras a los invitados presentes. Coment\u00f3:\u00a0\u201cEsta inversi\u00f3n posibilitar\u00e1 que m\u00e1s industrias y comercios se establezcan en Mercedes y Luj\u00e1n, as\u00ed como tambi\u00e9n que se desarrollen nuevos emprendimientos residenciales y se radiquen m\u00e1s familias\u201d.<\/p>\n\n\n\n<p>Desde el a\u00f1o 1992 la licenciataria hoy denominada\u00a0Naturgy BAN S.A.\u00a0brinda su servicio de distribuci\u00f3n de gas\u00a0natural por redes. Es la segunda distribuidora de gas de la Rep\u00fablica Argentina por volumen de ventas, con m\u00e1s de\u00a01.620.000 clientes residenciales, 49.000 comerciales\u00a0y 1.200 industrias,\u00a0400 estaciones de GNC y 3\u00a0subdistribuidoras. La extensi\u00f3n de las redes de gas natural asciende a 26.200 kil\u00f3metros.<\/p>\n\n\n\n<div class=\"wp-block-jetpack-slideshow aligncenter\" data-effect=\"slide\"><div class=\"wp-block-jetpack-slideshow_container swiper-container\"><ul class=\"wp-block-jetpack-slideshow_swiper-wrapper swiper-wrapper\"><li class=\"wp-block-jetpack-slideshow_slide swiper-slide\"><figure><img loading=\"lazy\" decoding=\"async\" width=\"800\" height=\"534\" alt=\"\" class=\"wp-block-jetpack-slideshow_image wp-image-120713\" data-id=\"120713\" src=\"https:\/\/www.hoymercedes.com.ar\/principal\/wp-content\/uploads\/2020\/11\/WhatsApp-Image-2020-11-24-at-10.44.23.jpeg\" srcset=\"https:\/\/www.hoymercedes.com.ar\/principal\/wp-content\/uploads\/2020\/11\/WhatsApp-Image-2020-11-24-at-10.44.23.jpeg 800w, https:\/\/www.hoymercedes.com.ar\/principal\/wp-content\/uploads\/2020\/11\/WhatsApp-Image-2020-11-24-at-10.44.23-630x421.jpeg 630w, https:\/\/www.hoymercedes.com.ar\/principal\/wp-content\/uploads\/2020\/11\/WhatsApp-Image-2020-11-24-at-10.44.23-150x100.jpeg 150w\" sizes=\"(max-width: 800px) 100vw, 800px\" \/><\/figure><\/li><li class=\"wp-block-jetpack-slideshow_slide swiper-slide\"><figure><img loading=\"lazy\" decoding=\"async\" width=\"800\" height=\"533\" alt=\"\" class=\"wp-block-jetpack-slideshow_image wp-image-120721\" data-id=\"120721\" src=\"https:\/\/www.hoymercedes.com.ar\/principal\/wp-content\/uploads\/2020\/11\/IMG_20201124_102420084.jpg\" srcset=\"https:\/\/www.hoymercedes.com.ar\/principal\/wp-content\/uploads\/2020\/11\/IMG_20201124_102420084.jpg 800w, https:\/\/www.hoymercedes.com.ar\/principal\/wp-content\/uploads\/2020\/11\/IMG_20201124_102420084-630x420.jpg 630w, https:\/\/www.hoymercedes.com.ar\/principal\/wp-content\/uploads\/2020\/11\/IMG_20201124_102420084-150x100.jpg 150w, https:\/\/www.hoymercedes.com.ar\/principal\/wp-content\/uploads\/2020\/11\/IMG_20201124_102420084-700x465.jpg 700w\" sizes=\"(max-width: 800px) 100vw, 800px\" \/><\/figure><\/li><li class=\"wp-block-jetpack-slideshow_slide swiper-slide\"><figure><img loading=\"lazy\" decoding=\"async\" width=\"800\" height=\"533\" alt=\"\" class=\"wp-block-jetpack-slideshow_image wp-image-120722\" data-id=\"120722\" src=\"https:\/\/www.hoymercedes.com.ar\/principal\/wp-content\/uploads\/2020\/11\/IMG_20201124_102722930_HDR.jpg\" srcset=\"https:\/\/www.hoymercedes.com.ar\/principal\/wp-content\/uploads\/2020\/11\/IMG_20201124_102722930_HDR.jpg 800w, https:\/\/www.hoymercedes.com.ar\/principal\/wp-content\/uploads\/2020\/11\/IMG_20201124_102722930_HDR-630x420.jpg 630w, https:\/\/www.hoymercedes.com.ar\/principal\/wp-content\/uploads\/2020\/11\/IMG_20201124_102722930_HDR-150x100.jpg 150w, https:\/\/www.hoymercedes.com.ar\/principal\/wp-content\/uploads\/2020\/11\/IMG_20201124_102722930_HDR-700x465.jpg 700w\" sizes=\"(max-width: 800px) 100vw, 800px\" \/><\/figure><\/li><li class=\"wp-block-jetpack-slideshow_slide swiper-slide\"><figure><img loading=\"lazy\" decoding=\"async\" width=\"800\" height=\"533\" alt=\"\" class=\"wp-block-jetpack-slideshow_image wp-image-120723\" data-id=\"120723\" src=\"https:\/\/www.hoymercedes.com.ar\/principal\/wp-content\/uploads\/2020\/11\/IMG_20201124_102917470.jpg\" srcset=\"https:\/\/www.hoymercedes.com.ar\/principal\/wp-content\/uploads\/2020\/11\/IMG_20201124_102917470.jpg 800w, https:\/\/www.hoymercedes.com.ar\/principal\/wp-content\/uploads\/2020\/11\/IMG_20201124_102917470-630x420.jpg 630w, https:\/\/www.hoymercedes.com.ar\/principal\/wp-content\/uploads\/2020\/11\/IMG_20201124_102917470-150x100.jpg 150w, https:\/\/www.hoymercedes.com.ar\/principal\/wp-content\/uploads\/2020\/11\/IMG_20201124_102917470-700x465.jpg 700w\" sizes=\"(max-width: 800px) 100vw, 800px\" \/><\/figure><\/li><li class=\"wp-block-jetpack-slideshow_slide swiper-slide\"><figure><img loading=\"lazy\" decoding=\"async\" width=\"800\" height=\"533\" alt=\"\" class=\"wp-block-jetpack-slideshow_image wp-image-120724\" data-id=\"120724\" src=\"https:\/\/www.hoymercedes.com.ar\/principal\/wp-content\/uploads\/2020\/11\/IMG_20201124_103110148_HDR.jpg\" srcset=\"https:\/\/www.hoymercedes.com.ar\/principal\/wp-content\/uploads\/2020\/11\/IMG_20201124_103110148_HDR.jpg 800w, https:\/\/www.hoymercedes.com.ar\/principal\/wp-content\/uploads\/2020\/11\/IMG_20201124_103110148_HDR-630x420.jpg 630w, https:\/\/www.hoymercedes.com.ar\/principal\/wp-content\/uploads\/2020\/11\/IMG_20201124_103110148_HDR-150x100.jpg 150w, https:\/\/www.hoymercedes.com.ar\/principal\/wp-content\/uploads\/2020\/11\/IMG_20201124_103110148_HDR-700x465.jpg 700w\" sizes=\"(max-width: 800px) 100vw, 800px\" \/><\/figure><\/li><li class=\"wp-block-jetpack-slideshow_slide swiper-slide\"><figure><img loading=\"lazy\" decoding=\"async\" width=\"800\" height=\"533\" alt=\"\" class=\"wp-block-jetpack-slideshow_image wp-image-120725\" data-id=\"120725\" src=\"https:\/\/www.hoymercedes.com.ar\/principal\/wp-content\/uploads\/2020\/11\/IMG_20201124_103512795_HDR.jpg\" srcset=\"https:\/\/www.hoymercedes.com.ar\/principal\/wp-content\/uploads\/2020\/11\/IMG_20201124_103512795_HDR.jpg 800w, https:\/\/www.hoymercedes.com.ar\/principal\/wp-content\/uploads\/2020\/11\/IMG_20201124_103512795_HDR-630x420.jpg 630w, https:\/\/www.hoymercedes.com.ar\/principal\/wp-content\/uploads\/2020\/11\/IMG_20201124_103512795_HDR-150x100.jpg 150w, https:\/\/www.hoymercedes.com.ar\/principal\/wp-content\/uploads\/2020\/11\/IMG_20201124_103512795_HDR-700x465.jpg 700w\" sizes=\"(max-width: 800px) 100vw, 800px\" \/><\/figure><\/li><li class=\"wp-block-jetpack-slideshow_slide swiper-slide\"><figure><img loading=\"lazy\" decoding=\"async\" width=\"800\" height=\"533\" alt=\"\" class=\"wp-block-jetpack-slideshow_image wp-image-120726\" data-id=\"120726\" src=\"https:\/\/www.hoymercedes.com.ar\/principal\/wp-content\/uploads\/2020\/11\/IMG_20201124_104624234.jpg\" srcset=\"https:\/\/www.hoymercedes.com.ar\/principal\/wp-content\/uploads\/2020\/11\/IMG_20201124_104624234.jpg 800w, https:\/\/www.hoymercedes.com.ar\/principal\/wp-content\/uploads\/2020\/11\/IMG_20201124_104624234-630x420.jpg 630w, https:\/\/www.hoymercedes.com.ar\/principal\/wp-content\/uploads\/2020\/11\/IMG_20201124_104624234-150x100.jpg 150w, https:\/\/www.hoymercedes.com.ar\/principal\/wp-content\/uploads\/2020\/11\/IMG_20201124_104624234-700x465.jpg 700w\" sizes=\"(max-width: 800px) 100vw, 800px\" \/><\/figure><\/li><li class=\"wp-block-jetpack-slideshow_slide swiper-slide\"><figure><img loading=\"lazy\" decoding=\"async\" width=\"800\" height=\"533\" alt=\"\" class=\"wp-block-jetpack-slideshow_image wp-image-120717\" data-id=\"120717\" src=\"https:\/\/www.hoymercedes.com.ar\/principal\/wp-content\/uploads\/2020\/11\/IMG_20201124_104642310.jpg\" srcset=\"https:\/\/www.hoymercedes.com.ar\/principal\/wp-content\/uploads\/2020\/11\/IMG_20201124_104642310.jpg 800w, https:\/\/www.hoymercedes.com.ar\/principal\/wp-content\/uploads\/2020\/11\/IMG_20201124_104642310-630x420.jpg 630w, https:\/\/www.hoymercedes.com.ar\/principal\/wp-content\/uploads\/2020\/11\/IMG_20201124_104642310-150x100.jpg 150w, https:\/\/www.hoymercedes.com.ar\/principal\/wp-content\/uploads\/2020\/11\/IMG_20201124_104642310-700x465.jpg 700w\" sizes=\"(max-width: 800px) 100vw, 800px\" \/><\/figure><\/li><li class=\"wp-block-jetpack-slideshow_slide swiper-slide\"><figure><img loading=\"lazy\" decoding=\"async\" width=\"800\" height=\"533\" alt=\"\" class=\"wp-block-jetpack-slideshow_image wp-image-120714\" data-id=\"120714\" src=\"https:\/\/www.hoymercedes.com.ar\/principal\/wp-content\/uploads\/2020\/11\/Foto-Inauguracion-Mercedes3.jpg\" srcset=\"https:\/\/www.hoymercedes.com.ar\/principal\/wp-content\/uploads\/2020\/11\/Foto-Inauguracion-Mercedes3.jpg 800w, https:\/\/www.hoymercedes.com.ar\/principal\/wp-content\/uploads\/2020\/11\/Foto-Inauguracion-Mercedes3-630x420.jpg 630w, https:\/\/www.hoymercedes.com.ar\/principal\/wp-content\/uploads\/2020\/11\/Foto-Inauguracion-Mercedes3-150x100.jpg 150w, https:\/\/www.hoymercedes.com.ar\/principal\/wp-content\/uploads\/2020\/11\/Foto-Inauguracion-Mercedes3-700x465.jpg 700w\" sizes=\"(max-width: 800px) 100vw, 800px\" \/><\/figure><\/li><\/ul><a class=\"wp-block-jetpack-slideshow_button-prev swiper-button-prev swiper-button-white\" role=\"button\"><\/a><a class=\"wp-block-jetpack-slideshow_button-next swiper-button-next swiper-button-white\" role=\"button\"><\/a><a aria-label=\"Pause Slideshow\" class=\"wp-block-jetpack-slideshow_button-pause\" role=\"button\"><\/a><div class=\"wp-block-jetpack-slideshow_pagination swiper-pagination swiper-pagination-white\"><\/div><\/div><\/div>\n","protected":false},"excerpt":{"rendered":"<p>La empresa Naturgy, que presta el servicio de gas natural en el partido de Mercedes, inaugur\u00f3 y puso en servicio &#8230; <a title=\"Empresa de gas inaugur\u00f3 obra para el sistema de alta presi\u00f3n\" class=\"read-more\" href=\"https:\/\/www.hoymercedes.com.ar\/principal\/2020\/11\/24\/empresa-de-gas-inauguro-obra-para-el-sistema-de-alta-presion\/\" aria-label=\"Leer m\u00e1s sobre Empresa de gas inaugur\u00f3 obra para el sistema de alta presi\u00f3n\">Leer m\u00e1s<\/a><\/p>\n","protected":false},"author":5,"featured_media":120713,"comment_status":"closed","ping_status":"open","sticky":false,"template":"","format":"standard","meta":{"_monsterinsights_skip_tracking":false,"_monsterinsights_sitenote_active":false,"_monsterinsights_sitenote_note":"","_monsterinsights_sitenote_category":0,"jetpack_post_was_ever_published":false,"_jetpack_newsletter_access":"","_jetpack_dont_email_post_to_subs":false,"_jetpack_newsletter_tier_id":0,"_jetpack_memberships_contains_paywalled_content":false,"_jetpack_memberships_contains_paid_content":false,"footnotes":"","jetpack_publicize_message":"","jetpack_publicize_feature_enabled":true,"jetpack_social_post_already_shared":true,"jetpack_social_options":{"image_generator_settings":{"template":"highway","default_image_id":0,"font":"","enabled":false},"version":2},"_wpas_customize_per_network":false},"categories":[16777],"tags":[11647,1106,17306,17307],"class_list":["post-120710","post","type-post","status-publish","format-standard","has-post-thumbnail","hentry","category-economia","tag-empresa","tag-gas-natural","tag-naturgy-ban","tag-sector-industrial","generate-columns","tablet-grid-50","mobile-grid-100","grid-parent","grid-50"],"jetpack_publicize_connections":[],"jetpack_featured_media_url":"https:\/\/www.hoymercedes.com.ar\/principal\/wp-content\/uploads\/2020\/11\/WhatsApp-Image-2020-11-24-at-10.44.23.jpeg","wps_subtitle":"En la ma\u00f1ana del martes","jetpack_sharing_enabled":true,"_links":{"self":[{"href":"https:\/\/www.hoymercedes.com.ar\/principal\/wp-json\/wp\/v2\/posts\/120710","targetHints":{"allow":["GET"]}}],"collection":[{"href":"https:\/\/www.hoymercedes.com.ar\/principal\/wp-json\/wp\/v2\/posts"}],"about":[{"href":"https:\/\/www.hoymercedes.com.ar\/principal\/wp-json\/wp\/v2\/types\/post"}],"author":[{"embeddable":true,"href":"https:\/\/www.hoymercedes.com.ar\/principal\/wp-json\/wp\/v2\/users\/5"}],"replies":[{"embeddable":true,"href":"https:\/\/www.hoymercedes.com.ar\/principal\/wp-json\/wp\/v2\/comments?post=120710"}],"version-history":[{"count":0,"href":"https:\/\/www.hoymercedes.com.ar\/principal\/wp-json\/wp\/v2\/posts\/120710\/revisions"}],"wp:featuredmedia":[{"embeddable":true,"href":"https:\/\/www.hoymercedes.com.ar\/principal\/wp-json\/wp\/v2\/media\/120713"}],"wp:attachment":[{"href":"https:\/\/www.hoymercedes.com.ar\/principal\/wp-json\/wp\/v2\/media?parent=120710"}],"wp:term":[{"taxonomy":"category","embeddable":true,"href":"https:\/\/www.hoymercedes.com.ar\/principal\/wp-json\/wp\/v2\/categories?post=120710"},{"taxonomy":"post_tag","embeddable":true,"href":"https:\/\/www.hoymercedes.com.ar\/principal\/wp-json\/wp\/v2\/tags?post=120710"}],"curies":[{"name":"wp","href":"https:\/\/api.w.org\/{rel}","templated":true}]}}