{"id":120728,"date":"2020-11-24T17:20:04","date_gmt":"2020-11-24T20:20:04","guid":{"rendered":"http:\/\/www.hoymercedes.com.ar\/principal\/?p=120728"},"modified":"2020-11-24T17:17:18","modified_gmt":"2020-11-24T20:17:18","slug":"fallecio-joven-tras-siniestro-vial","status":"publish","type":"post","link":"https:\/\/www.hoymercedes.com.ar\/principal\/2020\/11\/24\/fallecio-joven-tras-siniestro-vial\/","title":{"rendered":"Falleci\u00f3 joven tras siniestro vial"},"content":{"rendered":"\n<p><strong><em>Se trata de Pablo Agustin Zunino, de 34 a\u00f1os. El hecho se hab\u00eda registrado en la esquina de 12 y 45, el pasado 8 de noviembre. <\/em><\/strong><\/p>\n\n\n\n<hr class=\"wp-block-separator is-style-wide\"\/>\n\n\n\n<p>Tras permanecer varios d\u00edas en estado delicado producto de un accidente de tr\u00e1nsito, en la jornada de hoy falleci\u00f3&nbsp;<strong>Pablo Agust\u00edn Zunino<\/strong>, de 34 a\u00f1os de edad.<\/p>\n\n\n\n<p>El \u00faltimo 8 de noviembre se vio involucrado en un accidente de tr\u00e1nsito ocurrido en la intersecci\u00f3n de calles 12 y 45. En esa jornada, Zunino transitaba por calle 45 y al llegar a la mencionada esquina es colisionado por una Pick Up Volkswagen, conducida por un vecino de apellido Carrizo, tambi\u00e9n domiciliado en nuestro medio.<\/p>\n\n\n\n<p>Producto del impacto, Zunino debi\u00f3 ser trasladado a un centro de atenci\u00f3n donde permaneci\u00f3 internado hasta esta jornada cuando falleci\u00f3.<\/p>\n\n\n\n<p>En las redes sociales, muchos de sus amigos lo despiden con mucho dolor, y con un gran recuerdo suyo.<\/p>\n\n\n\n<p>En el caso tom\u00f3 intervenci\u00f3n la Unidad Fiscal de Instrucci\u00f3n 6 del Departamento Judicial Mercedes, que ahora recaratul\u00f3 la causa como homicidio culposo.<\/p>\n\n\n\n<p>Colaboraci\u00f3n: Esteban Marcelo de Protagonistas. <\/p>\n","protected":false},"excerpt":{"rendered":"<p>Se trata de Pablo Agustin Zunino, de 34 a\u00f1os. El hecho se hab\u00eda registrado en la esquina de 12 y &#8230; <a title=\"Falleci\u00f3 joven tras siniestro vial\" class=\"read-more\" href=\"https:\/\/www.hoymercedes.com.ar\/principal\/2020\/11\/24\/fallecio-joven-tras-siniestro-vial\/\" aria-label=\"Leer m\u00e1s sobre Falleci\u00f3 joven tras siniestro vial\">Leer m\u00e1s<\/a><\/p>\n","protected":false},"author":5,"featured_media":120733,"comment_status":"closed","ping_status":"open","sticky":false,"template":"","format":"standard","meta":{"_monsterinsights_skip_tracking":false,"_monsterinsights_sitenote_active":false,"_monsterinsights_sitenote_note":"","_monsterinsights_sitenote_category":0,"jetpack_post_was_ever_published":false,"_jetpack_newsletter_access":"","_jetpack_dont_email_post_to_subs":false,"_jetpack_newsletter_tier_id":0,"_jetpack_memberships_contains_paywalled_content":false,"_jetpack_memberships_contains_paid_content":false,"footnotes":"","jetpack_publicize_message":"","jetpack_publicize_feature_enabled":true,"jetpack_social_post_already_shared":true,"jetpack_social_options":{"image_generator_settings":{"template":"highway","default_image_id":0,"font":"","enabled":false},"version":2},"_wpas_customize_per_network":false},"categories":[85],"tags":[8777,11605,96,10395],"class_list":["post-120728","post","type-post","status-publish","format-standard","has-post-thumbnail","hentry","category-policial","tag-fallecimiento","tag-joven","tag-policial-2","tag-siniestro-vial","generate-columns","tablet-grid-50","mobile-grid-100","grid-parent","grid-50"],"jetpack_publicize_connections":[],"jetpack_featured_media_url":"https:\/\/www.hoymercedes.com.ar\/principal\/wp-content\/uploads\/2020\/11\/24-siniestro-vial.jpg","wps_subtitle":"El 8 de noviembre ocurri\u00f3 el hecho","jetpack_sharing_enabled":true,"_links":{"self":[{"href":"https:\/\/www.hoymercedes.com.ar\/principal\/wp-json\/wp\/v2\/posts\/120728","targetHints":{"allow":["GET"]}}],"collection":[{"href":"https:\/\/www.hoymercedes.com.ar\/principal\/wp-json\/wp\/v2\/posts"}],"about":[{"href":"https:\/\/www.hoymercedes.com.ar\/principal\/wp-json\/wp\/v2\/types\/post"}],"author":[{"embeddable":true,"href":"https:\/\/www.hoymercedes.com.ar\/principal\/wp-json\/wp\/v2\/users\/5"}],"replies":[{"embeddable":true,"href":"https:\/\/www.hoymercedes.com.ar\/principal\/wp-json\/wp\/v2\/comments?post=120728"}],"version-history":[{"count":0,"href":"https:\/\/www.hoymercedes.com.ar\/principal\/wp-json\/wp\/v2\/posts\/120728\/revisions"}],"wp:featuredmedia":[{"embeddable":true,"href":"https:\/\/www.hoymercedes.com.ar\/principal\/wp-json\/wp\/v2\/media\/120733"}],"wp:attachment":[{"href":"https:\/\/www.hoymercedes.com.ar\/principal\/wp-json\/wp\/v2\/media?parent=120728"}],"wp:term":[{"taxonomy":"category","embeddable":true,"href":"https:\/\/www.hoymercedes.com.ar\/principal\/wp-json\/wp\/v2\/categories?post=120728"},{"taxonomy":"post_tag","embeddable":true,"href":"https:\/\/www.hoymercedes.com.ar\/principal\/wp-json\/wp\/v2\/tags?post=120728"}],"curies":[{"name":"wp","href":"https:\/\/api.w.org\/{rel}","templated":true}]}}